{"id":24812,"date":"2025-12-11T22:41:48","date_gmt":"2025-12-11T19:41:48","guid":{"rendered":"https:\/\/basta2.com\/?p=24812"},"modified":"2025-12-11T22:41:48","modified_gmt":"2025-12-11T19:41:48","slug":"bolqaristan-hokum%c9%99ti-olk%c9%99d%c9%99ki-etirazlar-fonunda-istefa-verdi","status":"publish","type":"post","link":"https:\/\/basta2.com\/?p=24812","title":{"rendered":"Bolqar\u0131stan h\u00f6kum\u0259ti \u00f6lk\u0259d\u0259ki etirazlar fonunda istefa verdi"},"content":{"rendered":"<p>&nbsp;<\/p>\n<p>Bolqar\u0131stan\u0131n ba\u015f naziri Rosen Jelyazkov onun r\u0259hb\u0259rlik etdiyi Nazirl\u0259r Kabinetinin istefas\u0131 bar\u0259d\u0259 b\u0259yanat verib. Jelyazkovun kabineti yeni h\u00f6kum\u0259t formala\u015fana q\u0259d\u0259r \u00f6z funksiyalar\u0131n\u0131 yerin\u0259 yetirm\u0259y\u0259 davam ed\u0259c\u0259k. <strong>Bulgarian News Agency<\/strong> v\u0259 <strong>Nova<\/strong> yaz\u0131r ki, istefa \u00f6lk\u0259d\u0259ki k\u00fctl\u0259vi etirazlar\u0131n fonunda ba\u015f verib.<\/p>\n<p>Etirazlar \u0259vv\u0259lc\u0259 2026-c\u0131 ilin b\u00fcdc\u0259 layih\u0259sin\u0259 etiraz kimi ba\u015flam\u0131\u015fd\u0131. H<\/p>\n<p>&nbsp;<\/p>\n<p>\u0259min layih\u0259d\u0259 \u00f6z\u0259l sektor \u00fc\u00e7\u00fcn vergil\u0259rin art\u0131r\u0131lmas\u0131, m\u0259murlar\u0131n maa\u015flar\u0131n\u0131n y\u00fcks\u0259ldilm\u0259si v\u0259 d\u00f6vl\u0259t x\u0259rcl\u0259rinin geni\u015fl\u0259ndirilm\u0259si n\u0259z\u0259rd\u0259 tutulurdu. Daha sonra naraz\u0131l\u0131q h\u00f6kum\u0259tin tam istefas\u0131 v\u0259 siyasi sistemin yenid\u0259n qurulmas\u0131 t\u0259l\u0259bin\u0259 \u00e7evrilib.<\/p>\n<p>Ba\u015f nazir istefa m\u00fcraci\u0259tini parlament h\u00f6kum\u0259t\u0259 qar\u015f\u0131 m\u00fcxalif\u0259t t\u0259r\u0259find\u0259n t\u0259qdim olunmu\u015f n\u00f6vb\u0259ti etimads\u0131zl\u0131q s\u0259sverm\u0259sin\u0259 haz\u0131rla\u015fd\u0131\u011f\u0131 vaxt a\u00e7\u0131qlay\u0131b. Jelyazkovun s\u00f6zl\u0259rin\u0259 g\u00f6r\u0259, h\u00f6kum\u0259t Milli M\u0259clisin d\u0259st\u0259yin\u0259 \u015f\u00fcbh\u0259 etmirdi, lakin \u201cc\u0259miyy\u0259tin g\u00f6zl\u0259ntil\u0259rin\u0259 uy\u011fun davranma\u011fa\u201d q\u0259rar verib.<\/p>\n","protected":false},"excerpt":{"rendered":"<p>&nbsp; Bolqar\u0131stan\u0131n ba\u015f naziri Rosen Jelyazkov onun r\u0259hb\u0259rlik etdiyi Nazirl\u0259r Kabinetinin istefas\u0131 bar\u0259d\u0259 b\u0259yanat verib. Jelyazkovun kabineti yeni h\u00f6kum\u0259t formala\u015fana<\/p>\n","protected":false},"author":1,"featured_media":24813,"comment_status":"closed","ping_status":"closed","sticky":false,"template":"","format":"standard","meta":{"_jetpack_memberships_contains_paid_content":false,"footnotes":""},"categories":[32,29],"tags":[],"class_list":["post-24812","post","type-post","status-publish","format-standard","has-post-thumbnail","hentry","category-dunya","category-manset"],"aioseo_notices":[],"jetpack_featured_media_url":"https:\/\/basta2.com\/wp-content\/uploads\/2025\/12\/Screenshot_2025-12-11-23-37-46-409_org.telegram.messenger-edit.jpg","jetpack_sharing_enabled":true,"_links":{"self":[{"href":"https:\/\/basta2.com\/index.php?rest_route=\/wp\/v2\/posts\/24812","targetHints":{"allow":["GET"]}}],"collection":[{"href":"https:\/\/basta2.com\/index.php?rest_route=\/wp\/v2\/posts"}],"about":[{"href":"https:\/\/basta2.com\/index.php?rest_route=\/wp\/v2\/types\/post"}],"author":[{"embeddable":true,"href":"https:\/\/basta2.com\/index.php?rest_route=\/wp\/v2\/users\/1"}],"replies":[{"embeddable":true,"href":"https:\/\/basta2.com\/index.php?rest_route=%2Fwp%2Fv2%2Fcomments&post=24812"}],"version-history":[{"count":1,"href":"https:\/\/basta2.com\/index.php?rest_route=\/wp\/v2\/posts\/24812\/revisions"}],"predecessor-version":[{"id":24814,"href":"https:\/\/basta2.com\/index.php?rest_route=\/wp\/v2\/posts\/24812\/revisions\/24814"}],"wp:featuredmedia":[{"embeddable":true,"href":"https:\/\/basta2.com\/index.php?rest_route=\/wp\/v2\/media\/24813"}],"wp:attachment":[{"href":"https:\/\/basta2.com\/index.php?rest_route=%2Fwp%2Fv2%2Fmedia&parent=24812"}],"wp:term":[{"taxonomy":"category","embeddable":true,"href":"https:\/\/basta2.com\/index.php?rest_route=%2Fwp%2Fv2%2Fcategories&post=24812"},{"taxonomy":"post_tag","embeddable":true,"href":"https:\/\/basta2.com\/index.php?rest_route=%2Fwp%2Fv2%2Ftags&post=24812"}],"curies":[{"name":"wp","href":"https:\/\/api.w.org\/{rel}","templated":true}]}}