{"id":24987,"date":"2026-01-26T11:05:39","date_gmt":"2026-01-26T08:05:39","guid":{"rendered":"https:\/\/basta2.com\/?p=24987"},"modified":"2026-01-26T11:07:57","modified_gmt":"2026-01-26T08:07:57","slug":"az%c9%99rbaycan-dunyada-%c9%99n-cox-jurnalist-h%c9%99bs-ed%c9%99nl%c9%99rd%c9%99ndir","status":"publish","type":"post","link":"https:\/\/basta2.com\/?p=24987","title":{"rendered":"Az\u0259rbaycan d\u00fcnyada \u0259n \u00e7ox jurnalist h\u0259bs ed\u0259n \u00f6lk\u0259l\u0259rd\u0259ndir"},"content":{"rendered":"<div class=\"css-1k9op6x e17x9cvu0\" dir=\"ltr\">\n<p class=\"css-nxvw4b e1yuyadm0\" dir=\"ltr\">Az\u0259rbaycan 2007-ci ild\u0259n b\u0259ri ilk d\u0259f\u0259 &#8220;\u018fn \u00e7ox jurnalist h\u0259bs ed\u0259n \u00f6lk\u0259l\u0259r siyah\u0131s\u0131&#8221;na daxil olub.<\/p>\n<\/div>\n<div class=\"css-1k9op6x e17x9cvu0\" dir=\"ltr\">\n<p class=\"css-nxvw4b e1yuyadm0\" dir=\"ltr\">New York-da m\u0259nzill\u0259n\u0259n Jurnalistl\u0259ri M\u00fcdafi\u0259 Komit\u0259sinin 2025-ci il hesabat\u0131nda deyilir.<\/p>\n<\/div>\n<div class=\"css-1k9op6x e17x9cvu0\" dir=\"ltr\">\n<p class=\"css-nxvw4b e1yuyadm0\" dir=\"ltr\">Siyah\u0131 \u00fczr\u0259 10 \u00f6lk\u0259 aras\u0131nda Az\u0259rbaycan 6-c\u0131 yerd\u0259dir. Siyah\u0131da ba\u015fqa he\u00e7 bir C\u0259nubi Qafqaz \u00f6lk\u0259si yoxdur.<\/p>\n<\/div>\n<div class=\"css-1k9op6x e17x9cvu0\" dir=\"ltr\">\n<p class=\"css-nxvw4b e1yuyadm0\" dir=\"ltr\">\u0130lk yerd\u0259 \u00c7in g\u0259lir. Az\u0259rbaycan\u0131n yax\u015f\u0131 siyasi \u0259laq\u0259l\u0259ri olan \u0130srail, Rusiya v\u0259 Belarus da &#8220;\u0259n \u00e7ox jurnalist h\u0259bs ed\u0259n \u00f6lk\u0259l\u0259r&#8221;in onlu\u011fundad\u0131rlar.<\/p>\n<\/div>\n<div class=\"css-1k9op6x e17x9cvu0\" dir=\"ltr\">\n<p class=\"css-nxvw4b e1yuyadm0\" dir=\"ltr\">Az\u0259rbaycan r\u0259smil\u0259ri bu hesabata h\u0259l\u0259lik cavab verm\u0259yib. Amma hakimiyy\u0259t tez-tez bildirir ki, \u00f6lk\u0259d\u0259 m\u0259tbuat azadd\u0131r, jurnalisl\u0259rin h\u0259bsi is\u0259 qanun pozuntular\u0131 il\u0259 ba\u011fl\u0131d\u0131r.<\/p>\n<p dir=\"ltr\">BBC<\/p>\n<\/div>\n","protected":false},"excerpt":{"rendered":"<p>Az\u0259rbaycan 2007-ci ild\u0259n b\u0259ri ilk d\u0259f\u0259 &#8220;\u018fn \u00e7ox jurnalist h\u0259bs ed\u0259n \u00f6lk\u0259l\u0259r siyah\u0131s\u0131&#8221;na daxil olub. New York-da m\u0259nzill\u0259n\u0259n Jurnalistl\u0259ri M\u00fcdafi\u0259<\/p>\n","protected":false},"author":1,"featured_media":24988,"comment_status":"closed","ping_status":"closed","sticky":false,"template":"","format":"standard","meta":{"_jetpack_memberships_contains_paid_content":false,"footnotes":""},"categories":[30,29],"tags":[],"class_list":["post-24987","post","type-post","status-publish","format-standard","has-post-thumbnail","hentry","category-gundm","category-manset"],"aioseo_notices":[],"jetpack_featured_media_url":"https:\/\/basta2.com\/wp-content\/uploads\/2026\/01\/Screenshot_2026-01-26-12-03-56-344_com.android.chrome-edit.jpg","jetpack_sharing_enabled":true,"_links":{"self":[{"href":"https:\/\/basta2.com\/index.php?rest_route=\/wp\/v2\/posts\/24987","targetHints":{"allow":["GET"]}}],"collection":[{"href":"https:\/\/basta2.com\/index.php?rest_route=\/wp\/v2\/posts"}],"about":[{"href":"https:\/\/basta2.com\/index.php?rest_route=\/wp\/v2\/types\/post"}],"author":[{"embeddable":true,"href":"https:\/\/basta2.com\/index.php?rest_route=\/wp\/v2\/users\/1"}],"replies":[{"embeddable":true,"href":"https:\/\/basta2.com\/index.php?rest_route=%2Fwp%2Fv2%2Fcomments&post=24987"}],"version-history":[{"count":2,"href":"https:\/\/basta2.com\/index.php?rest_route=\/wp\/v2\/posts\/24987\/revisions"}],"predecessor-version":[{"id":24990,"href":"https:\/\/basta2.com\/index.php?rest_route=\/wp\/v2\/posts\/24987\/revisions\/24990"}],"wp:featuredmedia":[{"embeddable":true,"href":"https:\/\/basta2.com\/index.php?rest_route=\/wp\/v2\/media\/24988"}],"wp:attachment":[{"href":"https:\/\/basta2.com\/index.php?rest_route=%2Fwp%2Fv2%2Fmedia&parent=24987"}],"wp:term":[{"taxonomy":"category","embeddable":true,"href":"https:\/\/basta2.com\/index.php?rest_route=%2Fwp%2Fv2%2Fcategories&post=24987"},{"taxonomy":"post_tag","embeddable":true,"href":"https:\/\/basta2.com\/index.php?rest_route=%2Fwp%2Fv2%2Ftags&post=24987"}],"curies":[{"name":"wp","href":"https:\/\/api.w.org\/{rel}","templated":true}]}}