{"id":24992,"date":"2026-01-26T16:30:12","date_gmt":"2026-01-26T13:30:12","guid":{"rendered":"https:\/\/basta2.com\/?p=24992"},"modified":"2026-01-26T16:30:12","modified_gmt":"2026-01-26T13:30:12","slug":"musavat-divaninin-gund%c9%99liyi-83","status":"publish","type":"post","link":"https:\/\/basta2.com\/?p=24992","title":{"rendered":"M\u00fcsavat Divan\u0131n\u0131n g\u00fcnd\u0259liyi"},"content":{"rendered":"<p>Yanvar\u0131n 26-da M\u00fcsavat Partiyas\u0131 Divan\u0131n\u0131n n\u00f6vb\u0259ti iclas\u0131 ke\u00e7irilib.<\/p>\n<p>\u0130clasda \u0259vv\u0259lc\u0259 g\u00f6r\u00fcl\u0259n i\u015fl\u0259r v\u0259 ke\u00e7iril\u0259n t\u0259dbirl\u0259r bar\u0259d\u0259 m\u0259lumat dinl\u0259nilib.<br \/>\nM\u00fcsavat Partiyas\u0131 \u00fczvl\u0259rinin Bak\u0131, Sumqay\u0131t v\u0259 \u015e\u0259ki \u015f\u0259h\u0259rl\u0259rind\u0259, el\u0259c\u0259 d\u0259\u00a0 C\u0259lilabad, Bil\u0259suvar, A\u011fsu, Zaqatala\u00a0 v\u0259 Neft\u00e7ala rayonlar\u0131nda \u015e\u0259hidl\u0259r Xiyaban\u0131n\u0131 ziyar\u0259t etm\u0259si m\u00fcsb\u0259t qiym\u0259tl\u0259ndirilib.<\/p>\n<p>Yanvar\u0131n 31-d\u0259 saat 12:00-da Az\u0259rbaycan Xalq C\u00fcmhuriyy\u0259tinin banisi M\u0259h\u0259mm\u0259d \u018fmin R\u0259sulzad\u0259nin anadan olmas\u0131n\u0131n 142-ci ild\u00f6n\u00fcm\u00fc il\u0259 \u0259laq\u0259dar onun Novxan\u0131 k\u0259ndind\u0259ki abid\u0259si \u00f6n\u00fcnd\u0259 an\u0131m t\u0259dbirinin ke\u00e7irilm\u0259si bar\u0259d\u0259 q\u0259rar q\u0259bul olunub. H\u0259min t\u0259dbir\u0259 haz\u0131rl\u0131qla ba\u011fl\u0131 m\u00fc\u0259yy\u0259n tap\u015f\u0131r\u0131qlar verilib.<\/p>\n<p>Siyasi m\u0259hbuslar\u0131n m\u0259hk\u0259m\u0259 prosesl\u0259ri bar\u0259d\u0259 m\u0259lumat dinl\u0259nilib.<\/p>\n<p>Beyn\u0259lxalq Jurnalistl\u0259ri M\u00fcdafi\u0259 Komit\u0259sinin 2025-ci il\u0259 dair \u00f6t\u0259n h\u0259ft\u0259 a\u00e7\u0131qlanan hesabat\u0131nda Az\u0259rbaycan 2007-ci ild\u0259n b\u0259ri ilk d\u0259f\u0259 \u201c\u018fn \u00e7ox jurnalist h\u0259bs ed\u0259n \u00f6lk\u0259l\u0259r siyah\u0131s\u0131\u201dna daxil olub. Divan \u0259sass\u0131z olaraq h\u0259bs edil\u0259n jurnalistl\u0259rin azad olunmas\u0131n\u0131 bir daha t\u0259l\u0259b edib.<\/p>\n<p>D\u00fcnyada v\u0259 regionda ged\u0259n prosesl\u0259r \u0259traf\u0131nda fikir m\u00fcbadil\u0259si apar\u0131l\u0131b.<\/p>\n<p>Sonda cari m\u0259s\u0259l\u0259l\u0259r m\u00fczakir\u0259 edilib.<\/p>\n","protected":false},"excerpt":{"rendered":"<p>Yanvar\u0131n 26-da M\u00fcsavat Partiyas\u0131 Divan\u0131n\u0131n n\u00f6vb\u0259ti iclas\u0131 ke\u00e7irilib. \u0130clasda \u0259vv\u0259lc\u0259 g\u00f6r\u00fcl\u0259n i\u015fl\u0259r v\u0259 ke\u00e7iril\u0259n t\u0259dbirl\u0259r bar\u0259d\u0259 m\u0259lumat dinl\u0259nilib. M\u00fcsavat Partiyas\u0131<\/p>\n","protected":false},"author":1,"featured_media":24921,"comment_status":"closed","ping_status":"closed","sticky":false,"template":"","format":"standard","meta":{"_jetpack_memberships_contains_paid_content":false,"footnotes":""},"categories":[29,36],"tags":[],"class_list":["post-24992","post","type-post","status-publish","format-standard","has-post-thumbnail","hentry","category-manset","category-siyast"],"aioseo_notices":[],"jetpack_featured_media_url":"https:\/\/basta2.com\/wp-content\/uploads\/2026\/01\/Musavat-loqo-1-3-3.jpg","jetpack_sharing_enabled":true,"_links":{"self":[{"href":"https:\/\/basta2.com\/index.php?rest_route=\/wp\/v2\/posts\/24992","targetHints":{"allow":["GET"]}}],"collection":[{"href":"https:\/\/basta2.com\/index.php?rest_route=\/wp\/v2\/posts"}],"about":[{"href":"https:\/\/basta2.com\/index.php?rest_route=\/wp\/v2\/types\/post"}],"author":[{"embeddable":true,"href":"https:\/\/basta2.com\/index.php?rest_route=\/wp\/v2\/users\/1"}],"replies":[{"embeddable":true,"href":"https:\/\/basta2.com\/index.php?rest_route=%2Fwp%2Fv2%2Fcomments&post=24992"}],"version-history":[{"count":1,"href":"https:\/\/basta2.com\/index.php?rest_route=\/wp\/v2\/posts\/24992\/revisions"}],"predecessor-version":[{"id":24993,"href":"https:\/\/basta2.com\/index.php?rest_route=\/wp\/v2\/posts\/24992\/revisions\/24993"}],"wp:featuredmedia":[{"embeddable":true,"href":"https:\/\/basta2.com\/index.php?rest_route=\/wp\/v2\/media\/24921"}],"wp:attachment":[{"href":"https:\/\/basta2.com\/index.php?rest_route=%2Fwp%2Fv2%2Fmedia&parent=24992"}],"wp:term":[{"taxonomy":"category","embeddable":true,"href":"https:\/\/basta2.com\/index.php?rest_route=%2Fwp%2Fv2%2Fcategories&post=24992"},{"taxonomy":"post_tag","embeddable":true,"href":"https:\/\/basta2.com\/index.php?rest_route=%2Fwp%2Fv2%2Ftags&post=24992"}],"curies":[{"name":"wp","href":"https:\/\/api.w.org\/{rel}","templated":true}]}}