{"id":24994,"date":"2026-01-28T10:14:45","date_gmt":"2026-01-28T07:14:45","guid":{"rendered":"https:\/\/basta2.com\/?p=24994"},"modified":"2026-01-28T10:15:00","modified_gmt":"2026-01-28T07:15:00","slug":"24994","status":"publish","type":"post","link":"https:\/\/basta2.com\/?p=24994","title":{"rendered":"Avropa m\u00fcst\u0259qil g\u00fcc m\u0259rk\u0259zin\u0259 \u00e7evrilir"},"content":{"rendered":"<p><span style=\"font-family: 'times new roman', times, serif; font-size: 14pt;\"><strong>Kamran C\u0259f\u0259rov<\/strong><\/span><\/p>\n<p><span style=\"font-family: 'times new roman', times, serif; font-size: 14pt;\">Avropa \u0130ttifaq\u0131 il\u0259 Hindistan aras\u0131nda ba\u015f ver\u0259nl\u0259r sad\u0259c\u0259 diplomatik hadis\u0259 v\u0259 ya n\u00f6vb\u0259ti ticar\u0259t sazi\u015fi deyil. Bu, Kanadan\u0131n ba\u015f nazirinin Davosda a\u00e7\u0131q \u015f\u0259kild\u0259 etiraf etdiyi &#8220;transatlantik birliyin da\u011f\u0131lmas\u0131&#8221;n\u0131n birba\u015fa n\u0259tic\u0259sidir. AB\u015e sabitliyin v\u0259 m\u00f6vcud d\u00fcnya nizam\u0131n\u0131n \u0259sas qarant\u0131 olmaqdan imtina etdikc\u0259, dig\u0259r g\u00fcc m\u0259rk\u0259zl\u0259ri m\u0259cbur\u0259n m\u00fcst\u0259qil q\u0259rar verm\u0259yi \u00f6yr\u0259nir v\u0259 \u00f6z t\u0259hl\u00fck\u0259sizlik, iqtisadiyyat v\u0259 xarici siyas\u0259t arxitekturas\u0131n\u0131 qurur.<\/span><\/p>\n<p><span style=\"font-family: 'times new roman', times, serif; font-size: 14pt;\">Nyu-Dehlid\u0259 A\u0130 il\u0259 Hindistan aras\u0131nda T\u0259hl\u00fck\u0259sizlik v\u0259 M\u00fcdafi\u0259 Pakt\u0131n\u0131n, el\u0259c\u0259 d\u0259 tarixd\u0259 \u0259n b\u00f6y\u00fck azad ticar\u0259t sazi\u015finin imzalanmas\u0131 m\u0259hz bu prosesin t\u0259rkib hiss\u0259sidir.<\/span><\/p>\n<p><span style=\"font-family: 'times new roman', times, serif; font-size: 14pt;\">Avropa mallar\u0131n\u0131n 96%-\u0259 g\u00f6mr\u00fck r\u00fcsumlar\u0131n l\u0259\u011fvi v\u0259 ya azald\u0131lmas\u0131, Hindistandan idxal olunan mallar\u0131n 99.5%-n\u0259 g\u00f6mr\u00fck r\u00fcsumlar\u0131n\u0131n azald\u0131lmas\u0131, avtomobil v\u0259 \u015f\u0259rab sektorlar\u0131 \u00fc\u00e7\u00fcn x\u00fcsusi ticar\u0259t g\u00fcz\u0259\u015ftl\u0259ri, xidm\u0259t bazar\u0131na \u00e7\u0131x\u0131\u015f v\u0259 s. m\u0259s\u0259l\u0259l\u0259r raz\u0131la\u015fd\u0131r\u0131l\u0131b.<\/span><\/p>\n<p><span style=\"font-family: 'times new roman', times, serif; font-size: 14pt;\">A\u0130 h\u0259m AB\u015e-dan, h\u0259m d\u0259 \u00c7ind\u0259n strateji m\u0259saf\u0259 yarad\u0131r. Hindistan is\u0259 d\u00fcnyan\u0131n \u0259n b\u00f6y\u00fck \u00f6d\u0259m\u0259 qabiliyy\u0259tli olan bazarlar siyah\u0131s\u0131na daxil olur.<\/span><\/p>\n<p><span style=\"font-family: 'times new roman', times, serif; font-size: 14pt;\">Tramp d\u00f6vr\u00fcnd\u0259 AB\u015e-\u0131n m\u00fctt\u0259fiql\u0259rini \u00f6z\u00fcnd\u0259n uzaqla\u015fd\u0131rmas\u0131 Ottavan\u0131 v\u0259 Br\u00fcsseli Hind-Sakit okean regionu il\u0259 birba\u015fa \u0259laq\u0259l\u0259r qurma\u011fa vadar edir.<\/span><\/p>\n<p><span style=\"font-family: 'times new roman', times, serif; font-size: 14pt;\">N\u0259tic\u0259d\u0259 A\u0130-nin kapital v\u0259 texnologiyalar\u0131, Hindistan\u0131n demoqrafiyas\u0131 v\u0259 istehsal g\u00fcc\u00fc, Kanadan\u0131n resurslar\u0131, maliyy\u0259si v\u0259 siyasi sabitliyi \u00fcz\u0259rind\u0259 dayanan n\u0259h\u0259ng, qlobal v\u0259 \u00f6d\u0259m\u0259 qabiliyy\u0259tli bir bazar formala\u015f\u0131r, t\u0259k bir m\u0259rk\u0259zd\u0259n as\u0131l\u0131 olmayan, sanksiyalar v\u0259 tarifl\u0259rl\u0259 \u015fantaj edil\u0259 bilm\u0259y\u0259n.<\/span><\/p>\n<p><span style=\"font-family: 'times new roman', times, serif; font-size: 14pt;\">Tramp Q\u0259rbin birliyini da\u011f\u0131dark\u0259n, Putin resurslar\u0131 m\u00fcharib\u0259 v\u0259 izolyasiyada yand\u0131rark\u0259n, Si is\u0259 idar\u0259 olunan avtoritar sistemin i\u00e7in\u0259 qapanark\u0259n, d\u00fcnya sad\u0259c\u0259 yoluna davam edir: onlars\u0131z, icaz\u0259siz v\u0259 pafossuz.<\/span><\/p>\n","protected":false},"excerpt":{"rendered":"<p>Kamran C\u0259f\u0259rov Avropa \u0130ttifaq\u0131 il\u0259 Hindistan aras\u0131nda ba\u015f ver\u0259nl\u0259r sad\u0259c\u0259 diplomatik hadis\u0259 v\u0259 ya n\u00f6vb\u0259ti ticar\u0259t sazi\u015fi deyil. Bu, Kanadan\u0131n<\/p>\n","protected":false},"author":1,"featured_media":24995,"comment_status":"closed","ping_status":"closed","sticky":false,"template":"","format":"standard","meta":{"_jetpack_memberships_contains_paid_content":false,"footnotes":""},"categories":[32,29],"tags":[],"class_list":["post-24994","post","type-post","status-publish","format-standard","has-post-thumbnail","hentry","category-dunya","category-manset"],"aioseo_notices":[],"jetpack_featured_media_url":"https:\/\/basta2.com\/wp-content\/uploads\/2026\/01\/FB_IMG_1769584444164.jpg","jetpack_sharing_enabled":true,"_links":{"self":[{"href":"https:\/\/basta2.com\/index.php?rest_route=\/wp\/v2\/posts\/24994","targetHints":{"allow":["GET"]}}],"collection":[{"href":"https:\/\/basta2.com\/index.php?rest_route=\/wp\/v2\/posts"}],"about":[{"href":"https:\/\/basta2.com\/index.php?rest_route=\/wp\/v2\/types\/post"}],"author":[{"embeddable":true,"href":"https:\/\/basta2.com\/index.php?rest_route=\/wp\/v2\/users\/1"}],"replies":[{"embeddable":true,"href":"https:\/\/basta2.com\/index.php?rest_route=%2Fwp%2Fv2%2Fcomments&post=24994"}],"version-history":[{"count":2,"href":"https:\/\/basta2.com\/index.php?rest_route=\/wp\/v2\/posts\/24994\/revisions"}],"predecessor-version":[{"id":24997,"href":"https:\/\/basta2.com\/index.php?rest_route=\/wp\/v2\/posts\/24994\/revisions\/24997"}],"wp:featuredmedia":[{"embeddable":true,"href":"https:\/\/basta2.com\/index.php?rest_route=\/wp\/v2\/media\/24995"}],"wp:attachment":[{"href":"https:\/\/basta2.com\/index.php?rest_route=%2Fwp%2Fv2%2Fmedia&parent=24994"}],"wp:term":[{"taxonomy":"category","embeddable":true,"href":"https:\/\/basta2.com\/index.php?rest_route=%2Fwp%2Fv2%2Fcategories&post=24994"},{"taxonomy":"post_tag","embeddable":true,"href":"https:\/\/basta2.com\/index.php?rest_route=%2Fwp%2Fv2%2Ftags&post=24994"}],"curies":[{"name":"wp","href":"https:\/\/api.w.org\/{rel}","templated":true}]}}