{"id":25005,"date":"2026-01-30T16:02:46","date_gmt":"2026-01-30T13:02:46","guid":{"rendered":"https:\/\/basta2.com\/?p=25005"},"modified":"2026-01-30T16:19:46","modified_gmt":"2026-01-30T13:19:46","slug":"s%c9%99msad-aga-h%c9%99bsd%c9%99n-3-gunluk-buraxilsa-da-anasinin-d%c9%99fnin%c9%99-cata-bilm%c9%99di","status":"publish","type":"post","link":"https:\/\/basta2.com\/?p=25005","title":{"rendered":"\u015e\u0259m\u015fad A\u011fa h\u0259bsd\u0259n 3 g\u00fcnl\u00fck burax\u0131lsa da, anas\u0131n\u0131n d\u0259fnin\u0259 \u00e7ata bilm\u0259di"},"content":{"rendered":"<p>Arqument.az sayt\u0131n\u0131n ba\u015f redaktoru, M\u00fcsavat Partiyas\u0131n\u0131n \u00fczv\u00fc \u015e\u0259m\u015fad A\u011fa anas\u0131n\u0131n d\u0259fn m\u0259rasimind\u0259 i\u015ftirak etm\u0259k \u00fc\u00e7\u00fcn 3 g\u00fcn m\u00fcdd\u0259tin\u0259 h\u0259bsd\u0259n azad edilib.<\/p>\n<p>Lakin onun t\u0259cridxanadan burax\u0131lmas\u0131 il\u0259 ba\u011fl\u0131 b\u00fcrokratik prosedurlar uzun \u00e7\u0259kdiyi \u00fc\u00e7\u00fcn jurnalist anas\u0131n\u0131n d\u0259fnin\u0259 yeti\u015f\u0259 bilm\u0259yib.<\/p>\n<p>\u015e\u0259m\u015fad A\u011fa haz\u0131rda Lerik rayonundak\u0131 ata evind\u0259 Pentensiar Xidm\u0259t \u0259m\u0259kda\u015flar\u0131n\u0131n n\u0259zar\u0259tind\u0259dir. O, yenid\u0259n K\u00fcrd\u0259xan\u0131dak\u0131 1 sayl\u0131 Bak\u0131 \u0130stintaq T\u0259cridxanas\u0131na qaytar\u0131lacaq.<\/p>\n<p>Xat\u0131rladaq ki, \u015e\u0259m\u015fad A\u011fa 2025-ci il fevral\u0131n 5-d\u0259 saxlan\u0131l\u0131b. O, &#8220;Meydan TV i\u015fi&#8221; il\u0259 ba\u011fl\u0131 \u015f\u00fcbh\u0259li \u015f\u0259xs kimi tutulub. \u015e\u0259m\u015fad A\u011fa &#8220;qa\u00e7aqmal\u00e7\u0131l\u0131q&#8221; ittiham\u0131 il\u0259 tutulub.<\/p>\n<p>2023-c\u00fc il dekabr\u0131n 6-da &#8220;Meydan TV&#8221;nin ba\u015f redaktoru Aynur Elg\u00fcn\u0259\u015f (Q\u0259nb\u0259rova), sayt\u0131n jurnalistl\u0259ri Aytac Tapd\u0131q (\u018fhm\u0259dova), Natiq Cavadl\u0131, X\u0259yal\u0259 A\u011fayeva, Aysel Umudova, Ramin Deko, media \u0259m\u0259kda\u015f\u0131 \u00dclvi Tahirov h\u0259bs olunub. Dekabr\u0131n 8-d\u0259 X\u0259tai Rayon M\u0259hk\u0259m\u0259si onlar bar\u0259sind\u0259 4 ayl\u0131q h\u0259bs q\u0259timkan t\u0259dbiri se\u00e7ib.<\/p>\n<p>Jurnalistl\u0259r Cinay\u0259t M\u0259c\u0259ll\u0259sinin 206.3.2-ci (qa\u00e7aqmal\u00e7\u0131l\u0131q, \u0259vv\u0259lc\u0259d\u0259n \u0259lbir olan bir qrup \u015f\u0259xs t\u0259r\u0259find\u0259n t\u00f6r\u0259dildikd\u0259) madd\u0259si il\u0259 ittiham olunurlar. H\u00fcquq m\u00fcdafi\u0259 t\u0259\u015fkilatlar\u0131 bu h\u0259bsl\u0259rin siyasi sifari\u015fl\u0259 h\u0259yata ke\u00e7irildiyini bildirir.<\/p>\n<p>\u015e\u0259m\u015fad A\u011fa h\u0259bsd\u0259n 3 g\u00fcnl\u00fck burax\u0131lsa da, anas\u0131n\u0131n d\u0259fnin\u0259 \u00e7ata bilm\u0259di<\/p>\n<p>Arqument.az sayt\u0131n\u0131n ba\u015f redaktoru, M\u00fcsavat Partiyas\u0131n\u0131n \u00fczv\u00fc \u015e\u0259m\u015fad A\u011fa anas\u0131n\u0131n d\u0259fn m\u0259rasimind\u0259 i\u015ftirak etm\u0259k \u00fc\u00e7\u00fcn 3 g\u00fcn m\u00fcdd\u0259tin\u0259 h\u0259bsd\u0259n azad edilib.<\/p>\n<p>Lakin onun t\u0259cridxanadan burax\u0131lmas\u0131 v\u0259 ata evin\u0259 \u00e7atd\u0131r\u0131lmas\u0131 il\u0259 ba\u011fl\u0131 b\u00fcrokratik prosedurlar uzun \u00e7\u0259kdiyi \u00fc\u00e7\u00fcn jurnalist anas\u0131n\u0131n d\u0259fnin\u0259 yeti\u015f\u0259 bilm\u0259yib.<\/p>\n<p>\u015e\u0259m\u015fad A\u011fa haz\u0131rda Lerik rayonundak\u0131 ata evind\u0259 Pentensiar Xidm\u0259t \u0259m\u0259kda\u015flar\u0131n\u0131n n\u0259zar\u0259tind\u0259dir. O, yenid\u0259n K\u00fcrd\u0259xan\u0131dak\u0131 1 sayl\u0131 Bak\u0131 \u0130stintaq T\u0259cridxanas\u0131na qaytar\u0131lacaq.<\/p>\n<p>Xat\u0131rladaq ki, \u015e\u0259m\u015fad A\u011fa 2025-ci il fevral\u0131n 5-d\u0259 saxlan\u0131l\u0131b. O, \u201cMeydan TV i\u015fi\u201d il\u0259 ba\u011fl\u0131 \u015f\u00fcbh\u0259li \u015f\u0259xs kimi \u201cqa\u00e7aqmal\u00e7\u0131l\u0131q\u201d ittiham\u0131 il\u0259 tutulub.<\/p>\n<p>2023-c\u00fc il dekabr\u0131n 6-da \u201cMeydan TV\u201dnin ba\u015f redaktoru Aynur Elg\u00fcn\u0259\u015f (Q\u0259nb\u0259rova), sayt\u0131n jurnalistl\u0259ri Aytac Tapd\u0131q (\u018fhm\u0259dova), Natiq Cavadl\u0131, X\u0259yal\u0259 A\u011fayeva, Aysel Umudova, Ramin Deko, media \u0259m\u0259kda\u015f\u0131 \u00dclvi Tahirov h\u0259bs olunub. Dekabr\u0131n 8-d\u0259 X\u0259tai Rayon M\u0259hk\u0259m\u0259si onlar bar\u0259sind\u0259 4 ayl\u0131q h\u0259bs q\u0259timkan t\u0259dbiri se\u00e7ib.<\/p>\n<p>Jurnalistl\u0259r Cinay\u0259t M\u0259c\u0259ll\u0259sinin 206.3.2-ci (qa\u00e7aqmal\u00e7\u0131l\u0131q, \u0259vv\u0259lc\u0259d\u0259n \u0259lbir olan bir qrup \u015f\u0259xs t\u0259r\u0259find\u0259n t\u00f6r\u0259dildikd\u0259) madd\u0259si il\u0259 ittiham olunurlar. H\u00fcquq m\u00fcdafi\u0259 t\u0259\u015fkilatlar\u0131 bu h\u0259bsl\u0259rin siyasi sifari\u015fl\u0259 h\u0259yata ke\u00e7irildiyini bildirir.<\/p>\n","protected":false},"excerpt":{"rendered":"<p>Arqument.az sayt\u0131n\u0131n ba\u015f redaktoru, M\u00fcsavat Partiyas\u0131n\u0131n \u00fczv\u00fc \u015e\u0259m\u015fad A\u011fa anas\u0131n\u0131n d\u0259fn m\u0259rasimind\u0259 i\u015ftirak etm\u0259k \u00fc\u00e7\u00fcn 3 g\u00fcn m\u00fcdd\u0259tin\u0259 h\u0259bsd\u0259n azad<\/p>\n","protected":false},"author":1,"featured_media":25006,"comment_status":"closed","ping_status":"closed","sticky":false,"template":"","format":"standard","meta":{"_jetpack_memberships_contains_paid_content":false,"footnotes":""},"categories":[30,29],"tags":[],"class_list":["post-25005","post","type-post","status-publish","format-standard","has-post-thumbnail","hentry","category-gundm","category-manset"],"aioseo_notices":[],"jetpack_featured_media_url":"https:\/\/basta2.com\/wp-content\/uploads\/2026\/01\/semsed1-1.jpg","jetpack_sharing_enabled":true,"_links":{"self":[{"href":"https:\/\/basta2.com\/index.php?rest_route=\/wp\/v2\/posts\/25005","targetHints":{"allow":["GET"]}}],"collection":[{"href":"https:\/\/basta2.com\/index.php?rest_route=\/wp\/v2\/posts"}],"about":[{"href":"https:\/\/basta2.com\/index.php?rest_route=\/wp\/v2\/types\/post"}],"author":[{"embeddable":true,"href":"https:\/\/basta2.com\/index.php?rest_route=\/wp\/v2\/users\/1"}],"replies":[{"embeddable":true,"href":"https:\/\/basta2.com\/index.php?rest_route=%2Fwp%2Fv2%2Fcomments&post=25005"}],"version-history":[{"count":3,"href":"https:\/\/basta2.com\/index.php?rest_route=\/wp\/v2\/posts\/25005\/revisions"}],"predecessor-version":[{"id":25009,"href":"https:\/\/basta2.com\/index.php?rest_route=\/wp\/v2\/posts\/25005\/revisions\/25009"}],"wp:featuredmedia":[{"embeddable":true,"href":"https:\/\/basta2.com\/index.php?rest_route=\/wp\/v2\/media\/25006"}],"wp:attachment":[{"href":"https:\/\/basta2.com\/index.php?rest_route=%2Fwp%2Fv2%2Fmedia&parent=25005"}],"wp:term":[{"taxonomy":"category","embeddable":true,"href":"https:\/\/basta2.com\/index.php?rest_route=%2Fwp%2Fv2%2Fcategories&post=25005"},{"taxonomy":"post_tag","embeddable":true,"href":"https:\/\/basta2.com\/index.php?rest_route=%2Fwp%2Fv2%2Ftags&post=25005"}],"curies":[{"name":"wp","href":"https:\/\/api.w.org\/{rel}","templated":true}]}}