{"id":25177,"date":"2026-03-14T14:34:13","date_gmt":"2026-03-14T11:34:13","guid":{"rendered":"https:\/\/basta2.com\/?p=25177"},"modified":"2026-03-14T14:34:13","modified_gmt":"2026-03-14T11:34:13","slug":"hemas-irani-mus%c9%99lman-dovl%c9%99tl%c9%99ri-vurmamaga-cagirdi","status":"publish","type":"post","link":"https:\/\/basta2.com\/?p=25177","title":{"rendered":"H\u018fMAS \u0130ran\u0131 m\u00fcs\u0259lman d\u00f6vl\u0259tl\u0259ri vurmama\u011fa \u00e7a\u011f\u0131rd\u0131"},"content":{"rendered":"<p>&nbsp;<\/p>\n<p><span style=\"font-family: 'times new roman', times, serif; font-size: 14pt;\">F\u0259l\u0259stinin silah qrupla\u015fmas\u0131 olan H\u018fMAS Tehrana nadir hallarda s\u0259sl\u0259n\u0259n bir irad bildir\u0259r\u0259k onu qon\u015fu m\u00fcs\u0259lman d\u00f6vl\u0259tl\u0259rin\u0259 h\u00fccumlar\u0131 dayand\u0131rma\u011fa \u00e7a\u011f\u0131r\u0131b.<\/span><\/p>\n<p><span style=\"font-family: 'times new roman', times, serif; font-size: 14pt;\">\u201cH\u00fccumlara cavab olaraq \u0130ran \u0130slam Respublikas\u0131n\u0131n beyn\u0259lxalq normalar v\u0259 qanunlara uy\u011fun \u015f\u0259kild\u0259 b\u00fct\u00fcn m\u00f6vcud vasit\u0259l\u0259rl\u0259 cavab verm\u0259k h\u00fcququnu t\u0259sdiql\u0259m\u0259kl\u0259 yana\u015f\u0131, h\u0259r\u0259kat \u0130randak\u0131 qarda\u015flar\u0131 qon\u015fu \u00f6lk\u0259l\u0259r\u0259 z\u0259rb\u0259l\u0259r endirm\u0259kd\u0259n \u00e7\u0259kinm\u0259y\u0259 \u00e7a\u011f\u0131r\u0131r\u201d, \u2014 H\u018fMAS-\u0131n b\u0259yanat\u0131nda deyilir.<\/span><\/p>\n<p><span style=\"font-family: 'times new roman', times, serif; font-size: 14pt;\">\u0130ran is\u0259 b\u0259yan edir ki, onun h\u00fccumlar\u0131 K\u00f6rf\u0259z \u00f6lk\u0259l\u0259rinin \u00f6z\u00fcn\u0259 qar\u015f\u0131 deyil, h\u0259min \u00f6lk\u0259l\u0259rin \u0259razisind\u0259 yerl\u0259\u015f\u0259n AB\u015e obyektl\u0259rin\u0259 qar\u015f\u0131 y\u00f6n\u0259lib. Bununla bel\u0259, bir \u00e7ox z\u0259rb\u0259l\u0259r m\u00fclki infrastruktura d\u0259yib.\u00a0<\/span><\/p>\n<p><span style=\"font-family: 'times new roman', times, serif; font-size: 14pt;\">Bundan \u0259vv\u0259l m\u00fcnaqi\u015f\u0259 zaman\u0131 \u0130ran prezidenti M\u0259sud Peze\u015fkian qon\u015fu d\u00f6vl\u0259tl\u0259r\u0259 vurulan \u201cqeyri-ixtiyari ziyana\u201d g\u00f6r\u0259 \u00fczr ist\u0259mi\u015fdi, lakin bel\u0259 z\u0259rb\u0259l\u0259r \u00fczrxahl\u0131qdan sonra da davam edib.<\/span><\/p>\n","protected":false},"excerpt":{"rendered":"<p>&nbsp; F\u0259l\u0259stinin silah qrupla\u015fmas\u0131 olan H\u018fMAS Tehrana nadir hallarda s\u0259sl\u0259n\u0259n bir irad bildir\u0259r\u0259k onu qon\u015fu m\u00fcs\u0259lman d\u00f6vl\u0259tl\u0259rin\u0259 h\u00fccumlar\u0131 dayand\u0131rma\u011fa \u00e7a\u011f\u0131r\u0131b.<\/p>\n","protected":false},"author":1,"featured_media":25178,"comment_status":"closed","ping_status":"closed","sticky":false,"template":"","format":"standard","meta":{"_jetpack_memberships_contains_paid_content":false,"footnotes":""},"categories":[32,29],"tags":[],"class_list":["post-25177","post","type-post","status-publish","format-standard","has-post-thumbnail","hentry","category-dunya","category-manset"],"aioseo_notices":[],"jetpack_featured_media_url":"https:\/\/basta2.com\/wp-content\/uploads\/2026\/03\/Screenshot_2026-03-14-15-24-15-885_com.instagram.android-edit.jpg","jetpack_sharing_enabled":true,"_links":{"self":[{"href":"https:\/\/basta2.com\/index.php?rest_route=\/wp\/v2\/posts\/25177","targetHints":{"allow":["GET"]}}],"collection":[{"href":"https:\/\/basta2.com\/index.php?rest_route=\/wp\/v2\/posts"}],"about":[{"href":"https:\/\/basta2.com\/index.php?rest_route=\/wp\/v2\/types\/post"}],"author":[{"embeddable":true,"href":"https:\/\/basta2.com\/index.php?rest_route=\/wp\/v2\/users\/1"}],"replies":[{"embeddable":true,"href":"https:\/\/basta2.com\/index.php?rest_route=%2Fwp%2Fv2%2Fcomments&post=25177"}],"version-history":[{"count":1,"href":"https:\/\/basta2.com\/index.php?rest_route=\/wp\/v2\/posts\/25177\/revisions"}],"predecessor-version":[{"id":25179,"href":"https:\/\/basta2.com\/index.php?rest_route=\/wp\/v2\/posts\/25177\/revisions\/25179"}],"wp:featuredmedia":[{"embeddable":true,"href":"https:\/\/basta2.com\/index.php?rest_route=\/wp\/v2\/media\/25178"}],"wp:attachment":[{"href":"https:\/\/basta2.com\/index.php?rest_route=%2Fwp%2Fv2%2Fmedia&parent=25177"}],"wp:term":[{"taxonomy":"category","embeddable":true,"href":"https:\/\/basta2.com\/index.php?rest_route=%2Fwp%2Fv2%2Fcategories&post=25177"},{"taxonomy":"post_tag","embeddable":true,"href":"https:\/\/basta2.com\/index.php?rest_route=%2Fwp%2Fv2%2Ftags&post=25177"}],"curies":[{"name":"wp","href":"https:\/\/api.w.org\/{rel}","templated":true}]}}