{"id":25181,"date":"2026-03-14T22:29:32","date_gmt":"2026-03-14T19:29:32","guid":{"rendered":"https:\/\/basta2.com\/?p=25181"},"modified":"2026-03-14T22:30:11","modified_gmt":"2026-03-14T19:30:11","slug":"iranda-abs-v%c9%99-israil%c9%99-xidm%c9%99t-ed%c9%99n-silahli-d%c9%99st%c9%99l%c9%99r-varmis-tehranin-etirafi","status":"publish","type":"post","link":"https:\/\/basta2.com\/?p=25181","title":{"rendered":"\u0130randa &#8220;AB\u015e v\u0259 \u0130srail\u0259 xidm\u0259t ed\u0259n silahl\u0131 d\u0259st\u0259l\u0259r&#8221; varm\u0131\u015f &#8211; Tehran\u0131n etiraf\u0131"},"content":{"rendered":"<p><span style=\"font-family: 'times new roman', times, serif; font-size: 14pt;\">\u0130ran\u0131n bir ne\u00e7\u0259 vilay\u0259tind\u0259 AB\u015e v\u0259 \u0130srailin maraqlar\u0131na xidm\u0259t etm\u0259kd\u0259 g\u00fcnahland\u0131r\u0131lan \u015f\u0259xsl\u0259r z\u0259r\u0259rsizl\u0259\u015fdirilib.<\/span><\/p>\n<p><span style=\"font-family: 'times new roman', times, serif; font-size: 14pt;\">Bu haqda IRNA agentliyi \u0130ran\u0131n K\u0259\u015ffiyyat Nazirliyin\u0259 istinad\u0259n m\u0259lumat yay\u0131b. M\u0259lumatda bildirilir ki, Mazandaran, Xuzistan v\u0259 Xorasan-R\u0259z\u0259vi vilay\u0259tl\u0259rind\u0259 xarici sponsor t\u0259r\u0259find\u0259n d\u0259st\u0259kl\u0259n\u0259n silahl\u0131 muzdlu qruplara qar\u015f\u0131 qabaqlay\u0131c\u0131 \u0259m\u0259liyyatlar ke\u00e7irilib v\u0259 onlar\u0131n \u00f6z\u0259kl\u0259ri da\u011f\u0131d\u0131l\u0131b.<\/span><\/p>\n<p><span style=\"font-family: 'times new roman', times, serif; font-size: 14pt;\">Nazirlik \u015f\u0259nb\u0259 g\u00fcn\u00fc bildirib ki, Mazandaran vilay\u0259tinin sakinl\u0259rind\u0259n daxil olan m\u0259lumat \u0259sas\u0131nda &#8220;AB\u015e-sionist d\u00fc\u015fm\u0259ni&#8221; il\u0259 \u0259laq\u0259li 10 n\u0259f\u0259rlik terror \u015f\u0259b\u0259k\u0259si a\u015fkar edil\u0259r\u0259k h\u0259bs olunub.<\/span><\/p>\n<p><span style=\"font-family: 'times new roman', times, serif; font-size: 14pt;\">M\u0259lumata\u00a0 g\u00f6r\u0259, saxlan\u0131lan muzdlu \u015f\u0259xsl\u0259r daha \u0259vv\u0259l h\u00fcquq-m\u00fchafiz\u0259 orqanlar\u0131na h\u00fccum edibl\u0259r v\u0259 \u0130ran\u0131n \u015fimal\u0131ndak\u0131 \u015f\u0259h\u0259rl\u0259rind\u0259 d\u00f6vl\u0259t \u0259leyhin\u0259 f\u0259aliyy\u0259ti davam etm\u0259k \u00fc\u00e7\u00fcn haz\u0131r v\u0259ziyy\u0259td\u0259 olublar.<\/span><\/p>\n<p><span style=\"font-family: 'times new roman', times, serif; font-size: 14pt;\">M\u0259lumatda h\u0259m\u00e7inin qeyd olunur ki,\u00a0 Xorasan-R\u0259z\u0259vi vilay\u0259tind\u0259 d\u0259 x\u00fcsusi xidm\u0259t orqanlar\u0131n\u0131n \u0259m\u0259liyyat\u0131 n\u0259tic\u0259sind\u0259 AB\u015e-sionist casuslar\u0131ndan ibar\u0259t daha bir 10 n\u0259f\u0259rlik qrup saxlan\u0131l\u0131b.<\/span><\/p>\n<p><span style=\"font-family: 'times new roman', times, serif; font-size: 14pt;\">Bildirilir ki, bu &#8220;d\u00fc\u015fm\u0259n \u00f6z\u0259yinin xarici d\u00fc\u015fm\u0259n medias\u0131 il\u0259 \u0259laq\u0259l\u0259ri olub v\u0259 \u00fczvl\u0259ri h\u0259rbi obyektl\u0259rin, elmi-t\u0259dqiqat m\u0259rk\u0259zl\u0259rinin v\u0259 iqtisadi infrastrukturun yerl\u0259\u015fm\u0259si bar\u0259d\u0259 m\u0259lumatlar\u0131 t\u0259cav\u00fczkar t\u0259r\u0259f\u0259 \u00f6t\u00fcr\u00fcbl\u0259r&#8221;.<\/span><\/p>\n<p><span style=\"font-family: 'times new roman', times, serif; font-size: 14pt;\">B\u0259yanat\u0131n sonunda qeyd olunur ki, Xuzistan vilay\u0259tind\u0259 xarici muzdlu \u015f\u0259xsl\u0259rd\u0259n g\u00f6st\u0259ri\u015f alan \u00fc\u00e7 n\u0259f\u0259rlik terror qrupu da h\u0259bs edilib.<\/span><\/p>\n<p><span style=\"font-family: 'times new roman', times, serif; font-size: 14pt;\">H\u0259min qrup \u015f\u0259h\u0259rd\u0259 qorxu v\u0259 panika yaratmaqda, m\u00fchafiz\u0259\u00e7il\u0259r\u0259 h\u00fccum etm\u0259kd\u0259, h\u0259m\u00e7inin Xuzistan qubernatorlu\u011fu da daxil olmaqla bir ne\u00e7\u0259 d\u00f6vl\u0259t v\u0259 ictimai obyekt\u0259 ziyan vurmaqda ittiham olunur. Onlardan iki avtomat silah v\u0259 bir ne\u00e7\u0259 patron a\u015fkar edilib.<\/span><\/p>\n","protected":false},"excerpt":{"rendered":"<p>\u0130ran\u0131n bir ne\u00e7\u0259 vilay\u0259tind\u0259 AB\u015e v\u0259 \u0130srailin maraqlar\u0131na xidm\u0259t etm\u0259kd\u0259 g\u00fcnahland\u0131r\u0131lan \u015f\u0259xsl\u0259r z\u0259r\u0259rsizl\u0259\u015fdirilib. Bu haqda IRNA agentliyi \u0130ran\u0131n K\u0259\u015ffiyyat Nazirliyin\u0259<\/p>\n","protected":false},"author":1,"featured_media":25183,"comment_status":"closed","ping_status":"closed","sticky":false,"template":"","format":"standard","meta":{"_jetpack_memberships_contains_paid_content":false,"footnotes":""},"categories":[32,29],"tags":[],"class_list":["post-25181","post","type-post","status-publish","format-standard","has-post-thumbnail","hentry","category-dunya","category-manset"],"aioseo_notices":[],"jetpack_featured_media_url":"https:\/\/basta2.com\/wp-content\/uploads\/2026\/03\/Screenshot_2026-03-14-23-18-30-369_com.miui_.mediaviewer-edit.jpg","jetpack_sharing_enabled":true,"_links":{"self":[{"href":"https:\/\/basta2.com\/index.php?rest_route=\/wp\/v2\/posts\/25181","targetHints":{"allow":["GET"]}}],"collection":[{"href":"https:\/\/basta2.com\/index.php?rest_route=\/wp\/v2\/posts"}],"about":[{"href":"https:\/\/basta2.com\/index.php?rest_route=\/wp\/v2\/types\/post"}],"author":[{"embeddable":true,"href":"https:\/\/basta2.com\/index.php?rest_route=\/wp\/v2\/users\/1"}],"replies":[{"embeddable":true,"href":"https:\/\/basta2.com\/index.php?rest_route=%2Fwp%2Fv2%2Fcomments&post=25181"}],"version-history":[{"count":2,"href":"https:\/\/basta2.com\/index.php?rest_route=\/wp\/v2\/posts\/25181\/revisions"}],"predecessor-version":[{"id":25184,"href":"https:\/\/basta2.com\/index.php?rest_route=\/wp\/v2\/posts\/25181\/revisions\/25184"}],"wp:featuredmedia":[{"embeddable":true,"href":"https:\/\/basta2.com\/index.php?rest_route=\/wp\/v2\/media\/25183"}],"wp:attachment":[{"href":"https:\/\/basta2.com\/index.php?rest_route=%2Fwp%2Fv2%2Fmedia&parent=25181"}],"wp:term":[{"taxonomy":"category","embeddable":true,"href":"https:\/\/basta2.com\/index.php?rest_route=%2Fwp%2Fv2%2Fcategories&post=25181"},{"taxonomy":"post_tag","embeddable":true,"href":"https:\/\/basta2.com\/index.php?rest_route=%2Fwp%2Fv2%2Ftags&post=25181"}],"curies":[{"name":"wp","href":"https:\/\/api.w.org\/{rel}","templated":true}]}}