{"id":2520,"date":"2020-10-01T19:34:57","date_gmt":"2020-10-01T16:34:57","guid":{"rendered":"http:\/\/basta2.com\/?p=2520"},"modified":"2020-10-01T19:36:31","modified_gmt":"2020-10-01T16:36:31","slug":"t%c9%99brizd%c9%99-az%c9%99rbaycan-ordusuna-d%c9%99st%c9%99k-aksiyasi-biz-olm%c9%99y%c9%99-haziriq-video","status":"publish","type":"post","link":"https:\/\/basta2.com\/?p=2520","title":{"rendered":"T\u0259brizd\u0259 Az\u0259rbaycan ordusuna d\u0259st\u0259k aksiyas\u0131: \u201cBiz \u00f6lm\u0259y\u0259 haz\u0131r\u0131q\u201d &#8211; V\u0130DEO"},"content":{"rendered":"\n<h1 class=\"wp-block-heading\"><\/h1>\n\n\n\n<p>T\u0259briz \u0259halisi Az\u0259rbaycan ordusunun Qaraba\u011fda ke\u00e7irdiyi h\u0259rbi \u0259m\u0259liyyatlara d\u0259st\u0259k m\u0259qs\u0259di il\u0259\u00a0k\u00fc\u00e7\u0259l\u0259r\u0259 ax\u0131\u015f\u0131b. G\u00f6r\u00fcnt\u00fcl\u0259r aksiya i\u015ftirak\u00e7\u0131lar\u0131 t\u0259r\u0259find\u0259n mobil telefona \u00e7\u0259kil\u0259r\u0259k sosial \u015f\u0259b\u0259kl\u0259rd\u0259 payla\u015f\u0131l\u0131b. <\/p>\n\n\n\n<p class=\"has-white-color has-text-color\">.<\/p>\n\n\n\n<p>Aksiyada Erm\u0259nistan\u0131n i\u015f\u011fal\u00e7\u0131 siyas\u0259ti q\u0131nan\u0131l\u0131b, \u201cBiz \u00f6lm\u0259y\u0259 haz\u0131r\u0131q, aqib\u0259td\u0259n raz\u0131y\u0131q!\u201d, \u201cYa Qaraba\u011f, ya \u00f6l\u00fcm!\u201d, \u201cQaraba\u011f bizimdir, bizim olacaq!\u201d v\u0259 sair \u015f\u00fcarlar s\u0259sl\u0259ndirilib.<\/p>\n\n\n\n<p class=\"has-white-color has-text-color\"><\/p>\n\n\n\n<figure class=\"wp-block-embed-youtube wp-block-embed is-type-video is-provider-youtube wp-embed-aspect-4-3 wp-has-aspect-ratio\"><div class=\"wp-block-embed__wrapper\">\n<iframe loading=\"lazy\" title=\"T\u0259brizd\u0259 Az\u0259rbaycan ordusuna d\u0259st\u0259k aksiyas\u0131\" width=\"800\" height=\"600\" src=\"https:\/\/www.youtube.com\/embed\/VXf-_hD7M1M?feature=oembed\" frameborder=\"0\" allow=\"accelerometer; autoplay; clipboard-write; encrypted-media; gyroscope; picture-in-picture\" allowfullscreen><\/iframe>\n<\/div><\/figure>\n\n\n\n<p><\/p>\n","protected":false},"excerpt":{"rendered":"<p>T\u0259briz \u0259halisi Az\u0259rbaycan ordusunun Qaraba\u011fda ke\u00e7irdiyi h\u0259rbi \u0259m\u0259liyyatlara d\u0259st\u0259k m\u0259qs\u0259di il\u0259\u00a0k\u00fc\u00e7\u0259l\u0259r\u0259 ax\u0131\u015f\u0131b. G\u00f6r\u00fcnt\u00fcl\u0259r aksiya i\u015ftirak\u00e7\u0131lar\u0131 t\u0259r\u0259find\u0259n mobil telefona \u00e7\u0259kil\u0259r\u0259k sosial<\/p>\n","protected":false},"author":1,"featured_media":2521,"comment_status":"open","ping_status":"open","sticky":false,"template":"","format":"standard","meta":{"_jetpack_memberships_contains_paid_content":false,"footnotes":""},"categories":[30,29],"tags":[],"class_list":["post-2520","post","type-post","status-publish","format-standard","has-post-thumbnail","hentry","category-gundm","category-manset"],"aioseo_notices":[],"jetpack_featured_media_url":"https:\/\/basta2.com\/wp-content\/uploads\/2020\/10\/tebriz1.jpg","jetpack_sharing_enabled":true,"_links":{"self":[{"href":"https:\/\/basta2.com\/index.php?rest_route=\/wp\/v2\/posts\/2520","targetHints":{"allow":["GET"]}}],"collection":[{"href":"https:\/\/basta2.com\/index.php?rest_route=\/wp\/v2\/posts"}],"about":[{"href":"https:\/\/basta2.com\/index.php?rest_route=\/wp\/v2\/types\/post"}],"author":[{"embeddable":true,"href":"https:\/\/basta2.com\/index.php?rest_route=\/wp\/v2\/users\/1"}],"replies":[{"embeddable":true,"href":"https:\/\/basta2.com\/index.php?rest_route=%2Fwp%2Fv2%2Fcomments&post=2520"}],"version-history":[{"count":2,"href":"https:\/\/basta2.com\/index.php?rest_route=\/wp\/v2\/posts\/2520\/revisions"}],"predecessor-version":[{"id":2523,"href":"https:\/\/basta2.com\/index.php?rest_route=\/wp\/v2\/posts\/2520\/revisions\/2523"}],"wp:featuredmedia":[{"embeddable":true,"href":"https:\/\/basta2.com\/index.php?rest_route=\/wp\/v2\/media\/2521"}],"wp:attachment":[{"href":"https:\/\/basta2.com\/index.php?rest_route=%2Fwp%2Fv2%2Fmedia&parent=2520"}],"wp:term":[{"taxonomy":"category","embeddable":true,"href":"https:\/\/basta2.com\/index.php?rest_route=%2Fwp%2Fv2%2Fcategories&post=2520"},{"taxonomy":"post_tag","embeddable":true,"href":"https:\/\/basta2.com\/index.php?rest_route=%2Fwp%2Fv2%2Ftags&post=2520"}],"curies":[{"name":"wp","href":"https:\/\/api.w.org\/{rel}","templated":true}]}}