{"id":25273,"date":"2026-04-26T06:31:36","date_gmt":"2026-04-26T03:31:36","guid":{"rendered":"https:\/\/basta2.com\/?p=25273"},"modified":"2026-04-26T06:31:36","modified_gmt":"2026-04-26T03:31:36","slug":"trampin-istirak-etdiyi-t%c9%99dbird%c9%99-atisma","status":"publish","type":"post","link":"https:\/\/basta2.com\/?p=25273","title":{"rendered":"Tramp\u0131n i\u015ftirak etdiyi t\u0259dbird\u0259 at\u0131\u015fma"},"content":{"rendered":"<p><span style=\"font-family: 'times new roman', times, serif; font-size: 14pt;\">Bu g\u00fcn Va\u015finqtonda AB\u015e prezidentinin d\u0259 qat\u0131ld\u0131\u011f\u0131 t\u0259dbird\u0259\u00a0 at\u0131\u015fma ba\u015f verib. D\u00f6vl\u0259tin y\u00fcks\u0259k v\u0259zif\u0259li \u015f\u0259xsl\u0259ri t\u0259xliy\u0259 olunub, t\u0259dbir bir ay sonraya t\u0259xir\u0259 sal\u0131n\u0131b. \u0130lkin m\u0259lumata g\u00f6r\u0259, ehtimal olunan silahl\u0131 \u015f\u0259xs saxlan\u0131l\u0131b.<\/span><\/p>\n<p><span style=\"font-family: 'times new roman', times, serif; font-size: 14pt;\">Hadis\u0259 Washington Hilton otelinin q\u0259bul zal\u0131nda ba\u015f verib. BBC m\u00fcxbirl\u0259rinin bildirdiyin\u0259 g\u00f6r\u0259, t\u0259dbirin q\u0131z\u011f\u0131n vaxt\u0131nda at\u0259\u015f\u0259 b\u0259nz\u0259r s\u0259sl\u0259r e\u015fidilib.<\/span><\/p>\n<p><span style=\"font-family: 'times new roman', times, serif; font-size: 14pt;\">Bundan sonra M\u00fchafiz\u0259 Xidm\u0259tinin \u0259m\u0259kda\u015flar\u0131 silahlarla zala daxil olub. BBC m\u00fcxbirinin s\u00f6zl\u0259rin\u0259 g\u00f6r\u0259, agentl\u0259r \u201cat\u0259\u015f a\u00e7\u0131l\u0131b\u201d dey\u0259 q\u0131\u015fq\u0131r\u0131rd\u0131lar.<\/span><\/p>\n<p><span style=\"font-family: 'times new roman', times, serif; font-size: 14pt;\"><img loading=\"lazy\" decoding=\"async\" class=\"alignnone size-full wp-image-25275\" src=\"https:\/\/basta2.com\/wp-content\/uploads\/2026\/04\/IMG_20260426_072145.jpg\" alt=\"\" width=\"1220\" height=\"786\" srcset=\"https:\/\/basta2.com\/wp-content\/uploads\/2026\/04\/IMG_20260426_072145.jpg 1220w, https:\/\/basta2.com\/wp-content\/uploads\/2026\/04\/IMG_20260426_072145-300x193.jpg 300w, https:\/\/basta2.com\/wp-content\/uploads\/2026\/04\/IMG_20260426_072145-1024x660.jpg 1024w, https:\/\/basta2.com\/wp-content\/uploads\/2026\/04\/IMG_20260426_072145-768x495.jpg 768w\" sizes=\"auto, (max-width: 1220px) 100vw, 1220px\" \/><\/span><\/p>\n<p><span style=\"font-family: 'times new roman', times, serif; font-size: 14pt;\">Y\u00fcks\u0259k v\u0259zif\u0259li \u015f\u0259xsl\u0259r d\u0259rhal t\u0259xliy\u0259 edilib. Onlar\u0131n aras\u0131nda Donald Trump, birinci xan\u0131m Melania Trump, vitse-prezident J. D. Vance, m\u00fcdafi\u0259 naziri Pete Hegseth v\u0259 s\u0259hiyy\u0259 naziri Robert F. Kennedy d\u0259 olub.<\/span><\/p>\n<p><span style=\"font-family: 'times new roman', times, serif; font-size: 14pt;\">\u0130lk at\u0259\u015f s\u0259sl\u0259rind\u0259n sonra t\u0259dbir i\u015ftirak\u00e7\u0131lar\u0131 masalar\u0131n alt\u0131na gizl\u0259nibl\u0259r, sonra t\u0259xliyy\u0259 edilibl\u0259r.<\/span><\/p>\n","protected":false},"excerpt":{"rendered":"<p>Bu g\u00fcn Va\u015finqtonda AB\u015e prezidentinin d\u0259 qat\u0131ld\u0131\u011f\u0131 t\u0259dbird\u0259\u00a0 at\u0131\u015fma ba\u015f verib. D\u00f6vl\u0259tin y\u00fcks\u0259k v\u0259zif\u0259li \u015f\u0259xsl\u0259ri t\u0259xliy\u0259 olunub, t\u0259dbir bir ay<\/p>\n","protected":false},"author":1,"featured_media":25274,"comment_status":"closed","ping_status":"closed","sticky":false,"template":"","format":"standard","meta":{"_jetpack_memberships_contains_paid_content":false,"footnotes":""},"categories":[32,29],"tags":[],"class_list":["post-25273","post","type-post","status-publish","format-standard","has-post-thumbnail","hentry","category-dunya","category-manset"],"aioseo_notices":[],"jetpack_featured_media_url":"https:\/\/basta2.com\/wp-content\/uploads\/2026\/04\/IMG_20260426_072112.jpg","jetpack_sharing_enabled":true,"_links":{"self":[{"href":"https:\/\/basta2.com\/index.php?rest_route=\/wp\/v2\/posts\/25273","targetHints":{"allow":["GET"]}}],"collection":[{"href":"https:\/\/basta2.com\/index.php?rest_route=\/wp\/v2\/posts"}],"about":[{"href":"https:\/\/basta2.com\/index.php?rest_route=\/wp\/v2\/types\/post"}],"author":[{"embeddable":true,"href":"https:\/\/basta2.com\/index.php?rest_route=\/wp\/v2\/users\/1"}],"replies":[{"embeddable":true,"href":"https:\/\/basta2.com\/index.php?rest_route=%2Fwp%2Fv2%2Fcomments&post=25273"}],"version-history":[{"count":1,"href":"https:\/\/basta2.com\/index.php?rest_route=\/wp\/v2\/posts\/25273\/revisions"}],"predecessor-version":[{"id":25276,"href":"https:\/\/basta2.com\/index.php?rest_route=\/wp\/v2\/posts\/25273\/revisions\/25276"}],"wp:featuredmedia":[{"embeddable":true,"href":"https:\/\/basta2.com\/index.php?rest_route=\/wp\/v2\/media\/25274"}],"wp:attachment":[{"href":"https:\/\/basta2.com\/index.php?rest_route=%2Fwp%2Fv2%2Fmedia&parent=25273"}],"wp:term":[{"taxonomy":"category","embeddable":true,"href":"https:\/\/basta2.com\/index.php?rest_route=%2Fwp%2Fv2%2Fcategories&post=25273"},{"taxonomy":"post_tag","embeddable":true,"href":"https:\/\/basta2.com\/index.php?rest_route=%2Fwp%2Fv2%2Ftags&post=25273"}],"curies":[{"name":"wp","href":"https:\/\/api.w.org\/{rel}","templated":true}]}}