{"id":25277,"date":"2026-04-26T06:50:27","date_gmt":"2026-04-26T03:50:27","guid":{"rendered":"https:\/\/basta2.com\/?p=25277"},"modified":"2026-04-26T06:50:27","modified_gmt":"2026-04-26T03:50:27","slug":"zelenski-ukraynali-h%c9%99rbi-ekspertl%c9%99r-artiq-az%c9%99rbaycandadir","status":"publish","type":"post","link":"https:\/\/basta2.com\/?p=25277","title":{"rendered":"Zelenski: &#8220;Ukraynal\u0131 h\u0259rbi ekspertl\u0259r art\u0131q Az\u0259rbaycandad\u0131r&#8221;"},"content":{"rendered":"<div class=\"css-1k9op6x e17x9cvu0\" dir=\"ltr\">\n<p class=\"css-tmqcq9 eea635z0\" dir=\"ltr\">Aprelin 25-d\u0259 Az\u0259rbaycana i\u015fg\u00fczar s\u0259f\u0259r\u0259 g\u0259l\u0259n Ukrayna Prezidenti Zelenski deyib ki, \u0259g\u0259r Rusiya raz\u0131la\u015fsa, dan\u0131\u015f\u0131qlar h\u0259m d\u0259 Az\u0259rbaycanda ke\u00e7iril\u0259 bil\u0259r.<\/p>\n<\/div>\n<div class=\"css-1k9op6x e17x9cvu0\" dir=\"ltr\">\n<p class=\"css-tmqcq9 eea635z0\" dir=\"ltr\">O bunu Prezident \u0130lham \u018fliyevl\u0259 birg\u0259 ke\u00e7irdiyi m\u0259tbuata a\u00e7\u0131qlamas\u0131nda deyib, Az\u0259rtac yaz\u0131b.<\/p>\n<\/div>\n<div class=\"css-1k9op6x e17x9cvu0\" dir=\"ltr\">\n<p class=\"css-tmqcq9 eea635z0\" dir=\"ltr\">&#8220;Bizim \u00fc\u00e7t\u0259r\u0259fli v\u0259 dig\u0259r formatda dan\u0131\u015f\u0131qlar\u0131m\u0131z oldu. Onlardan b\u0259zil\u0259ri T\u00fcrkiy\u0259d\u0259 ba\u015f tutdu, daha sonra is\u0259 amerikal\u0131 t\u0259r\u0259fda\u015flar\u0131m\u0131zla Cenevr\u0259d\u0259 g\u00f6r\u00fc\u015fd\u00fck. \u018fg\u0259r Rusiya t\u0259r\u0259fi d\u0259 bu diplomatiyan\u0131 se\u00e7\u0259rs\u0259, dan\u0131\u015f\u0131qlar\u0131m\u0131z\u0131, h\u0259m\u00e7inin ist\u0259rdik ki, Az\u0259rbaycanda aparaq&#8221;, &#8211; dey\u0259 Volodomir Zelenski vur\u011fulay\u0131b.<\/p>\n<\/div>\n<div class=\"css-1k9op6x e17x9cvu0\" dir=\"ltr\">\n<p class=\"css-tmqcq9 eea635z0\" dir=\"ltr\">Prezidentl\u0259rin birg\u0259 m\u0259tbuat a\u00e7\u0131qlamas\u0131nda Zelenski bildirib ki, ukraynal\u0131 ekspertl\u0259r art\u0131q Az\u0259rbaycandad\u0131r v\u0259 yerli h\u0259mkarlar\u0131 il\u0259 i\u015fl\u0259yirl\u0259r.<\/p>\n<\/div>\n<div class=\"css-1k9op6x e17x9cvu0\" dir=\"ltr\">\n<p class=\"css-tmqcq9 eea635z0\" dir=\"ltr\">&#8220;Biz bu t\u0259r\u0259fda\u015fl\u0131\u011f\u0131 davam etdirm\u0259yi v\u0259 g\u0259l\u0259c\u0259kd\u0259 birg\u0259 istehsala ba\u015flama\u011f\u0131 planla\u015fd\u0131r\u0131r\u0131q&#8221;.<\/p>\n<div class=\"css-1k9op6x e17x9cvu0\" dir=\"ltr\">\n<p class=\"css-tmqcq9 eea635z0\" dir=\"ltr\">\u0130lham \u018fliyev d\u0259 t\u0259r\u0259fl\u0259rin h\u0259rbi-texniki \u0259m\u0259kda\u015fl\u0131q m\u0259s\u0259l\u0259l\u0259rini m\u00fczakir\u0259 etdiyini bildirib: &#8220;H\u0259m Az\u0259rbaycanda, h\u0259m d\u0259 Ukraynada h\u0259rbi s\u0259naye kompleksi inki\u015faf etdiyi \u00fc\u00e7\u00fcn burada birg\u0259 istehsalla ba\u011fl\u0131 \u00e7ox g\u00f6z\u0259l imkanlar var. Bu bar\u0259d\u0259 d\u0259 bu g\u00fcn \u0259trafl\u0131 dan\u0131\u015f\u0131ld\u0131 v\u0259 biz b\u00fct\u00fcn ba\u015fqa sah\u0259l\u0259rd\u0259 \u0259m\u0259kda\u015fl\u0131\u011f\u0131m\u0131z\u0131 d\u0259rinl\u0259\u015fdirm\u0259k ist\u0259yirik&#8221;.<\/p>\n<\/div>\n<div class=\"css-1k9op6x e17x9cvu0\" dir=\"ltr\">\n<p class=\"css-tmqcq9 eea635z0\" dir=\"ltr\">Amma prezidentl\u0259r m\u00fczakir\u0259 olunan \u0259m\u0259kda\u015fl\u0131\u011f\u0131n konkret detallar\u0131n\u0131 a\u00e7\u0131qlamay\u0131blar.<\/p>\n<p class=\"css-tmqcq9 eea635z0\" dir=\"ltr\">BBC<\/p>\n<\/div>\n<\/div>\n","protected":false},"excerpt":{"rendered":"<p>Aprelin 25-d\u0259 Az\u0259rbaycana i\u015fg\u00fczar s\u0259f\u0259r\u0259 g\u0259l\u0259n Ukrayna Prezidenti Zelenski deyib ki, \u0259g\u0259r Rusiya raz\u0131la\u015fsa, dan\u0131\u015f\u0131qlar h\u0259m d\u0259 Az\u0259rbaycanda ke\u00e7iril\u0259 bil\u0259r.<\/p>\n","protected":false},"author":1,"featured_media":25278,"comment_status":"closed","ping_status":"closed","sticky":false,"template":"","format":"standard","meta":{"_jetpack_memberships_contains_paid_content":false,"footnotes":""},"categories":[29,36],"tags":[],"class_list":["post-25277","post","type-post","status-publish","format-standard","has-post-thumbnail","hentry","category-manset","category-siyast"],"aioseo_notices":[],"jetpack_featured_media_url":"https:\/\/basta2.com\/wp-content\/uploads\/2026\/04\/49bf9580-4080-11f1-b92d-1390db4c1e47.png.webp","jetpack_sharing_enabled":true,"_links":{"self":[{"href":"https:\/\/basta2.com\/index.php?rest_route=\/wp\/v2\/posts\/25277","targetHints":{"allow":["GET"]}}],"collection":[{"href":"https:\/\/basta2.com\/index.php?rest_route=\/wp\/v2\/posts"}],"about":[{"href":"https:\/\/basta2.com\/index.php?rest_route=\/wp\/v2\/types\/post"}],"author":[{"embeddable":true,"href":"https:\/\/basta2.com\/index.php?rest_route=\/wp\/v2\/users\/1"}],"replies":[{"embeddable":true,"href":"https:\/\/basta2.com\/index.php?rest_route=%2Fwp%2Fv2%2Fcomments&post=25277"}],"version-history":[{"count":1,"href":"https:\/\/basta2.com\/index.php?rest_route=\/wp\/v2\/posts\/25277\/revisions"}],"predecessor-version":[{"id":25279,"href":"https:\/\/basta2.com\/index.php?rest_route=\/wp\/v2\/posts\/25277\/revisions\/25279"}],"wp:featuredmedia":[{"embeddable":true,"href":"https:\/\/basta2.com\/index.php?rest_route=\/wp\/v2\/media\/25278"}],"wp:attachment":[{"href":"https:\/\/basta2.com\/index.php?rest_route=%2Fwp%2Fv2%2Fmedia&parent=25277"}],"wp:term":[{"taxonomy":"category","embeddable":true,"href":"https:\/\/basta2.com\/index.php?rest_route=%2Fwp%2Fv2%2Fcategories&post=25277"},{"taxonomy":"post_tag","embeddable":true,"href":"https:\/\/basta2.com\/index.php?rest_route=%2Fwp%2Fv2%2Ftags&post=25277"}],"curies":[{"name":"wp","href":"https:\/\/api.w.org\/{rel}","templated":true}]}}