{"id":25281,"date":"2026-04-27T16:22:31","date_gmt":"2026-04-27T13:22:31","guid":{"rendered":"https:\/\/basta2.com\/?p=25281"},"modified":"2026-04-27T16:24:28","modified_gmt":"2026-04-27T13:24:28","slug":"25281","status":"publish","type":"post","link":"https:\/\/basta2.com\/?p=25281","title":{"rendered":"M\u00fcsavat Divan\u0131n\u0131n g\u00fcnd\u0259liyi"},"content":{"rendered":"<p><span style=\"font-family: 'times new roman', times, serif; font-size: 14pt;\">Aprelin 27-d\u0259 M\u00fcsavat Partiyas\u0131 Divan\u0131n\u0131n n\u00f6vb\u0259ti iclas\u0131 ke\u00e7irilib. \u0130clasda \u0259vv\u0259lc\u0259 g\u00f6r\u00fcl\u0259n i\u015fl\u0259r v\u0259 ke\u00e7iril\u0259n iclaslar bar\u0259d\u0259 m\u0259lumat dinl\u0259nilib.<\/span><\/p>\n<p><span style=\"font-family: 'times new roman', times, serif; font-size: 14pt;\">Divan \u00fczv\u00fc <strong>Mustafa Hac\u0131l\u0131<\/strong> siyasi m\u0259hbus <strong>Az\u0259r Qas\u0131ml\u0131n\u0131n<\/strong> i\u015fi \u00fczr\u0259 apelyasiya m\u0259hk\u0259m\u0259si v\u0259 onun xan\u0131m\u0131, jurnalist <strong>Samir\u0259 Qas\u0131ml\u0131ya<\/strong> qar\u015f\u0131 x\u00fcsusi ittiham qaydas\u0131nda ba\u015flad\u0131lan m\u0259hk\u0259m\u0259 prosesi haqda m\u0259lumat verib.<\/span><\/p>\n<p><span style=\"font-family: 'times new roman', times, serif; font-size: 14pt;\">Divan \u00fczv\u00fc <strong>S\u0259xav\u0259t Soltanl\u0131<\/strong> Avropa Liberal Demokrat \u0130ttifaq\u0131n\u0131n (ALDE) t\u0259\u015fkil etdiyi onlayn toplant\u0131 bar\u0259d\u0259 m\u0259lumat verib.<\/span><\/p>\n<p><span style=\"font-family: 'times new roman', times, serif; font-size: 14pt;\">Daha sonra \u00f6lk\u0259d\u0259ki v\u0259 d\u00fcnyada ged\u0259n prosesl\u0259r haqda fikir m\u00fcbadil\u0259si apar\u0131l\u0131b.<\/span><\/p>\n<p><span style=\"font-family: 'times new roman', times, serif; font-size: 14pt;\">Ukrayna prezidenti <strong>Volodimir Zelenskinin<\/strong> Az\u0259rbaycana r\u0259smi s\u0259f\u0259ri v\u0259 \u00f6lk\u0259mizl\u0259 \u0259m\u0259kda\u015fl\u0131\u011f\u0131n m\u00fcxt\u0259lif istiqam\u0259tl\u0259rd\u0259, o c\u00fcml\u0259d\u0259n h\u0259rbi sah\u0259d\u0259 geni\u015fl\u0259nm\u0259si bar\u0259d\u0259 raz\u0131la\u015fmalar m\u00fcsb\u0259t qiym\u0259tl\u0259ndirilib.<\/span><\/p>\n<p><span style=\"font-family: 'times new roman', times, serif; font-size: 14pt;\">Sonda cari m\u0259s\u0259l\u0259l\u0259r m\u00fczakir\u0259 olunub.<\/span><\/p>\n","protected":false},"excerpt":{"rendered":"<p>Aprelin 27-d\u0259 M\u00fcsavat Partiyas\u0131 Divan\u0131n\u0131n n\u00f6vb\u0259ti iclas\u0131 ke\u00e7irilib. \u0130clasda \u0259vv\u0259lc\u0259 g\u00f6r\u00fcl\u0259n i\u015fl\u0259r v\u0259 ke\u00e7iril\u0259n iclaslar bar\u0259d\u0259 m\u0259lumat dinl\u0259nilib. Divan \u00fczv\u00fc<\/p>\n","protected":false},"author":1,"featured_media":24921,"comment_status":"closed","ping_status":"closed","sticky":false,"template":"","format":"standard","meta":{"_jetpack_memberships_contains_paid_content":false,"footnotes":""},"categories":[29,36],"tags":[],"class_list":["post-25281","post","type-post","status-publish","format-standard","has-post-thumbnail","hentry","category-manset","category-siyast"],"aioseo_notices":[],"jetpack_featured_media_url":"https:\/\/basta2.com\/wp-content\/uploads\/2026\/01\/Musavat-loqo-1-3-3.jpg","jetpack_sharing_enabled":true,"_links":{"self":[{"href":"https:\/\/basta2.com\/index.php?rest_route=\/wp\/v2\/posts\/25281","targetHints":{"allow":["GET"]}}],"collection":[{"href":"https:\/\/basta2.com\/index.php?rest_route=\/wp\/v2\/posts"}],"about":[{"href":"https:\/\/basta2.com\/index.php?rest_route=\/wp\/v2\/types\/post"}],"author":[{"embeddable":true,"href":"https:\/\/basta2.com\/index.php?rest_route=\/wp\/v2\/users\/1"}],"replies":[{"embeddable":true,"href":"https:\/\/basta2.com\/index.php?rest_route=%2Fwp%2Fv2%2Fcomments&post=25281"}],"version-history":[{"count":2,"href":"https:\/\/basta2.com\/index.php?rest_route=\/wp\/v2\/posts\/25281\/revisions"}],"predecessor-version":[{"id":25283,"href":"https:\/\/basta2.com\/index.php?rest_route=\/wp\/v2\/posts\/25281\/revisions\/25283"}],"wp:featuredmedia":[{"embeddable":true,"href":"https:\/\/basta2.com\/index.php?rest_route=\/wp\/v2\/media\/24921"}],"wp:attachment":[{"href":"https:\/\/basta2.com\/index.php?rest_route=%2Fwp%2Fv2%2Fmedia&parent=25281"}],"wp:term":[{"taxonomy":"category","embeddable":true,"href":"https:\/\/basta2.com\/index.php?rest_route=%2Fwp%2Fv2%2Fcategories&post=25281"},{"taxonomy":"post_tag","embeddable":true,"href":"https:\/\/basta2.com\/index.php?rest_route=%2Fwp%2Fv2%2Ftags&post=25281"}],"curies":[{"name":"wp","href":"https:\/\/api.w.org\/{rel}","templated":true}]}}