{"id":2726,"date":"2020-10-10T13:40:44","date_gmt":"2020-10-10T10:40:44","guid":{"rendered":"http:\/\/basta2.com\/?p=2726"},"modified":"2020-10-10T13:41:30","modified_gmt":"2020-10-10T10:41:30","slug":"at%c9%99sk%c9%99s-rejimini-pozan-dusm%c9%99nin-zirehli-texnikasi-m%c9%99hv-edilib-yeni-video","status":"publish","type":"post","link":"https:\/\/basta2.com\/?p=2726","title":{"rendered":"At\u0259\u015fk\u0259s rejimini pozan d\u00fc\u015fm\u0259nin zirehli texnikas\u0131 m\u0259hv edilib &#8211; YEN\u0130 V\u0130DEO"},"content":{"rendered":"\n<p>Bu g\u00fcn saat 12.00-da at\u0259\u015fk\u0259s elan olunmas\u0131 bar\u0259d\u0259 raz\u0131l\u0131q \u0259ld\u0259 edilm\u0259sin\u0259 baxmayaraq Erm\u0259nistan ordusu c\u0259bh\u0259nin A\u011fd\u0259r\u0259-T\u0259rt\u0259r v\u0259 F\u00fczuli-C\u0259bray\u0131l istiqam\u0259tl\u0259rind\u0259 h\u00fccuma ke\u00e7m\u0259y\u0259 c\u0259hd g\u00f6st\u0259rib. Eyni zamanda bir s\u0131ra ya\u015fay\u0131\u015f m\u0259nt\u0259q\u0259l\u0259rimiz Erm\u0259nistan silahl\u0131 q\u00fcvv\u0259l\u0259ri t\u0259r\u0259find\u0259n artilleriya at\u0259\u015fin\u0259 m\u0259ruz qal\u0131r.<br>D\u00fc\u015fm\u0259nin b\u00fct\u00fcn h\u00fccum c\u0259hdl\u0259rinin qar\u015f\u0131s\u0131 b\u00f6lm\u0259l\u0259rimiz t\u0259r\u0259find\u0259n u\u011furla al\u0131n\u0131b. Erm\u0259nistan ordusuna qar\u015f\u0131 adekvat cavab t\u0259dbirl\u0259ri g\u00f6r\u00fcl\u00fcr.<\/p>\n\n\n\n<p class=\"has-white-color has-text-color\">.<\/p>\n\n\n\n<figure class=\"wp-block-embed-youtube wp-block-embed is-type-video is-provider-youtube wp-embed-aspect-16-9 wp-has-aspect-ratio\"><div class=\"wp-block-embed__wrapper\">\n<iframe loading=\"lazy\" title=\"At\u0259\u015fk\u0259s rejimini pozan d\u00fc\u015fm\u0259nin zirehli texnikas\u0131 m\u0259hv edilib\" width=\"800\" height=\"450\" src=\"https:\/\/www.youtube.com\/embed\/WGpOg93GPKg?feature=oembed\" frameborder=\"0\" allow=\"accelerometer; autoplay; clipboard-write; encrypted-media; gyroscope; picture-in-picture\" allowfullscreen><\/iframe>\n<\/div><\/figure>\n","protected":false},"excerpt":{"rendered":"<p>Bu g\u00fcn saat 12.00-da at\u0259\u015fk\u0259s elan olunmas\u0131 bar\u0259d\u0259 raz\u0131l\u0131q \u0259ld\u0259 edilm\u0259sin\u0259 baxmayaraq Erm\u0259nistan ordusu c\u0259bh\u0259nin A\u011fd\u0259r\u0259-T\u0259rt\u0259r v\u0259 F\u00fczuli-C\u0259bray\u0131l istiqam\u0259tl\u0259rind\u0259 h\u00fccuma<\/p>\n","protected":false},"author":1,"featured_media":2728,"comment_status":"open","ping_status":"open","sticky":false,"template":"","format":"standard","meta":{"_jetpack_memberships_contains_paid_content":false,"footnotes":""},"categories":[30,29],"tags":[],"class_list":["post-2726","post","type-post","status-publish","format-standard","has-post-thumbnail","hentry","category-gundm","category-manset"],"aioseo_notices":[],"jetpack_featured_media_url":"https:\/\/basta2.com\/wp-content\/uploads\/2020\/10\/eaf5699a347d26585aeeea2241504457.jpg","jetpack_sharing_enabled":true,"_links":{"self":[{"href":"https:\/\/basta2.com\/index.php?rest_route=\/wp\/v2\/posts\/2726","targetHints":{"allow":["GET"]}}],"collection":[{"href":"https:\/\/basta2.com\/index.php?rest_route=\/wp\/v2\/posts"}],"about":[{"href":"https:\/\/basta2.com\/index.php?rest_route=\/wp\/v2\/types\/post"}],"author":[{"embeddable":true,"href":"https:\/\/basta2.com\/index.php?rest_route=\/wp\/v2\/users\/1"}],"replies":[{"embeddable":true,"href":"https:\/\/basta2.com\/index.php?rest_route=%2Fwp%2Fv2%2Fcomments&post=2726"}],"version-history":[{"count":1,"href":"https:\/\/basta2.com\/index.php?rest_route=\/wp\/v2\/posts\/2726\/revisions"}],"predecessor-version":[{"id":2727,"href":"https:\/\/basta2.com\/index.php?rest_route=\/wp\/v2\/posts\/2726\/revisions\/2727"}],"wp:featuredmedia":[{"embeddable":true,"href":"https:\/\/basta2.com\/index.php?rest_route=\/wp\/v2\/media\/2728"}],"wp:attachment":[{"href":"https:\/\/basta2.com\/index.php?rest_route=%2Fwp%2Fv2%2Fmedia&parent=2726"}],"wp:term":[{"taxonomy":"category","embeddable":true,"href":"https:\/\/basta2.com\/index.php?rest_route=%2Fwp%2Fv2%2Fcategories&post=2726"},{"taxonomy":"post_tag","embeddable":true,"href":"https:\/\/basta2.com\/index.php?rest_route=%2Fwp%2Fv2%2Ftags&post=2726"}],"curies":[{"name":"wp","href":"https:\/\/api.w.org\/{rel}","templated":true}]}}