{"id":2941,"date":"2020-10-16T12:12:36","date_gmt":"2020-10-16T09:12:36","guid":{"rendered":"http:\/\/basta2.com\/?p=2941"},"modified":"2020-10-16T12:19:09","modified_gmt":"2020-10-16T09:19:09","slug":"yerevan-v%c9%99-dunya-dagliq-qarabag-dovl%c9%99tini-niy%c9%99-tanimir","status":"publish","type":"post","link":"https:\/\/basta2.com\/?p=2941","title":{"rendered":"Yerevan v\u0259 d\u00fcnya \u201cDa\u011fl\u0131q Qaraba\u011f d\u00f6vl\u0259tini\u201d niy\u0259 tan\u0131m\u0131r"},"content":{"rendered":"<p><span style=\"font-family: 'times new roman', times, serif; font-size: 14pt;\"><strong>Moskvada siyasi televerili\u015fl\u0259rd\u0259 Qaraba\u011f erm\u0259nil\u0259rini h\u0259rbi m\u0259\u011flubiyy\u0259td\u0259n xilas etm\u0259yin yegan\u0259 yolu kimi Rusiyan\u0131n \u201cDQR\u201din \u201cm\u00fcst\u0259qilliyini\u201d t\u0259cili tan\u0131mas\u0131 z\u0259rur\u0259ti haqq\u0131nda fikir israrla t\u0259\u015fviq edilir. Moskvada erm\u0259nil\u0259r bu t\u0259l\u0259bl\u0259 n\u00fcmayi\u015f ke\u00e7iribl\u0259r.<\/strong><\/span><\/p>\n<p>&nbsp;<\/p>\n<p><span style=\"font-family: 'times new roman', times, serif; font-size: 14pt;\">Yerevan prezident Robert Ko\u00e7aryan\u0131n zaman\u0131ndan Az\u0259rbaycan\u0131 Erm\u0259nistan\u0131n \u201cQaraba\u011f\u0131n m\u00fcst\u0259qilliyini tan\u0131ya bil\u0259c\u0259yi\u201d il\u0259 h\u0259d\u0259l\u0259yirl\u0259r. Son g\u00fcnl\u0259r Az\u0259rbaycan\u0131n azadl\u0131q m\u00fcharib\u0259sin\u0259 ba\u015flamas\u0131 il\u0259 Erm\u0259nistan parlamentind\u0259 v\u0259 h\u00f6kum\u0259tind\u0259 bu bar\u0259d\u0259 daha tez-tez dan\u0131\u015f\u0131l\u0131r.<\/span><\/p>\n<p>&nbsp;<\/p>\n<p><span style=\"font-family: 'times new roman', times, serif; font-size: 14pt;\">Amma Erm\u0259nistan\u0131n \u201cDQR\u201d-i \u201ctan\u0131mas\u0131\u201d ba\u015f vermir. Qaraba\u011fda art\u0131q i\u015f\u011fal\u00e7\u0131lar\u0131n uydurdu\u011fu bufer zona, status-kvo v\u0259 \u201cDQR-in s\u0259rh\u0259dl\u0259ri\u201d d\u0259 yoxdur, amma Yerevan Az\u0259rbaycan\u0131 \u201ctan\u0131ma haqq\u0131nda akt\u201d q\u0259bul etm\u0259kl\u0259 h\u0259d\u0259l\u0259m\u0259y\u0259 davam edir. B\u0259s bu, niy\u0259 ba\u015f vermir?<\/span><\/p>\n<p>&nbsp;<\/p>\n<p><span style=\"font-family: 'times new roman', times, serif; font-size: 14pt;\">B\u0259zil\u0259ri xat\u0131rlay\u0131r ki, 1989-cu il dekabr\u0131n 1-d\u0259 Erm\u0259nistan SSR-in Ali \u015euras\u0131 Da\u011fl\u0131q Qaraba\u011f\u0131n SSR\u0130-nin t\u0259rkibind\u0259 Erm\u0259nistan Sovet Sosialist Respublikas\u0131na qo\u015fulmas\u0131 haqq\u0131nda q\u0259rar q\u0259bul edib. 1990-ci il yanvar\u0131n 9-da is\u0259 Erm\u0259nistan SSR-in Ali \u015euras\u0131 \u201c1990-c\u0131 il \u00fc\u00e7\u00fcn Erm\u0259nistan SSR-in iqtisadi v\u0259 sosial inki\u015faf\u0131 haqq\u0131nda D\u00f6vl\u0259t plan\u0131na 1990-c\u0131 il \u00fc\u00e7\u00fcn DQMV-nin (Az\u0259rbaycan SSR-in t\u0259rkibind\u0259 Da\u011fl\u0131q Qaraba\u011f Muxtar Vilay\u0259ti) sosial-iqtisadi inki\u015faf\u0131 plan\u0131n\u0131n daxil edilm\u0259si haqq\u0131nda\u201d q\u0259rar q\u0259bul edib.<\/span><\/p>\n<p>&nbsp;<\/p>\n<p><span style=\"font-family: 'times new roman', times, serif; font-size: 14pt;\">Ert\u0259si g\u00fcn, 1990-c\u0131 il yanvar\u0131n 10-da SSR\u0130 Ali \u015euras\u0131n\u0131n R\u0259yas\u0259t Hey\u0259ti \u201cDa\u011fl\u0131q Qaraba\u011fla ba\u011fl\u0131 Erm\u0259nistan SSR Ali \u015euras\u0131n\u0131n 1 dekabr 1989-cu il v\u0259 9 yanvar 1990-c\u0131 il tarixl\u0259rind\u0259 q\u0259bul etdiyi aktlar\u0131n SSR\u0130 Konstitusiyas\u0131na uy\u011fun olmamas\u0131 haqq\u0131nda\u201d q\u0259tnam\u0259 \u00e7\u0131xar\u0131b. Bu q\u0259tnam\u0259d\u0259 bu q\u0259rar\u0131n SSR\u0130 Konstitusiyas\u0131n\u0131n 78-ci madd\u0259sinin birba\u015fa pozuntusu oldu\u011fu qeyd edilirdi.<\/span><\/p>\n<p>&nbsp;<\/p>\n<p><span style=\"font-family: 'times new roman', times, serif; font-size: 14pt;\">\u201cMiatsum\u201d haqq\u0131nda dan\u0131\u015fan erm\u0259nil\u0259r SSR\u0130 A\u015e R\u0259yas\u0259t Hey\u0259tinin q\u0259tnam\u0259si bar\u0259d\u0259 s\u0259sl\u0259rini \u00e7\u0131xarm\u0131rlar.<\/span><\/p>\n<p>&nbsp;<\/p>\n<p><span style=\"font-family: 'times new roman', times, serif; font-size: 14pt;\">M\u00fcasir Erm\u0259nistan Erm\u0259nistan SSR-in h\u00fcquqi varisidir, onlar \u00f6zl\u0259ri bunu qeyd edirl\u0259r v\u0259 buna g\u00f6r\u0259 Erm\u0259nistan SSR-in q\u0259rarlar\u0131 Erm\u0259nistan Resublikas\u0131 \u00fc\u00e7\u00fcn q\u00fcvv\u0259d\u0259 qal\u0131r. Bu, o dem\u0259kdir ki, Da\u011fl\u0131q Qaraba\u011f\u0131 d\u00f6vl\u0259t elan etm\u0259k \u00fc\u00e7\u00fcn m\u00fcasir Erm\u0259nistan \u0259vv\u0259lc\u0259 Erm\u0259nistan SSR-in 1989 v\u0259 1990-c\u0131 ill\u0259rd\u0259 verdiyi q\u0259rarlar\u0131 l\u0259\u011fv etm\u0259lidir. Yaln\u0131z onda \u201cDQR\u201din Erm\u0259nistan t\u0259r\u0259find\u0259n \u201ctan\u0131nmas\u0131\u201d f\u0259rziyy\u0259si erm\u0259ni h\u00fcququnda \u201cqanuni q\u00fcvv\u0259\u201d qazanar.<\/span><\/p>\n<p>&nbsp;<\/p>\n<p><span style=\"font-family: 'times new roman', times, serif; font-size: 14pt;\">Amma beyn\u0259lxalq h\u00fcquqda bel\u0259 bir q\u0259rar qanunsuz hesab olunacaq, ona g\u00f6r\u0259 ki, beyn\u0259lxalq h\u00fcquqa v\u0259 Erm\u0259nistan\u0131n BMT-y\u0259 daxil olark\u0259n q\u0259bul etdiyi BMT x\u0259rit\u0259l\u0259rind\u0259ki d\u00fcnya s\u0259rh\u0259dl\u0259rin\u0259 \u0259sas\u0259n, Da\u011fl\u0131q Qaraba\u011f Az\u0259rbaycan\u0131n qanuni \u0259razisidir.<\/span><\/p>\n<p>&nbsp;<\/p>\n<p><strong><span style=\"font-family: 'times new roman', times, serif; font-size: 14pt;\">Ba\u015fqa \u00f6lk\u0259l\u0259rd\u0259 \u201cDQR-in tan\u0131nmas\u0131\u201d da m\u00fcmk\u00fcn deyil.<\/span><\/strong><\/p>\n<p>&nbsp;<\/p>\n<p><span style=\"font-family: 'times new roman', times, serif; font-size: 14pt;\">Rusiya qanunvericilik s\u0259viyy\u0259sind\u0259 Az\u0259rbaycan SSR-in s\u0259rh\u0259dl\u0259ri daxilind\u0259 &#8211; respublikam\u0131z\u0131n Sovet \u0130ttifaq\u0131ndan \u00e7\u0131x\u0131b m\u00fcst\u0259qil \u00f6lk\u0259, BMT \u00fczv\u00fc olark\u0259n m\u00f6vcud olan s\u0259rh\u0259dl\u0259r daxilind\u0259 Az\u0259rbaycan \u0259razisini tan\u0131y\u0131r.<\/span><\/p>\n<p>&nbsp;<\/p>\n<p><span style=\"font-family: 'times new roman', times, serif; font-size: 14pt;\">Avropa \u0130ttifaq\u0131 Az\u0259rbaycan SSR-in s\u0259rh\u0259dl\u0259ri daxilind\u0259 Az\u0259rbaycan\u0131n \u0259razi b\u00fct\u00f6vl\u00fcy\u00fcn\u00fcn birba\u015fa v\u0259 ya dolay\u0131 yolla tan\u0131nd\u0131\u011f\u0131 \u00e7ox sayda q\u0259rar q\u0259bul edib. Sonuncu d\u0259f\u0259 2020-ci il may\u0131n 5-d\u0259 Avropa Komissiyas\u0131n\u0131n vitse-prezidenti Jozep Borrel bildirib ki, Avropa \u0130ttifaq\u0131 \u0259vv\u0259lki kimi b\u00fct\u00fcn t\u0259r\u0259fda\u015flar\u0131n\u0131n, o c\u00fcml\u0259d\u0259n Az\u0259rbaycan\u0131n \u0259razi b\u00fct\u00f6vl\u00fcy\u00fcn\u00fcn, m\u00fcst\u0259qilliyinin v\u0259 suverenliyinin d\u0259st\u0259kl\u0259nm\u0259sin\u0259 sadiqdir.<\/span><\/p>\n<p>&nbsp;<\/p>\n<p><span style=\"font-family: 'times new roman', times, serif; font-size: 14pt;\">\u201cAvropa \u0130ttifaq\u0131 \u0259vv\u0259lki kimi m\u00fcbahis\u0259l\u0259rin m\u00fc\u0259yy\u0259n edilmi\u015f s\u00fclh yolu il\u0259 h\u0259lli formatlar\u0131na sadiqdir. Da\u011fl\u0131q Qaraba\u011f m\u00fcnaqi\u015f\u0259sinin nizamlanmas\u0131 kontekstind\u0259 A\u0130 Avropada T\u0259hl\u00fck\u0259sizlik v\u0259 \u018fm\u0259kda\u015fl\u0131q T\u0259\u015fkilat\u0131n\u0131n Minsk Qrupunun h\u0259ms\u0259drl\u0259rinin Da\u011fl\u0131q Qaraba\u011f m\u00fcnaqi\u015f\u0259sinin s\u00fclh yolu il\u0259 h\u0259llin\u0259 y\u00f6n\u0259lmi\u015f s\u0259yl\u0259rini v\u0259 t\u0259klifl\u0259rini, o c\u00fcml\u0259d\u0259n A\u0130-nin C\u0259nubi Qafqaz \u00fczr\u0259 x\u00fcsusi n\u00fcmay\u0259nd\u0259sinin s\u0259yl\u0259rini d\u0259st\u0259kl\u0259m\u0259y\u0259 davam edir\u201d, dey\u0259 b\u0259yanatda bildirilir.<\/span><\/p>\n<p>&nbsp;<\/p>\n<p><span style=\"font-family: 'times new roman', times, serif; font-size: 14pt;\">A\u0130-nin xarici i\u015fl\u0259r v\u0259 t\u0259hl\u00fck\u0259sizlik siyas\u0259ti \u00fczr\u0259 m\u0259tbuat katibinin 31 mart 2020-ci il tarixind\u0259 d\u0259rc etdiyi b\u0259yanatda A\u0130 h\u0259min g\u00fcn Da\u011fl\u0131q Qaraba\u011fda qondarma \u201cprezident v\u0259 parlament se\u00e7kil\u0259ri\u201d ke\u00e7irilm\u0259sinin konstitusion v\u0259 h\u00fcquqi \u00e7\u0259r\u00e7iv\u0259l\u0259rini tan\u0131mad\u0131\u011f\u0131n\u0131 t\u0259sdiq edib.<\/span><\/p>\n<p>&nbsp;<\/p>\n<p><span style=\"font-family: 'times new roman', times, serif; font-size: 14pt;\">Avropan\u0131n \u0259n b\u00f6y\u00fck \u00f6lk\u0259l\u0259ri il\u0259 Az\u0259rbaycan\u0131n \u0259razi b\u00fct\u00f6vl\u00fcy\u00fcn\u0259 h\u00f6rm\u0259tin vur\u011fuland\u0131\u011f\u0131 ikit\u0259r\u0259fli s\u0259n\u0259dl\u0259r imzalan\u0131b.<\/span><\/p>\n<p>&nbsp;<\/p>\n<p><a name=\"ai218875\"><\/a><span style=\"font-family: 'times new roman', times, serif; font-size: 14pt;\">Az\u0259rbaycan d\u00fcnyan\u0131n 120 d\u00f6vl\u0259tini birl\u0259\u015fdir\u0259n Qo\u015fulmama H\u0259r\u0259kat\u0131n\u0131n s\u0259dridir. H\u0259r\u0259kat d\u0259f\u0259l\u0259rl\u0259 Erm\u0259nistan\u0131n Az\u0259rbaycan\u0131n \u0259razi b\u00fct\u00f6vl\u00fcy\u00fcn\u0259 qar\u015f\u0131 y\u00f6n\u0259lmi\u015f d\u00fc\u015fm\u0259n\u00e7ilik add\u0131mlar\u0131n\u0131 pisl\u0259y\u0259n prinsipial m\u00f6vqe bildirib.<\/span><\/p>\n<div id=\"bnsboxart4\" class=\"bnsbox\"><\/div>\n<p><span style=\"font-family: 'times new roman', times, serif; font-size: 14pt;\">AB\u015e da Da\u011fl\u0131q Qaraba\u011f\u0131 Az\u0259rbaycan Respublikas\u0131n\u0131n ayr\u0131lmaz hiss\u0259si hesab edir.<\/span><\/p>\n<p>&nbsp;<\/p>\n<p><span style=\"font-family: 'times new roman', times, serif; font-size: 14pt;\">Az\u0259rbaycanla qon\u015fu olan b\u00fct\u00fcn \u00f6lk\u0259l\u0259r, \u0259lb\u0259tt\u0259 ki, t\u0259cav\u00fczkar istisna olmaqla, Da\u011fl\u0131q Qaraba\u011f\u0131 Az\u0259rbaycan \u0259razisi hesab edir.<\/span><\/p>\n<p>&nbsp;<\/p>\n<p><span style=\"font-family: 'times new roman', times, serif; font-size: 14pt;\">Bel\u0259likl\u0259, h\u00fcquqi v\u0259 siyasi m\u0259nada Az\u0259rbaycan \u0259razisinin m\u00fcst\u0259qil d\u00f6vl\u0259t elan edilm\u0259si t\u0259kc\u0259 ba\u015fqa \u00f6lk\u0259l\u0259r \u00fc\u00e7\u00fcn deyil, Erm\u0259nistan\u0131n \u00f6z\u00fc \u00fc\u00e7\u00fcn d\u0259 qeyri-m\u00fcmk\u00fcnd\u00fcr. Bu q\u0259rar n\u0259 c\u00fcrs\u0259 q\u0259bul edils\u0259 bel\u0259, d\u00f6vl\u0259t s\u0259rh\u0259dinin birt\u0259r\u0259fli d\u0259yi\u015fdirilm\u0259sinin qeyri-m\u00fcmk\u00fcnl\u00fcy\u00fc haqq\u0131nda beyn\u0259lxalq prinsipl\u0259 ziddiyy\u0259t t\u0259\u015fkil ed\u0259c\u0259yi \u00fc\u00e7\u00fcn d\u0259 h\u00fcquqi q\u00fcvv\u0259y\u0259 malik olmayan h\u00fcquqi nonsens olacaq.<\/span><\/p>\n<p>&nbsp;<\/p>\n<p><span style=\"font-family: 'times new roman', times, serif; font-size: 14pt;\">S\u00f6hb\u0259t ilk n\u00f6vb\u0259d\u0259 BMT orqanlar\u0131n\u0131n aktlar\u0131ndan, x\u00fcsus\u0259n, 1970-ci il tarixli d\u00f6vl\u0259tl\u0259rin dost m\u00fcnasib\u0259tl\u0259ri il\u0259 ba\u011fl\u0131 prinsipl\u0259r b\u0259yannam\u0259sind\u0259n, habel\u0259 Avropada T\u0259hl\u00fck\u0259sizlik v\u0259 \u018fm\u0259kda\u015fl\u0131q M\u00fc\u015favir\u0259sinin Yekun Akt\u0131n\u0131n etimad t\u0259dbirl\u0259ri haqq\u0131nda b\u0259yannam\u0259sind\u0259n v\u0259 s\u0259n\u0259dind\u0259n gedir. \u201c\u0130\u015ftirak\u00e7\u0131 d\u00f6vl\u0259tl\u0259r bir-birinin b\u00fct\u00fcn s\u0259rh\u0259dl\u0259rini, el\u0259c\u0259 d\u0259 Avropada b\u00fct\u00fcn d\u00f6vl\u0259tl\u0259rin s\u0259rh\u0259dl\u0259rini pozulmaz hesab edirl\u0259r v\u0259 buna g\u00f6r\u0259 d\u0259 indi v\u0259 g\u0259l\u0259c\u0259kd\u0259 bu s\u0259rh\u0259dl\u0259r\u0259 ist\u0259nil\u0259n q\u0259sdd\u0259n yay\u0131nacaqlar\u201d, dey\u0259 BMT-d\u0259 v\u0259 Avropada bildilir.<\/span><\/p>\n<p>&nbsp;<\/p>\n<p><span style=\"font-family: 'times new roman', times, serif; font-size: 14pt;\">ASTNA.biz<\/span><\/p>\n","protected":false},"excerpt":{"rendered":"<p>Moskvada siyasi televerili\u015fl\u0259rd\u0259 Qaraba\u011f erm\u0259nil\u0259rini h\u0259rbi m\u0259\u011flubiyy\u0259td\u0259n xilas etm\u0259yin yegan\u0259 yolu kimi Rusiyan\u0131n \u201cDQR\u201din \u201cm\u00fcst\u0259qilliyini\u201d t\u0259cili tan\u0131mas\u0131 z\u0259rur\u0259ti haqq\u0131nda fikir<\/p>\n","protected":false},"author":1,"featured_media":2944,"comment_status":"open","ping_status":"open","sticky":false,"template":"","format":"standard","meta":{"_jetpack_memberships_contains_paid_content":false,"footnotes":""},"categories":[29,36],"tags":[],"class_list":["post-2941","post","type-post","status-publish","format-standard","has-post-thumbnail","hentry","category-manset","category-siyast"],"aioseo_notices":[],"jetpack_featured_media_url":"https:\/\/basta2.com\/wp-content\/uploads\/2020\/10\/ermenparl.jpg","jetpack_sharing_enabled":true,"_links":{"self":[{"href":"https:\/\/basta2.com\/index.php?rest_route=\/wp\/v2\/posts\/2941","targetHints":{"allow":["GET"]}}],"collection":[{"href":"https:\/\/basta2.com\/index.php?rest_route=\/wp\/v2\/posts"}],"about":[{"href":"https:\/\/basta2.com\/index.php?rest_route=\/wp\/v2\/types\/post"}],"author":[{"embeddable":true,"href":"https:\/\/basta2.com\/index.php?rest_route=\/wp\/v2\/users\/1"}],"replies":[{"embeddable":true,"href":"https:\/\/basta2.com\/index.php?rest_route=%2Fwp%2Fv2%2Fcomments&post=2941"}],"version-history":[{"count":3,"href":"https:\/\/basta2.com\/index.php?rest_route=\/wp\/v2\/posts\/2941\/revisions"}],"predecessor-version":[{"id":2945,"href":"https:\/\/basta2.com\/index.php?rest_route=\/wp\/v2\/posts\/2941\/revisions\/2945"}],"wp:featuredmedia":[{"embeddable":true,"href":"https:\/\/basta2.com\/index.php?rest_route=\/wp\/v2\/media\/2944"}],"wp:attachment":[{"href":"https:\/\/basta2.com\/index.php?rest_route=%2Fwp%2Fv2%2Fmedia&parent=2941"}],"wp:term":[{"taxonomy":"category","embeddable":true,"href":"https:\/\/basta2.com\/index.php?rest_route=%2Fwp%2Fv2%2Fcategories&post=2941"},{"taxonomy":"post_tag","embeddable":true,"href":"https:\/\/basta2.com\/index.php?rest_route=%2Fwp%2Fv2%2Ftags&post=2941"}],"curies":[{"name":"wp","href":"https:\/\/api.w.org\/{rel}","templated":true}]}}