{"id":3192,"date":"2020-10-21T13:38:06","date_gmt":"2020-10-21T10:38:06","guid":{"rendered":"http:\/\/basta2.com\/?p=3192"},"modified":"2020-10-21T13:42:52","modified_gmt":"2020-10-21T10:42:52","slug":"isa-q%c9%99mb%c9%99r-ordumuz-xaruq%c9%99l%c9%99r-yaradir-video","status":"publish","type":"post","link":"https:\/\/basta2.com\/?p=3192","title":{"rendered":"\u0130sa Q\u0259mb\u0259r: &#8220;Ordumuz xar\u00fcq\u0259l\u0259r yarad\u0131r&#8221;  &#8211; Video"},"content":{"rendered":"<div class=\"o9v6fnle cxmmr5t8 oygrvhab hcukyx3x c1et5uql ii04i59q\">\n<div dir=\"auto\">Milli Strateji D\u00fc\u015f\u00fcnc\u0259 M\u0259rk\u0259zinin s\u0259dri \u0130sa Q\u0259mb\u0259r q\u0259hr\u0259man \u0259sg\u0259rl\u0259rimizin z\u0259f\u0259r y\u00fcr\u00fc\u015f\u00fcn\u00fc qiym\u0259tl\u0259ndirib. O X\u00fcdaf\u0259rin k\u00f6rp\u00fcs\u00fcn\u00fc i\u015f\u011faldan azad etm\u0259sini h\u0259m geo-politik, h\u0259m d\u0259 tarixi bax\u0131m\u0131dan m\u00fch\u00fcm hadis\u0259 oldu\u011funu bildirib.<\/div>\n<\/div>\n<div dir=\"auto\"><span style=\"color: #ffffff;\">.<\/span><\/div>\n<div class=\"o9v6fnle cxmmr5t8 oygrvhab hcukyx3x c1et5uql ii04i59q\">\n<div dir=\"auto\"><\/div>\n<div dir=\"auto\">&#8220;Q\u0259hr\u0259man Az\u0259rbaycan \u018fsg\u0259rinin bayra\u011f\u0131m\u0131z\u0131 q\u0259dim Xudaf\u0259rin k\u00f6rp\u00fcs\u00fcnd\u0259 y\u00fcks\u0259ltm\u0259si 29 il bundan \u0259vv\u0259l -1991-in oktyabr\u0131nda, \u018fb\u00fclf\u0259z El\u00e7ib\u0259yl\u0259 birlikd\u0259 Xudaf\u0259rin k\u00f6p\u00fcs\u00fcn\u00fc ziyar\u0259timizi yadda\u015flarda yenid\u0259n canland\u0131rd\u0131&#8221; &#8211; dey\u0259n \u0130sa Q\u0259mb\u0259r, Kanal13-\u0259 m\u00fcsahib\u0259sind\u0259 bu v\u0259 dig\u0259r m\u0259s\u0259l\u0259l\u0259rl\u0259 ba\u011fl\u0131 suallar\u0131 cavabland\u0131r\u0131b.<\/div>\n<div dir=\"auto\"><\/div>\n<\/div>\n<div class=\"o9v6fnle cxmmr5t8 oygrvhab hcukyx3x c1et5uql ii04i59q\">\n<div dir=\"auto\"><span style=\"color: #ffffff;\">.<\/span><\/div>\n<div dir=\"auto\"><\/div>\n<div dir=\"auto\"><\/div>\n<\/div>\n<p><iframe loading=\"lazy\" title=\"&quot;M\u00fcxalif\u0259t ORDUNUN v\u0259 XALQIN YANINDADIR! Az\u0259rbaycan ORDUSU XAR\u0130Q\u018fL\u018fR YARADIR&quot;-\u0130sa Q\u018fMB\u018fR\" width=\"800\" height=\"450\" src=\"https:\/\/www.youtube.com\/embed\/AYVXXAIfZZg?feature=oembed\" frameborder=\"0\" allow=\"accelerometer; autoplay; clipboard-write; encrypted-media; gyroscope; picture-in-picture\" allowfullscreen><\/iframe><\/p>\n<p>&nbsp;<\/p>\n","protected":false},"excerpt":{"rendered":"<p>Milli Strateji D\u00fc\u015f\u00fcnc\u0259 M\u0259rk\u0259zinin s\u0259dri \u0130sa Q\u0259mb\u0259r q\u0259hr\u0259man \u0259sg\u0259rl\u0259rimizin z\u0259f\u0259r y\u00fcr\u00fc\u015f\u00fcn\u00fc qiym\u0259tl\u0259ndirib. O X\u00fcdaf\u0259rin k\u00f6rp\u00fcs\u00fcn\u00fc i\u015f\u011faldan azad etm\u0259sini h\u0259m geo-politik,<\/p>\n","protected":false},"author":1,"featured_media":3193,"comment_status":"open","ping_status":"open","sticky":false,"template":"","format":"standard","meta":{"_jetpack_memberships_contains_paid_content":false,"footnotes":""},"categories":[29,36],"tags":[],"class_list":["post-3192","post","type-post","status-publish","format-standard","has-post-thumbnail","hentry","category-manset","category-siyast"],"aioseo_notices":[],"jetpack_featured_media_url":"https:\/\/basta2.com\/wp-content\/uploads\/2020\/10\/IsaGambar.jpg","jetpack_sharing_enabled":true,"_links":{"self":[{"href":"https:\/\/basta2.com\/index.php?rest_route=\/wp\/v2\/posts\/3192","targetHints":{"allow":["GET"]}}],"collection":[{"href":"https:\/\/basta2.com\/index.php?rest_route=\/wp\/v2\/posts"}],"about":[{"href":"https:\/\/basta2.com\/index.php?rest_route=\/wp\/v2\/types\/post"}],"author":[{"embeddable":true,"href":"https:\/\/basta2.com\/index.php?rest_route=\/wp\/v2\/users\/1"}],"replies":[{"embeddable":true,"href":"https:\/\/basta2.com\/index.php?rest_route=%2Fwp%2Fv2%2Fcomments&post=3192"}],"version-history":[{"count":3,"href":"https:\/\/basta2.com\/index.php?rest_route=\/wp\/v2\/posts\/3192\/revisions"}],"predecessor-version":[{"id":3196,"href":"https:\/\/basta2.com\/index.php?rest_route=\/wp\/v2\/posts\/3192\/revisions\/3196"}],"wp:featuredmedia":[{"embeddable":true,"href":"https:\/\/basta2.com\/index.php?rest_route=\/wp\/v2\/media\/3193"}],"wp:attachment":[{"href":"https:\/\/basta2.com\/index.php?rest_route=%2Fwp%2Fv2%2Fmedia&parent=3192"}],"wp:term":[{"taxonomy":"category","embeddable":true,"href":"https:\/\/basta2.com\/index.php?rest_route=%2Fwp%2Fv2%2Fcategories&post=3192"},{"taxonomy":"post_tag","embeddable":true,"href":"https:\/\/basta2.com\/index.php?rest_route=%2Fwp%2Fv2%2Ftags&post=3192"}],"curies":[{"name":"wp","href":"https:\/\/api.w.org\/{rel}","templated":true}]}}