{"id":3601,"date":"2020-10-29T22:46:33","date_gmt":"2020-10-29T19:46:33","guid":{"rendered":"http:\/\/basta2.com\/?p=3601"},"modified":"2020-10-29T22:46:57","modified_gmt":"2020-10-29T19:46:57","slug":"erm%c9%99nistan-%c9%99haliy%c9%99-qarsi-kasset-bombalarindan-istifad%c9%99-edir-amnesty-internationalin-arasdirmasi","status":"publish","type":"post","link":"https:\/\/basta2.com\/?p=3601","title":{"rendered":"Erm\u0259nistan \u0259haliy\u0259 qar\u015f\u0131 kasset bombalar\u0131ndan istifad\u0259 edir &#8211; \u201cAmnesty International\u201d\u0131n ARA\u015eDIRMASI"},"content":{"rendered":"<div class=\"AdviadNativeVideo\"><\/div>\n<p>B\u0259rd\u0259 \u015f\u0259h\u0259rin\u0259 endirilmi\u015f raket z\u0259rb\u0259l\u0259rind\u0259n sonra \u201cAmnesty International\u201d \u0130nsan haqlar\u0131 t\u0259\u015fkilat\u0131 ilk d\u0259f\u0259 Erm\u0259nistan t\u0259r\u0259find\u0259n qada\u011fan olunmu\u015f kasset m\u0259rmil\u0259rind\u0259n istifad\u0259 fakt\u0131n\u0131 t\u0259sdiql\u0259yib.<\/p>\n<p>&nbsp;<\/p>\n<p>Bu bar\u0259d\u0259 qurumun sayt\u0131 \u201cErm\u0259nistan\/Az\u0259rbaycan: \u201cErm\u0259nistan t\u0259r\u0259find\u0259n kasset bombalar\u0131ndan \u201cq\u0259ddar\u201d v\u0259 \u201cd\u00fc\u015f\u00fcnc\u0259siz\u201d \u015f\u0259kild\u0259 ilk t\u0259sdiq olunmu\u015f istifad\u0259\u201d ba\u015fl\u0131ql\u0131\u00a0<a href=\"https:\/\/www.amnesty.org\/en\/latest\/news\/2020\/10\/armenia-azerbaijan-first-confirmed-use-of-cluster-munitions-by-armenia-cruel-and-reckless\/?fbclid=IwAR0XIkaMzy7NEJiB88vnJfKpAxTZzq_CQ27wRunVlvEkl6S4UFoLLsdSG70\" target=\"_blank\" rel=\"noopener noreferrer\">yaz\u0131<\/a>\u00a0d\u0259rc edib.<\/p>\n<p>&nbsp;<\/p>\n<p>Yaz\u0131da \u00f6t\u0259n g\u00fcn yerli vaxtla 13:30 rad\u0259l\u0259rind\u0259 B\u0259rd\u0259 \u015f\u0259h\u0259rin\u0259 bir v\u0259 ya bir ne\u00e7\u0259 \u201cSmer\u00e7\u201d raketinin at\u0131ld\u0131\u011f\u0131 vur\u011fulan\u0131b.<\/p>\n<p>&nbsp;<\/p>\n<p>Qurumun ekspertl\u0259ri \u201cVice News\u201dun m\u00fcxbirl\u0259ri t\u0259r\u0259find\u0259n \u00e7\u0259kilmi\u015f g\u00f6r\u00fcnt\u00fcl\u0259ri t\u0259hlil edib v\u0259 kasset bombalar\u0131ndan istifad\u0259 fakt\u0131n\u0131 t\u0259sdiql\u0259yibl\u0259r.<\/p>\n<p>&nbsp;<\/p>\n","protected":false},"excerpt":{"rendered":"<p>B\u0259rd\u0259 \u015f\u0259h\u0259rin\u0259 endirilmi\u015f raket z\u0259rb\u0259l\u0259rind\u0259n sonra \u201cAmnesty International\u201d \u0130nsan haqlar\u0131 t\u0259\u015fkilat\u0131 ilk d\u0259f\u0259 Erm\u0259nistan t\u0259r\u0259find\u0259n qada\u011fan olunmu\u015f kasset m\u0259rmil\u0259rind\u0259n istifad\u0259<\/p>\n","protected":false},"author":1,"featured_media":1202,"comment_status":"open","ping_status":"open","sticky":false,"template":"","format":"standard","meta":{"_jetpack_memberships_contains_paid_content":false,"footnotes":""},"categories":[30,29],"tags":[],"class_list":["post-3601","post","type-post","status-publish","format-standard","has-post-thumbnail","hentry","category-gundm","category-manset"],"aioseo_notices":[],"jetpack_featured_media_url":"https:\/\/basta2.com\/wp-content\/uploads\/2020\/08\/amnesty.jpg","jetpack_sharing_enabled":true,"_links":{"self":[{"href":"https:\/\/basta2.com\/index.php?rest_route=\/wp\/v2\/posts\/3601","targetHints":{"allow":["GET"]}}],"collection":[{"href":"https:\/\/basta2.com\/index.php?rest_route=\/wp\/v2\/posts"}],"about":[{"href":"https:\/\/basta2.com\/index.php?rest_route=\/wp\/v2\/types\/post"}],"author":[{"embeddable":true,"href":"https:\/\/basta2.com\/index.php?rest_route=\/wp\/v2\/users\/1"}],"replies":[{"embeddable":true,"href":"https:\/\/basta2.com\/index.php?rest_route=%2Fwp%2Fv2%2Fcomments&post=3601"}],"version-history":[{"count":1,"href":"https:\/\/basta2.com\/index.php?rest_route=\/wp\/v2\/posts\/3601\/revisions"}],"predecessor-version":[{"id":3602,"href":"https:\/\/basta2.com\/index.php?rest_route=\/wp\/v2\/posts\/3601\/revisions\/3602"}],"wp:featuredmedia":[{"embeddable":true,"href":"https:\/\/basta2.com\/index.php?rest_route=\/wp\/v2\/media\/1202"}],"wp:attachment":[{"href":"https:\/\/basta2.com\/index.php?rest_route=%2Fwp%2Fv2%2Fmedia&parent=3601"}],"wp:term":[{"taxonomy":"category","embeddable":true,"href":"https:\/\/basta2.com\/index.php?rest_route=%2Fwp%2Fv2%2Fcategories&post=3601"},{"taxonomy":"post_tag","embeddable":true,"href":"https:\/\/basta2.com\/index.php?rest_route=%2Fwp%2Fv2%2Ftags&post=3601"}],"curies":[{"name":"wp","href":"https:\/\/api.w.org\/{rel}","templated":true}]}}