{"id":3900,"date":"2020-11-07T21:37:28","date_gmt":"2020-11-07T18:37:28","guid":{"rendered":"http:\/\/basta2.com\/?p=3900"},"modified":"2020-11-07T22:08:37","modified_gmt":"2020-11-07T19:08:37","slug":"arif-hacili-co-baydenin-secilm%c9%99si-praqmatizmin-populizm-uz%c9%99rind%c9%99-q%c9%99l%c9%99b%c9%99sidir","status":"publish","type":"post","link":"https:\/\/basta2.com\/?p=3900","title":{"rendered":"Arif Hac\u0131l\u0131: &#8220;Co Baydenin se\u00e7ilm\u0259si praqmatizmin populizm \u00fcz\u0259rind\u0259 q\u0259l\u0259b\u0259sidir&#8221;"},"content":{"rendered":"<p>M\u00fcsavat ba\u015fqan\u0131 Arif Hac\u0131l\u0131 Demokrat partiyas\u0131n\u0131n namiz\u0259di Co Baydenin AB\u015e prezidenti se\u00e7ilm\u0259sin\u0259 m\u00fcnasib\u0259t bildirib.<\/p>\n<p>&nbsp;<\/p>\n<p>O, hesab edir ki, Demokratlar\u0131n q\u0259l\u0259b\u0259si AB\u015e-\u0131n xarici siyas\u0259tin\u0259 m\u00fcsb\u0259t t\u0259sir g\u00f6st\u0259r\u0259 bil\u0259r: &#8220;Biz\u0259 d\u0259xli yoxdur, deyilm\u0259si d\u00fczg\u00fcn deyil.\u00a0B\u00fct\u00fcn d\u00fcnyaya d\u0259xli var. Deyirl\u0259r ki, Amerika asq\u0131randa d\u00fcnya soyuqlay\u0131r.\u00a0Demokratlar\u0131n hakimiyy\u0259t\u0259 g\u0259lm\u0259si\u00a0AB\u015e xarici siyas\u0259tind\u0259 demokratik d\u0259y\u0259rl\u0259r\u0259 daha \u00e7ox \u00fcst\u00fcnl\u00fck verilm\u0259sin\u0259 s\u0259b\u0259b ola bil\u0259r.\u00a0Bu, h\u0259m d\u0259 praqmatik siyas\u0259tin populizm \u00fcz\u0259rind\u0259 q\u0259l\u0259b\u0259sidir&#8221;.<\/p>\n<p>&nbsp;<\/p>\n<p>&#8220;Bayden haqq\u0131nda xo\u015f t\u0259\u0259ss\u00fcrat\u0131m var. Bu t\u0259\u0259ss\u00fcrat o vitse-prezident oldu\u011fu d\u00f6vrd\u0259 Respublika G\u00fcn\u00fc m\u00fcnasib\u0259ti il\u0259 Az\u0259rbaycan xalq\u0131n\u0131 t\u0259brik ed\u0259rk\u0259n Xalq C\u00fcmhuriyy\u0259timiz haqq\u0131nda dediyi xo\u015f s\u00f6zl\u0259rl\u0259, T\u00fcrkiy\u0259y\u0259 s\u0259f\u0259ri zaman\u0131 bu qarda\u015f \u00f6lk\u0259y\u0259 verdiyi x\u00fcsusi \u00f6n\u0259ml\u0259 ba\u011fl\u0131d\u0131r. Se\u00e7ki kampaniyas\u0131 d\u00f6vr\u00fcnd\u0259ki l\u0259yaq\u0259tli davran\u0131\u015f\u0131 da r\u0259\u011fb\u0259t\u0259 layiq idi. AB\u015e v\u0259 d\u00fcnya \u00fc\u00e7\u00fcn xeyirli-u\u011furlu olsun&#8221;- dey\u0259, Arif Hac\u0131l\u0131 \u00f6z\u00fcn\u00fcn feysbuk s\u0259hif\u0259sind\u0259 yaz\u0131b.<\/p>\n<p>&nbsp;<\/p>\n<p>Basta<\/p>\n","protected":false},"excerpt":{"rendered":"<p>M\u00fcsavat ba\u015fqan\u0131 Arif Hac\u0131l\u0131 Demokrat partiyas\u0131n\u0131n namiz\u0259di Co Baydenin AB\u015e prezidenti se\u00e7ilm\u0259sin\u0259 m\u00fcnasib\u0259t bildirib. &nbsp; O, hesab edir ki, Demokratlar\u0131n<\/p>\n","protected":false},"author":1,"featured_media":1978,"comment_status":"open","ping_status":"open","sticky":false,"template":"","format":"standard","meta":{"_jetpack_memberships_contains_paid_content":false,"footnotes":""},"categories":[29,36],"tags":[],"class_list":["post-3900","post","type-post","status-publish","format-standard","has-post-thumbnail","hentry","category-manset","category-siyast"],"aioseo_notices":[],"jetpack_featured_media_url":"https:\/\/basta2.com\/wp-content\/uploads\/2020\/09\/arif_hacili5.jpg","jetpack_sharing_enabled":true,"_links":{"self":[{"href":"https:\/\/basta2.com\/index.php?rest_route=\/wp\/v2\/posts\/3900","targetHints":{"allow":["GET"]}}],"collection":[{"href":"https:\/\/basta2.com\/index.php?rest_route=\/wp\/v2\/posts"}],"about":[{"href":"https:\/\/basta2.com\/index.php?rest_route=\/wp\/v2\/types\/post"}],"author":[{"embeddable":true,"href":"https:\/\/basta2.com\/index.php?rest_route=\/wp\/v2\/users\/1"}],"replies":[{"embeddable":true,"href":"https:\/\/basta2.com\/index.php?rest_route=%2Fwp%2Fv2%2Fcomments&post=3900"}],"version-history":[{"count":3,"href":"https:\/\/basta2.com\/index.php?rest_route=\/wp\/v2\/posts\/3900\/revisions"}],"predecessor-version":[{"id":3903,"href":"https:\/\/basta2.com\/index.php?rest_route=\/wp\/v2\/posts\/3900\/revisions\/3903"}],"wp:featuredmedia":[{"embeddable":true,"href":"https:\/\/basta2.com\/index.php?rest_route=\/wp\/v2\/media\/1978"}],"wp:attachment":[{"href":"https:\/\/basta2.com\/index.php?rest_route=%2Fwp%2Fv2%2Fmedia&parent=3900"}],"wp:term":[{"taxonomy":"category","embeddable":true,"href":"https:\/\/basta2.com\/index.php?rest_route=%2Fwp%2Fv2%2Fcategories&post=3900"},{"taxonomy":"post_tag","embeddable":true,"href":"https:\/\/basta2.com\/index.php?rest_route=%2Fwp%2Fv2%2Ftags&post=3900"}],"curies":[{"name":"wp","href":"https:\/\/api.w.org\/{rel}","templated":true}]}}