{"id":3909,"date":"2020-11-07T23:22:50","date_gmt":"2020-11-07T20:22:50","guid":{"rendered":"http:\/\/basta2.com\/?p=3909"},"modified":"2020-11-07T23:22:50","modified_gmt":"2020-11-07T20:22:50","slug":"%c9%99rdogan-v%c9%99-putin-telefonda-qarabag-m%c9%99s%c9%99l%c9%99sini-muzakir%c9%99-etdi","status":"publish","type":"post","link":"https:\/\/basta2.com\/?p=3909","title":{"rendered":"\u018frdo\u011fan v\u0259 Putin telefonda Qaraba\u011f m\u0259s\u0259l\u0259sini m\u00fczakir\u0259 etdi"},"content":{"rendered":"<p>T\u00fcrkiy\u0259 prezidenti R\u0259c\u0259p Tayyip \u018frdo\u011fan Rusiyal\u0131 h\u0259mkar\u0131 Vladimir Putinl\u0259 telefon dan\u0131\u015f\u0131\u011f\u0131 zaman\u0131 Da\u011fl\u0131q Qaraba\u011f ba\u015fda olmaqla iki \u00f6lk\u0259 aras\u0131nda \u0259laq\u0259l\u0259ri\u00a0m\u00fczakir\u0259 edib.<\/p>\n<p>&nbsp;<\/p>\n<p>T\u00fcrkiy\u0259 prezidentinin m\u0259tbuat xidm\u0259tinin m\u0259lumat\u0131na g\u00f6r\u0259, \u018frdo\u011fan Erm\u0259nistan\u0131n i\u015f\u011fal etdiyi Az\u0259rbaycan torpaqlar\u0131ndan \u00e7\u0131xmas\u0131 laz\u0131m oldu\u011funu, Az\u0259rbaycan\u0131n \u0259ks-h\u00fccum \u0259m\u0259liyyat\u0131n\u0131n yaln\u0131z \u00f6z \u0259razil\u0259ri il\u0259 m\u0259hdudla\u015fd\u0131\u011f\u0131n\u0131 bildirib.<\/p>\n<p>&nbsp;<\/p>\n<p>Erm\u0259nistan r\u0259hb\u0259rliyinin dan\u0131\u015f\u0131qlar masas\u0131na g\u0259tirilm\u0259sinin vacibliyini inand\u0131\u011f\u0131n\u0131 ifad\u0259 ed\u0259n Prezident \u018frdo\u011fan bu m\u00fcnaqi\u015f\u0259nin\u00a0bird\u0259f\u0259lik h\u0259ll edilm\u0259si v\u0259 b\u00f6lg\u0259ni sabitl\u0259\u015fm\u0259sinin vacibliyini vur\u011fulay\u0131b.<\/p>\n<p>&nbsp;<\/p>\n<p>Oxu.az<\/p>\n","protected":false},"excerpt":{"rendered":"<p>T\u00fcrkiy\u0259 prezidenti R\u0259c\u0259p Tayyip \u018frdo\u011fan Rusiyal\u0131 h\u0259mkar\u0131 Vladimir Putinl\u0259 telefon dan\u0131\u015f\u0131\u011f\u0131 zaman\u0131 Da\u011fl\u0131q Qaraba\u011f ba\u015fda olmaqla iki \u00f6lk\u0259 aras\u0131nda \u0259laq\u0259l\u0259ri\u00a0m\u00fczakir\u0259<\/p>\n","protected":false},"author":1,"featured_media":1036,"comment_status":"open","ping_status":"open","sticky":false,"template":"","format":"standard","meta":{"_jetpack_memberships_contains_paid_content":false,"footnotes":""},"categories":[29,36],"tags":[],"class_list":["post-3909","post","type-post","status-publish","format-standard","has-post-thumbnail","hentry","category-manset","category-siyast"],"aioseo_notices":[],"jetpack_featured_media_url":"https:\/\/basta2.com\/wp-content\/uploads\/2020\/07\/Erdogan-Putin.jpg","jetpack_sharing_enabled":true,"_links":{"self":[{"href":"https:\/\/basta2.com\/index.php?rest_route=\/wp\/v2\/posts\/3909","targetHints":{"allow":["GET"]}}],"collection":[{"href":"https:\/\/basta2.com\/index.php?rest_route=\/wp\/v2\/posts"}],"about":[{"href":"https:\/\/basta2.com\/index.php?rest_route=\/wp\/v2\/types\/post"}],"author":[{"embeddable":true,"href":"https:\/\/basta2.com\/index.php?rest_route=\/wp\/v2\/users\/1"}],"replies":[{"embeddable":true,"href":"https:\/\/basta2.com\/index.php?rest_route=%2Fwp%2Fv2%2Fcomments&post=3909"}],"version-history":[{"count":1,"href":"https:\/\/basta2.com\/index.php?rest_route=\/wp\/v2\/posts\/3909\/revisions"}],"predecessor-version":[{"id":3910,"href":"https:\/\/basta2.com\/index.php?rest_route=\/wp\/v2\/posts\/3909\/revisions\/3910"}],"wp:featuredmedia":[{"embeddable":true,"href":"https:\/\/basta2.com\/index.php?rest_route=\/wp\/v2\/media\/1036"}],"wp:attachment":[{"href":"https:\/\/basta2.com\/index.php?rest_route=%2Fwp%2Fv2%2Fmedia&parent=3909"}],"wp:term":[{"taxonomy":"category","embeddable":true,"href":"https:\/\/basta2.com\/index.php?rest_route=%2Fwp%2Fv2%2Fcategories&post=3909"},{"taxonomy":"post_tag","embeddable":true,"href":"https:\/\/basta2.com\/index.php?rest_route=%2Fwp%2Fv2%2Ftags&post=3909"}],"curies":[{"name":"wp","href":"https:\/\/api.w.org\/{rel}","templated":true}]}}