{"id":4002,"date":"2020-11-13T10:18:22","date_gmt":"2020-11-13T07:18:22","guid":{"rendered":"http:\/\/basta2.com\/?p=4002"},"modified":"2020-11-13T10:18:22","modified_gmt":"2020-11-13T07:18:22","slug":"polad-bulbuloglunun-aciqlamalarina-hikm%c9%99t-haciyevd%c9%99n-publik-etiraz","status":"publish","type":"post","link":"https:\/\/basta2.com\/?p=4002","title":{"rendered":"Polad B\u00fclb\u00fclo\u011flunun a\u00e7\u0131qlamalar\u0131na Hikm\u0259t Hac\u0131yevd\u0259n publik etiraz"},"content":{"rendered":"<h1><\/h1>\n<p>&nbsp;<\/p>\n<p>Rusiya Federasiyas\u0131 Silahl\u0131 Q\u00fcvv\u0259l\u0259rin\u0259 m\u0259xsus helikopterl\u0259 \u0259laq\u0259dar ba\u015f vermi\u015f faci\u0259vi hadis\u0259 il\u0259 ba\u011fl\u0131 noyabr\u0131n 9-da Az\u0259rbaycan Respublikas\u0131n\u0131n Prezidenti \u0130lham \u018fliyev v\u0259 Rusiya Federasiyas\u0131n\u0131n Prezidenti Vladimir Putin aras\u0131nda telefon dan\u0131\u015f\u0131\u011f\u0131 olub.<\/p>\n<p>&nbsp;<\/p>\n<p>H\u0259min g\u00fcn Az\u0259rbaycan Respublikas\u0131n\u0131n Xarici \u0130\u015fl\u0259r Nazirliyi m\u00fcvafiq a\u00e7\u0131qlama il\u0259 \u00e7\u0131x\u0131\u015f edib. Az\u0259rbaycan Respublikas\u0131n\u0131n Ba\u015f Prokurorlu\u011fu t\u0259r\u0259find\u0259n bu t\u0259sad\u00fcfi faci\u0259 il\u0259 \u0259laq\u0259dar cinay\u0259t i\u015fi a\u00e7\u0131l\u0131b. Az\u0259rbaycan\u0131n v\u0259 Rusiyan\u0131n Ba\u015f prokurorlar\u0131 aras\u0131nda istintaq\u0131n gedi\u015fi il\u0259 \u0259laq\u0259dar telefon dan\u0131\u015f\u0131\u011f\u0131 olub. \u0130stintaq\u0131n gedi\u015fi il\u0259 ba\u011fl\u0131 qar\u015f\u0131l\u0131ql\u0131 m\u0259lumat m\u00fcbadil\u0259si h\u0259yata ke\u00e7irilir.<\/p>\n<div id=\"AdviadNativeVideo0\" class=\"AdviadNativeVideo\"><\/div>\n<p>Az\u0259rbaycan Respublikas\u0131n\u0131n Rusiya Federasiyas\u0131ndak\u0131 s\u0259firinin bu m\u0259s\u0259l\u0259 il\u0259 ba\u011fl\u0131 verdiyi \u015f\u0259rh yersizdir. Bu kimi hal Az\u0259rbaycan-Rusiya \u0259laq\u0259l\u0259rin\u0259 x\u0259l\u0259l g\u0259tir\u0259 bilm\u0259z.<\/p>\n<p>&nbsp;<\/p>\n<p>Bu fikirl\u0259ri\u00a0<a href=\"https:\/\/azertag.az\/xeber\/Hikmet_Haciyev_Azerbaycanin_xaricdeki_diplomatik_numayendeliklerinin_rehberleri_olkenin_resmi_movqeyine_zidd_olan_ozbasina_achiqlamalarin_verilmesinden_chekinmelidirler-1640781\" target=\"_blank\" rel=\"noopener noreferrer\">AZ\u018fRTAC<\/a>-a a\u00e7\u0131qlamas\u0131nda Prezidentin k\u00f6m\u0259k\u00e7isi, Prezident Administrasiyas\u0131n\u0131n Xarici siyas\u0259t m\u0259s\u0259l\u0259l\u0259ri \u015f\u00f6b\u0259sinin m\u00fcdiri Hikm\u0259t Hac\u0131yev bildirib.<\/p>\n<p>&nbsp;<\/p>\n<p>Qeyd ed\u0259k ki, Polad B\u00fclb\u00fclo\u011flu Rusiya h\u0259rbi helikopterinin Az\u0259rbaycan s\u0259rh\u0259dini ke\u00e7m\u0259sind\u0259n sonra ba\u015f ver\u0259n insident\u0259 m\u00fcnasib\u0259tini bildirib: &#8220;Dig\u0259r d\u00f6vl\u0259tin h\u0259rbi helikopterinin Rusiyan\u0131n d\u00f6vl\u0259t s\u0259rh\u0259dini ke\u00e7m\u0259sini nec\u0259 t\u0259s\u0259vv\u00fcr edirsiniz? Rusiyan\u0131n qo\u015funlar\u0131 v\u0259 dig\u0259r strukturlar\u0131 nec\u0259 h\u0259r\u0259k\u0259t ed\u0259rdil\u0259r? Koreya &#8220;Boing&#8221;i il\u0259 ba\u011fl\u0131 v\u0259ziyy\u0259ti xat\u0131rlada bil\u0259r\u0259m. H\u0259r bir d\u00f6vl\u0259t \u00f6z s\u0259rh\u0259dl\u0259rini qoruyur. \u00dcst\u0259lik bu, s\u0259rni\u015fin deyil, h\u0259rbi helikopterdir. \u00dcmumiyy\u0259tl\u0259, h\u0259min helikopter orada niy\u0259 u\u00e7mal\u0131 idi?&#8221;<\/p>\n<p>&nbsp;<\/p>\n<p>Hikm\u0259t Hac\u0131yev Polad B\u00fclb\u00fclo\u011flunun &#8220;Qaraba\u011fda erm\u0259nil\u0259r\u0259 ancaq m\u0259d\u0259ni muxtariyy\u0259t veril\u0259 bil\u0259r&#8221; soz\u00fcn\u0259 d\u0259 etiraz edib. Prezidentin k\u00f6m\u0259k\u00e7isi deyib: \u201cH\u0259m\u00e7inin, m\u0259s\u0259l\u0259nin mahiyy\u0259tin\u0259 varmadan Az\u0259rbaycan\u0131n Rusiyadak\u0131 s\u0259firinin Az\u0259rbaycan\u0131n Da\u011fl\u0131q Qaraba\u011f b\u00f6lg\u0259sinin statusu il\u0259 ba\u011fl\u0131 s\u00f6yl\u0259dikl\u0259ri q\u0259buledilm\u0259zdir. Az\u0259rbaycan\u0131n xaricd\u0259ki diplomatik n\u00fcmay\u0259nd\u0259likl\u0259rinin r\u0259hb\u0259rl\u0259ri v\u0259 dig\u0259r r\u0259smi \u015f\u0259xsl\u0259ri \u00f6lk\u0259nin r\u0259smi m\u00f6vqeyin\u0259 v\u0259 Prezident \u0130lham \u018fliyevin y\u00fcr\u00fctd\u00fcy\u00fc siyas\u0259t\u0259 zidd olan \u00f6zba\u015f\u0131na a\u00e7\u0131qlamalar\u0131n verilm\u0259sind\u0259n \u00e7\u0259kinm\u0259lidirl\u0259r\u201d.<\/p>\n","protected":false},"excerpt":{"rendered":"<p>&nbsp; Rusiya Federasiyas\u0131 Silahl\u0131 Q\u00fcvv\u0259l\u0259rin\u0259 m\u0259xsus helikopterl\u0259 \u0259laq\u0259dar ba\u015f vermi\u015f faci\u0259vi hadis\u0259 il\u0259 ba\u011fl\u0131 noyabr\u0131n 9-da Az\u0259rbaycan Respublikas\u0131n\u0131n Prezidenti \u0130lham<\/p>\n","protected":false},"author":1,"featured_media":4003,"comment_status":"open","ping_status":"open","sticky":false,"template":"","format":"standard","meta":{"_jetpack_memberships_contains_paid_content":false,"footnotes":""},"categories":[29,36],"tags":[],"class_list":["post-4002","post","type-post","status-publish","format-standard","has-post-thumbnail","hentry","category-manset","category-siyast"],"aioseo_notices":[],"jetpack_featured_media_url":"https:\/\/basta2.com\/wp-content\/uploads\/2020\/11\/1605243475_asasaa.jpg","jetpack_sharing_enabled":true,"_links":{"self":[{"href":"https:\/\/basta2.com\/index.php?rest_route=\/wp\/v2\/posts\/4002","targetHints":{"allow":["GET"]}}],"collection":[{"href":"https:\/\/basta2.com\/index.php?rest_route=\/wp\/v2\/posts"}],"about":[{"href":"https:\/\/basta2.com\/index.php?rest_route=\/wp\/v2\/types\/post"}],"author":[{"embeddable":true,"href":"https:\/\/basta2.com\/index.php?rest_route=\/wp\/v2\/users\/1"}],"replies":[{"embeddable":true,"href":"https:\/\/basta2.com\/index.php?rest_route=%2Fwp%2Fv2%2Fcomments&post=4002"}],"version-history":[{"count":1,"href":"https:\/\/basta2.com\/index.php?rest_route=\/wp\/v2\/posts\/4002\/revisions"}],"predecessor-version":[{"id":4004,"href":"https:\/\/basta2.com\/index.php?rest_route=\/wp\/v2\/posts\/4002\/revisions\/4004"}],"wp:featuredmedia":[{"embeddable":true,"href":"https:\/\/basta2.com\/index.php?rest_route=\/wp\/v2\/media\/4003"}],"wp:attachment":[{"href":"https:\/\/basta2.com\/index.php?rest_route=%2Fwp%2Fv2%2Fmedia&parent=4002"}],"wp:term":[{"taxonomy":"category","embeddable":true,"href":"https:\/\/basta2.com\/index.php?rest_route=%2Fwp%2Fv2%2Fcategories&post=4002"},{"taxonomy":"post_tag","embeddable":true,"href":"https:\/\/basta2.com\/index.php?rest_route=%2Fwp%2Fv2%2Ftags&post=4002"}],"curies":[{"name":"wp","href":"https:\/\/api.w.org\/{rel}","templated":true}]}}