{"id":4045,"date":"2020-11-16T09:05:31","date_gmt":"2020-11-16T06:05:31","guid":{"rendered":"http:\/\/basta2.com\/?p=4045"},"modified":"2020-11-16T09:15:49","modified_gmt":"2020-11-16T06:15:49","slug":"rust%c9%99m-muradov-oz-milli-m%c9%99nsubiyy%c9%99tini-aciqladi","status":"publish","type":"post","link":"https:\/\/basta2.com\/?p=4045","title":{"rendered":"R\u00fcst\u0259m Muradov \u00f6z milli m\u0259nsubiyy\u0259tini a\u00e7\u0131qlad\u0131"},"content":{"rendered":"<p>Rusiyan\u0131n Qaraba\u011fdak\u0131 s\u00fclhm\u0259raml\u0131 q\u00fcvv\u0259l\u0259rinin komandan\u0131 \u00f6z mili m\u0259nsubiyy\u0259tini a\u00e7\u0131qlay\u0131b.<\/p>\n<p>&nbsp;<\/p>\n<p>R\u0130A Novosti x\u0259b\u0259r verir ki,\u00a0 general-leytenant R\u00fcst\u0259m Muradov milliyy\u0259tc\u0259 Tabasaran oldu\u011funu v\u0259 m\u00fcnaqi\u015f\u0259d\u0259 i\u015ftirak ed\u0259n mill\u0259tl\u0259r\u0259 aid olmad\u0131\u011f\u0131n\u0131 s\u00f6yl\u0259yib.<\/p>\n<p>&nbsp;<\/p>\n<p>&#8220;Milliyy\u0259tim\u0259 g\u0259ldikd\u0259, h\u0259r k\u0259s bu q\u0259d\u0259r maraqlan\u0131rsa, m\u0259n Da\u011f\u0131stan Respublikas\u0131nda anadan olmu\u015fam, milliyy\u0259tc\u0259 Tabasaranam, qon\u015fu d\u00f6vl\u0259tl\u0259 milliyy\u0259tc\u0259 he\u00e7 bir \u0259laq\u0259m yoxdur&#8221; dedi Muradov M\u00fcdafi\u0259 Nazirliyinin \u015f\u0259nb\u0259 g\u00fcn\u00fc yayd\u0131\u011f\u0131 videoda.<\/p>\n<p>&nbsp;<\/p>\n<p>Muradovun qeyd edib kiz onun \u00fc\u00e7\u00fcn milliyy\u0259t anlay\u0131\u015f\u0131 yoxdur, m\u00fcnaqi\u015f\u0259 b\u00f6lg\u0259sind\u0259 h\u0259rbi borcunu yerin\u0259 yetirir.<\/p>\n<p>&nbsp;<\/p>\n<p>\u201cM\u0259n Rusiya Federasiyas\u0131n\u0131n v\u0259t\u0259nda\u015f\u0131yam, Rusiya Federasiyas\u0131 Silahl\u0131 Q\u00fcvv\u0259l\u0259rinin h\u0259rb\u00e7isiy\u0259m &#8230; v\u0259 m\u0259nim \u00fc\u00e7\u00fcn Rusiya Federasiyas\u0131n\u0131n qanunlar\u0131, x\u00fcsus\u0259n d\u0259 Rusiya Federasiyas\u0131 Silahl\u0131 Q\u00fcvv\u0259l\u0259ri Ali Komandan\u0131, M\u00fcdafi\u0259 Naziri v\u0259 r\u0259isl\u0259rimin b\u00fct\u00fcn f\u0259rman v\u0259 s\u0259r\u0259ncamlar\u0131 icra \u0259mridir. M\u0259nim \u00fc\u00e7\u00fcn bir zabit olaraq milliy\u0259t yoxdur. Tap\u015f\u0131r\u0131qlar\u0131 n\u0259z\u0259rd\u0259 tutuldu\u011fu kimi yerin\u0259 yetirir\u0259m \u201d &#8211; dey\u0259 Muradov \u0259lav\u0259 edib.<\/p>\n<p>&nbsp;<\/p>\n<p>Qeyd ed\u0259k ki, R\u00fcst\u0259m Muradovun milliy\u0259tc\u0259 az\u0259rbaycanl\u0131 oldu\u011fu haqda m\u0259lumatlar yay\u0131lm\u0131\u015fd\u0131.<\/p>\n<p>&nbsp;<\/p>\n<p>Basta<\/p>\n<p>&nbsp;<\/p>\n<p>&nbsp;<\/p>\n","protected":false},"excerpt":{"rendered":"<p>Rusiyan\u0131n Qaraba\u011fdak\u0131 s\u00fclhm\u0259raml\u0131 q\u00fcvv\u0259l\u0259rinin komandan\u0131 \u00f6z mili m\u0259nsubiyy\u0259tini a\u00e7\u0131qlay\u0131b. &nbsp; R\u0130A Novosti x\u0259b\u0259r verir ki,\u00a0 general-leytenant R\u00fcst\u0259m Muradov milliyy\u0259tc\u0259 Tabasaran<\/p>\n","protected":false},"author":1,"featured_media":4046,"comment_status":"open","ping_status":"open","sticky":false,"template":"","format":"standard","meta":{"_jetpack_memberships_contains_paid_content":false,"footnotes":""},"categories":[30,29],"tags":[],"class_list":["post-4045","post","type-post","status-publish","format-standard","has-post-thumbnail","hentry","category-gundm","category-manset"],"aioseo_notices":[],"jetpack_featured_media_url":"https:\/\/basta2.com\/wp-content\/uploads\/2020\/11\/f5fafe3420df73_5fafe3420dfb3.thumb_.jpg","jetpack_sharing_enabled":true,"_links":{"self":[{"href":"https:\/\/basta2.com\/index.php?rest_route=\/wp\/v2\/posts\/4045","targetHints":{"allow":["GET"]}}],"collection":[{"href":"https:\/\/basta2.com\/index.php?rest_route=\/wp\/v2\/posts"}],"about":[{"href":"https:\/\/basta2.com\/index.php?rest_route=\/wp\/v2\/types\/post"}],"author":[{"embeddable":true,"href":"https:\/\/basta2.com\/index.php?rest_route=\/wp\/v2\/users\/1"}],"replies":[{"embeddable":true,"href":"https:\/\/basta2.com\/index.php?rest_route=%2Fwp%2Fv2%2Fcomments&post=4045"}],"version-history":[{"count":3,"href":"https:\/\/basta2.com\/index.php?rest_route=\/wp\/v2\/posts\/4045\/revisions"}],"predecessor-version":[{"id":4049,"href":"https:\/\/basta2.com\/index.php?rest_route=\/wp\/v2\/posts\/4045\/revisions\/4049"}],"wp:featuredmedia":[{"embeddable":true,"href":"https:\/\/basta2.com\/index.php?rest_route=\/wp\/v2\/media\/4046"}],"wp:attachment":[{"href":"https:\/\/basta2.com\/index.php?rest_route=%2Fwp%2Fv2%2Fmedia&parent=4045"}],"wp:term":[{"taxonomy":"category","embeddable":true,"href":"https:\/\/basta2.com\/index.php?rest_route=%2Fwp%2Fv2%2Fcategories&post=4045"},{"taxonomy":"post_tag","embeddable":true,"href":"https:\/\/basta2.com\/index.php?rest_route=%2Fwp%2Fv2%2Ftags&post=4045"}],"curies":[{"name":"wp","href":"https:\/\/api.w.org\/{rel}","templated":true}]}}