{"id":4138,"date":"2020-11-19T19:04:44","date_gmt":"2020-11-19T16:04:44","guid":{"rendered":"http:\/\/basta2.com\/?p=4138"},"modified":"2020-11-19T19:05:38","modified_gmt":"2020-11-19T16:05:38","slug":"az%c9%99rbaycan-ordusu-agdama-girdi-video","status":"publish","type":"post","link":"https:\/\/basta2.com\/?p=4138","title":{"rendered":"Az\u0259rbaycan ordusu A\u011fdama girdi &#8211; Video"},"content":{"rendered":"<p>Aran Qaraba\u011f\u0131n vaxtil\u0259 \u0259n b\u00f6y\u00fck \u015f\u0259h\u0259ri olan A\u011fdam noyabr\u0131n 19-da Az\u0259rbaycan SQ-nin n\u0259zar\u0259ti alt\u0131na ke\u00e7ib. Bu bar\u0259d\u0259 sosial \u015f\u0259b\u0259k\u0259l\u0259rd\u0259ki m\u0259lumatlardan v\u0259 h\u0259rbi qulluq\u00e7ular\u0131n \u00e7\u0259kdikl\u0259ri videolardan m\u0259lum olub. Videog\u00f6r\u00fcnt\u00fcl\u0259rd\u0259 zirehli avtomobill\u0259r qafil\u0259sinin A\u011fdam istiqam\u0259tind\u0259 h\u0259r\u0259k\u0259t etdiyi g\u00f6r\u00fcn\u00fcr.<\/p>\n<p>&nbsp;<\/p>\n<p>Daha sonra h\u0259rbi qulluq\u00e7ular \u015f\u0259h\u0259r viran\u0259l\u0259rini v\u0259 \u015f\u0259h\u0259rin yar\u0131da\u011f\u0131lm\u0131\u015f v\u0259ziyy\u0259td\u0259 olan m\u0259rk\u0259zi m\u0259scidini \u00e7\u0259kibl\u0259r. Erm\u0259nil\u0259r bu m\u0259scidd\u0259n donuz dam\u0131 kimi istifad\u0259 edirdil\u0259r.<\/p>\n<p>&nbsp;<\/p>\n<p>Xat\u0131rladaq ki, 9 noyabr tarixli sazi\u015f\u0259 \u0259sas\u0259n, Erm\u0259nistan qo\u015funlar\u0131 A\u011fdam rayonunu noyabr\u0131n 20-n\u0259 q\u0259d\u0259r bo\u015faltmal\u0131d\u0131rlar.<\/p>\n<p>&nbsp;<\/p>\n<p>A\u011fdam 1993-c\u00fc ilin iyulunda erm\u0259nil\u0259r t\u0259r\u0259find\u0259n i\u015f\u011fal edilib v\u0259 i\u015f\u011fal edilmi\u015f \u0259razil\u0259rd\u0259 b\u00fct\u00fcn dig\u0259r ya\u015fay\u0131\u015f m\u0259nt\u0259q\u0259l\u0259ri kimi, tamamil\u0259 m\u0259hv edilib.<\/p>\n<p>&nbsp;<\/p>\n<p>150 min \u0259halisi olan bu \u015f\u0259h\u0259r h\u0259mi\u015f\u0259 Az\u0259rbaycan\u0131n \u0259n z\u0259ngin v\u0259 fir\u0259van \u015f\u0259h\u0259rl\u0259rind\u0259n biri olub. \u015e\u0259h\u0259r regionda strateji m\u00f6vqey\u0259 sahibdir v\u0259 Da\u011fl\u0131q Qaraba\u011f\u0131n \u00fc\u00e7 rayonuna \u2013 Xocav\u0259nd (Martuni), \u018fsg\u0259ran v\u0259 A\u011fd\u0259r\u0259 (Mardakert) rayonlar\u0131na \u00e7\u0131x\u0131\u015f\u0131 var. A\u011fdam Da\u011fl\u0131q Qaraba\u011f\u0131n inzibati m\u0259rk\u0259zind\u0259n \u2013 Xank\u0259ndind\u0259n (Stepanakert) c\u0259mi 25 km m\u0259saf\u0259d\u0259 yerl\u0259\u015fir.<\/p>\n<p>&nbsp;<\/p>\n<p>Bu g\u00fcn Az\u0259rbaycanl\u0131lar 27 illik i\u015f\u011faldan sonra bu rayona qay\u0131d\u0131blar. Amma son 5 g\u00fcn \u0259rzind\u0259 erm\u0259nil\u0259r bu rayonda, ilk n\u00f6vb\u0259d\u0259 erm\u0259nil\u0259rin i\u015f\u011faldan sonra m\u0259skunla\u015fd\u0131qlar\u0131 k\u0259ndl\u0259rd\u0259 olan bir \u00e7ox obyekti yand\u0131r\u0131blar.<\/p>\n<p>&nbsp;<\/p>\n<p><iframe loading=\"lazy\" style=\"border: none; overflow: hidden;\" src=\"https:\/\/www.facebook.com\/plugins\/video.php?height=316&amp;href=https%3A%2F%2Fwww.facebook.com%2FBastainfocom%2Fvideos%2F365787161157942%2F&amp;show_text=false&amp;width=560\" width=\"560\" height=\"316\" frameborder=\"0\" scrolling=\"no\" allowfullscreen=\"allowfullscreen\"><\/iframe><\/p>\n","protected":false},"excerpt":{"rendered":"<p>Aran Qaraba\u011f\u0131n vaxtil\u0259 \u0259n b\u00f6y\u00fck \u015f\u0259h\u0259ri olan A\u011fdam noyabr\u0131n 19-da Az\u0259rbaycan SQ-nin n\u0259zar\u0259ti alt\u0131na ke\u00e7ib. Bu bar\u0259d\u0259 sosial \u015f\u0259b\u0259k\u0259l\u0259rd\u0259ki m\u0259lumatlardan<\/p>\n","protected":false},"author":1,"featured_media":4139,"comment_status":"open","ping_status":"open","sticky":false,"template":"","format":"standard","meta":{"_jetpack_memberships_contains_paid_content":false,"footnotes":""},"categories":[30,29],"tags":[],"class_list":["post-4138","post","type-post","status-publish","format-standard","has-post-thumbnail","hentry","category-gundm","category-manset"],"aioseo_notices":[],"jetpack_featured_media_url":"https:\/\/basta2.com\/wp-content\/uploads\/2020\/11\/agdam-4.jpg","jetpack_sharing_enabled":true,"_links":{"self":[{"href":"https:\/\/basta2.com\/index.php?rest_route=\/wp\/v2\/posts\/4138","targetHints":{"allow":["GET"]}}],"collection":[{"href":"https:\/\/basta2.com\/index.php?rest_route=\/wp\/v2\/posts"}],"about":[{"href":"https:\/\/basta2.com\/index.php?rest_route=\/wp\/v2\/types\/post"}],"author":[{"embeddable":true,"href":"https:\/\/basta2.com\/index.php?rest_route=\/wp\/v2\/users\/1"}],"replies":[{"embeddable":true,"href":"https:\/\/basta2.com\/index.php?rest_route=%2Fwp%2Fv2%2Fcomments&post=4138"}],"version-history":[{"count":1,"href":"https:\/\/basta2.com\/index.php?rest_route=\/wp\/v2\/posts\/4138\/revisions"}],"predecessor-version":[{"id":4140,"href":"https:\/\/basta2.com\/index.php?rest_route=\/wp\/v2\/posts\/4138\/revisions\/4140"}],"wp:featuredmedia":[{"embeddable":true,"href":"https:\/\/basta2.com\/index.php?rest_route=\/wp\/v2\/media\/4139"}],"wp:attachment":[{"href":"https:\/\/basta2.com\/index.php?rest_route=%2Fwp%2Fv2%2Fmedia&parent=4138"}],"wp:term":[{"taxonomy":"category","embeddable":true,"href":"https:\/\/basta2.com\/index.php?rest_route=%2Fwp%2Fv2%2Fcategories&post=4138"},{"taxonomy":"post_tag","embeddable":true,"href":"https:\/\/basta2.com\/index.php?rest_route=%2Fwp%2Fv2%2Ftags&post=4138"}],"curies":[{"name":"wp","href":"https:\/\/api.w.org\/{rel}","templated":true}]}}