{"id":4155,"date":"2020-11-20T10:35:52","date_gmt":"2020-11-20T07:35:52","guid":{"rendered":"http:\/\/basta2.com\/?p=4155"},"modified":"2020-11-20T10:35:52","modified_gmt":"2020-11-20T07:35:52","slug":"bu-gun-isgaldan-azad-olunan-agdama-komendant-t%c9%99yin-edildi-r%c9%99smi","status":"publish","type":"post","link":"https:\/\/basta2.com\/?p=4155","title":{"rendered":"Bu g\u00fcn i\u015f\u011faldan azad olunan A\u011fdama komendant t\u0259yin edildi &#8211; R\u018fSM\u0130"},"content":{"rendered":"<h1><span style=\"font-size: 16px;\">Bu g\u00fcn i\u015f\u011faldan azad olunan A\u011fdam \u015f\u0259h\u0259rinin Polis \u015e\u00f6b\u0259sinin r\u0259isi v\u0259 m\u00fcavinl\u0259ri \u015f\u0259h\u0259r \u00fczr\u0259 komendant v\u0259 m\u00fcavinl\u0259ri t\u0259yin edilib.\u00a0<\/span><\/h1>\n<p>Bunu\u00a0<strong>Oxu.Az<\/strong>-a a\u00e7\u0131qlams\u0131nda Daxili \u0130\u015fl\u0259r Nazirliyinin\u00a0m\u0259tbuat xidm\u0259tinin r\u0259isi, polis polkovniki Ehsan Zahidov deyib.<\/p>\n<p>&nbsp;<\/p>\n<p>Nazirlik r\u0259smisi qeyd edib ki, Prezident \u0130lham \u018fliyevin \u201cAz\u0259rbaycan Respublikas\u0131n\u0131n i\u015f\u011faldan azad olunmu\u015f \u0259razil\u0259rind\u0259 m\u00fcv\u0259qq\u0259ti x\u00fcsusi idar\u0259etm\u0259nin t\u0259\u015fkili haqq\u0131nda f\u0259rman\u0131\u201dna uy\u011fun olaraq Daxili \u0130\u015fl\u0259r naziri, general-polkovnik Vilay\u0259t Eyvazovun \u0259mri il\u0259 A\u011fdam \u015e\u0259h\u0259r Polis \u015e\u00f6b\u0259sinin r\u0259isi v\u0259 m\u00fcavinl\u0259ri t\u0259yin olunub.<\/p>\n<div id=\"AdviadNativeVideo0\" class=\"AdviadNativeVideo\"><\/div>\n<p>\u201cA\u011fdam Rayon Polis \u015e\u00f6b\u0259si A\u011fdam \u015f\u0259h\u0259rin\u0259 k\u00f6\u00e7\u00fcr\u00fcl\u0259c\u0259k. RP\u015e-nin \u0259m\u0259kda\u015flar\u0131 v\u0259 Daxil Qo\u015funlar\u0131n h\u0259rb\u00e7il\u0259rind\u0259n ibar\u0259t \u015f\u0259xsi hey\u0259ti A\u011fdamda komendant rejimind\u0259 \u00e7al\u0131\u015facaqlar\u201d, &#8211; dey\u0259 o \u0259lav\u0259 edib.<\/p>\n<p>&nbsp;<\/p>\n<p>Qeyd ed\u0259k ki, A\u011fdam RP\u015e-nin r\u0259isi polis polkovniki P\u0259rviz \u0130smay\u0131lovdur.<\/p>\n<p>&nbsp;<\/p>\n","protected":false},"excerpt":{"rendered":"<p>Bu g\u00fcn i\u015f\u011faldan azad olunan A\u011fdam \u015f\u0259h\u0259rinin Polis \u015e\u00f6b\u0259sinin r\u0259isi v\u0259 m\u00fcavinl\u0259ri \u015f\u0259h\u0259r \u00fczr\u0259 komendant v\u0259 m\u00fcavinl\u0259ri t\u0259yin edilib.\u00a0 Bunu\u00a0Oxu.Az-a<\/p>\n","protected":false},"author":1,"featured_media":4156,"comment_status":"open","ping_status":"open","sticky":false,"template":"","format":"standard","meta":{"_jetpack_memberships_contains_paid_content":false,"footnotes":""},"categories":[35],"tags":[],"class_list":["post-4155","post","type-post","status-publish","format-standard","has-post-thumbnail","hentry","category-olk"],"aioseo_notices":[],"jetpack_featured_media_url":"https:\/\/basta2.com\/wp-content\/uploads\/2020\/11\/dinnnnn.jpg","jetpack_sharing_enabled":true,"_links":{"self":[{"href":"https:\/\/basta2.com\/index.php?rest_route=\/wp\/v2\/posts\/4155","targetHints":{"allow":["GET"]}}],"collection":[{"href":"https:\/\/basta2.com\/index.php?rest_route=\/wp\/v2\/posts"}],"about":[{"href":"https:\/\/basta2.com\/index.php?rest_route=\/wp\/v2\/types\/post"}],"author":[{"embeddable":true,"href":"https:\/\/basta2.com\/index.php?rest_route=\/wp\/v2\/users\/1"}],"replies":[{"embeddable":true,"href":"https:\/\/basta2.com\/index.php?rest_route=%2Fwp%2Fv2%2Fcomments&post=4155"}],"version-history":[{"count":1,"href":"https:\/\/basta2.com\/index.php?rest_route=\/wp\/v2\/posts\/4155\/revisions"}],"predecessor-version":[{"id":4157,"href":"https:\/\/basta2.com\/index.php?rest_route=\/wp\/v2\/posts\/4155\/revisions\/4157"}],"wp:featuredmedia":[{"embeddable":true,"href":"https:\/\/basta2.com\/index.php?rest_route=\/wp\/v2\/media\/4156"}],"wp:attachment":[{"href":"https:\/\/basta2.com\/index.php?rest_route=%2Fwp%2Fv2%2Fmedia&parent=4155"}],"wp:term":[{"taxonomy":"category","embeddable":true,"href":"https:\/\/basta2.com\/index.php?rest_route=%2Fwp%2Fv2%2Fcategories&post=4155"},{"taxonomy":"post_tag","embeddable":true,"href":"https:\/\/basta2.com\/index.php?rest_route=%2Fwp%2Fv2%2Ftags&post=4155"}],"curies":[{"name":"wp","href":"https:\/\/api.w.org\/{rel}","templated":true}]}}