{"id":4355,"date":"2020-11-28T09:21:32","date_gmt":"2020-11-28T06:21:32","guid":{"rendered":"http:\/\/basta2.com\/?p=4355"},"modified":"2020-11-28T09:36:15","modified_gmt":"2020-11-28T06:36:15","slug":"zod-soyudlu-qizil-filizi-yataginin-74-i-az%c9%99rbaycana-kecm%c9%99lidir","status":"publish","type":"post","link":"https:\/\/basta2.com\/?p=4355","title":{"rendered":"Zod-Soy\u00fcdl\u00fc q\u0131z\u0131l filizi yata\u011f\u0131n\u0131n 74%-i Az\u0259rbaycana ke\u00e7m\u0259lidir"},"content":{"rendered":"<p class=\"prvtxt\"><span style=\"font-size: 14pt; font-family: 'times new roman', times, serif;\">Az\u0259rbaycan\u0131n noyabr\u0131n 25-d\u0259 27 illik erm\u0259ni i\u015f\u011fal\u0131ndan azad edil\u0259n K\u0259lb\u0259c\u0259r rayonu b\u00f6y\u00fck iqtisadi potensiala malikdir, bel\u0259 ki, rayon \u0259razisind\u0259 \u00e7ox sayda filiz yata\u011f\u0131 var.Bu m\u0259qal\u0259d\u0259 biz 112 ton q\u0131z\u0131l ehtiyatlar\u0131 olan S\u00f6y\u00fcdl\u00fc (erm\u0259ni dilind\u0259 ad\u0131 \u201cZod\u201d v\u0259 ya \u201cSot\u201d) yata\u011f\u0131ndan b\u0259hs ed\u0259c\u0259yik. Burada ki filizd\u0259 q\u0131z\u0131l t\u0259rkibi is\u0259 \u00e7ox y\u00fcks\u0259kdir \u2013 bir tonda 7,3 qram \u2013 bu, C\u0259nubi Qafqaz regionunda \u0259n y\u00fcks\u0259k g\u00f6st\u0259ricil\u0259rd\u0259n biridir (Anglo Asian Mining \u2013 AAM-in qiym\u0259tl\u0259ndirm\u0259si).<\/span><\/p>\n<p>&nbsp;<\/p>\n<p><span style=\"font-size: 14pt; font-family: 'times new roman', times, serif;\">Yataq 1951-ci ild\u0259 Az\u0259rbaycan t\u0259r\u0259fd\u0259n K\u0259lb\u0259c\u0259r rayonu v\u0259 Erm\u0259nistan t\u0259r\u0259fd\u0259n Basarke\u00e7\u0259r rayonunun s\u0259rh\u0259dind\u0259 k\u0259\u015ff edilib. Yata\u011f\u0131n b\u00f6y\u00fck hiss\u0259si (q\u0131z\u0131l ehtiyatlar\u0131n\u0131n 75%-i v\u0259 ya 25 q\u0131z\u0131l quyusundan 17-si) Az\u0259rbaycan \u0259razisind\u0259 olsa da, SSR\u0130 Geologiya Nazirliyinin \u0259mri il\u0259 yata\u011f\u0131n idar\u0259etm\u0259si Erm\u0259nistan\u0131n geologiya idar\u0259sin\u0259 verilib. Yata\u011f\u0131n s\u0259naye istismar\u0131na 1976-c\u0131 ild\u0259 ba\u015flan\u0131b. 1977-1990-c\u0131 ill\u0259rd\u0259 bu yataqdan 27,6 ton q\u0131z\u0131l \u00e7\u0131xar\u0131l\u0131b.<\/span><\/p>\n<p>&nbsp;<\/p>\n<p><span style=\"font-size: 14pt; font-family: 'times new roman', times, serif;\">1992-ci ild\u0259 Da\u011fl\u0131q Qaraba\u011f m\u00fcnaqi\u015f\u0259si il\u0259 \u0259laq\u0259dar bu yataqda i\u015fl\u0259r dayand\u0131r\u0131l\u0131b.<\/span><\/p>\n<p>&nbsp;<\/p>\n<p><span style=\"font-size: 14pt; font-family: 'times new roman', times, serif;\">Bununla bel\u0259, 1997-ci il avqustun 20-d\u0259 Az\u0259rbaycan h\u00f6kum\u0259ti onu RV Investment \u015firk\u0259ti il\u0259 imzalad\u0131\u011f\u0131 ilk uzunm\u00fcdd\u0259tli beyn\u0259lxalq \u201cq\u0131z\u0131l m\u00fcqavil\u0259sin\u0259\u201d daxil edib.<\/span><\/p>\n<p>&nbsp;<\/p>\n<p><span style=\"font-size: 14pt; font-family: 'times new roman', times, serif;\">Erm\u0259nistan\u0131n i\u015f\u011fal\u0131 il\u0259 \u0259laq\u0259dar bu yata\u011fa \u00e7\u0131x\u0131\u015f\u0131 olmayan \u015firk\u0259t \u2013 operator AAM (qiym\u0259ti London birjas\u0131nda t\u0259yin edilir) kosmosdan \u00e7\u0259kili\u015f \u0259sas\u0131nda Erm\u0259nistan t\u0259r\u0259fin beyn\u0259lxalq h\u00fcquq normalar\u0131n\u0131 pozaraq, K\u0259lb\u0259c\u0259r rayonunun i\u015f\u011fal edilmi\u015f bu hiss\u0259sind\u0259 f\u0259aliyy\u0259t h\u0259yata ke\u00e7irdiyini qeyd\u0259 al\u0131b. Bu faktlar h\u00fcquqi iddia \u015f\u0259klind\u0259 r\u0259smil\u0259\u015fdirilib v\u0259 \u00f6z vaxt\u0131n\u0131 g\u00f6zl\u0259yir.<\/span><\/p>\n<div id=\"bnsboxart1\" class=\"bnsbox\"><\/div>\n<p><span style=\"font-size: 14pt; font-family: 'times new roman', times, serif;\">AAM-in 24 noyabr 2020-ci il tarixli m\u0259lumat\u0131nda deyilir ki, \u201cg\u00f6r\u00fcnd\u00fcy\u00fc q\u0259d\u0259r, d\u00f6y\u00fc\u015f \u0259m\u0259liyyatlar\u0131na son qoyan s\u00fclh sazi\u015fi imzalan\u0131b\u201d.<\/span><\/p>\n<p>&nbsp;<\/p>\n<p><span style=\"font-size: 14pt; font-family: 'times new roman', times, serif;\">\u201cAz\u0259rbaycan h\u00f6kum\u0259ti v\u0259 AAM laz\u0131mi vaxtda 1997-ci il tarixli m\u0259hsul b\u00f6lg\u00fcs\u00fc haqq\u0131nda sazi\u015f\u0259 (PSA) daxil edilmi\u015f v\u0259 Az\u0259rbaycan\u0131n haz\u0131rda \u00e7\u0131x\u0131\u015f olan rayonlar\u0131nda yerl\u0259\u015f\u0259n m\u00fcqavil\u0259 sah\u0259l\u0259ri il\u0259 ba\u011fl\u0131 planlar\u0131 haqq\u0131nda bazar\u0131 m\u0259lumatland\u0131racaq\u201d, dey\u0259 m\u0259lumatda qeyd edilir.<\/span><\/p>\n<p>&nbsp;<\/p>\n<p><span style=\"font-size: 14pt; font-family: 'times new roman', times, serif;\">Qeyd ed\u0259k ki, RV \u0130nvestmentl\u0259 bu PSA-ya Z\u0259ngilan rayonunda Veyn\u0259li v\u0259 A\u011fd\u0259r\u0259 rayonunda Q\u0131z\u0131lbulaq yataqlar\u0131 da daxil edilib, amma m\u0259hz S\u00f6y\u00fcdl\u00fc \u0259n d\u0259y\u0259rli yataqlardan biri hesab olunur, \u00e7\u00fcnki ondak\u0131 q\u0131z\u0131l\u0131n a\u015fqar\u0131 azd\u0131r v\u0259 dem\u0259li, onun t\u0259mizl\u0259nm\u0259si (affinaj\u0131) prosesi daha asand\u0131r v\u0259 b\u00f6y\u00fck maliyy\u0259 x\u0259rci t\u0259l\u0259b etmir.<\/span><\/p>\n<p>&nbsp;<\/p>\n<p><span style=\"font-size: 14pt; font-family: 'times new roman', times, serif;\">\u00dcmumilikd\u0259 bu 3 yataq 900 kvadrat kilometrlik m\u00fcqavil\u0259 sah\u0259sin\u0259 malikdir.<\/span><\/p>\n<p>&nbsp;<\/p>\n<p><span style=\"font-size: 14pt; font-family: 'times new roman', times, serif;\">\u0130ndiy\u0259d\u0259k K\u0259lb\u0259c\u0259r rayonundak\u0131 hiss\u0259 Rusiyan\u0131n GeoProMining (\u201cGeoProMayning\u201d MMC \u2013 Erm\u0259nistan v\u0259 RF \u0259razisind\u0259 i\u015fl\u0259yir) \u015firk\u0259tinin n\u0259zar\u0259ti alt\u0131nda idi.<\/span><\/p>\n<p>&nbsp;<\/p>\n<p><span style=\"font-size: 14pt; font-family: 'times new roman', times, serif;\">Rusiya K\u0130V-l\u0259rinin noyabr\u0131n 27-d\u0259 yayd\u0131\u011f\u0131 m\u0259lumata g\u00f6r\u0259, \u201cErm\u0259nistan\u0131n Az\u0259rbaycan\u0131n n\u0259zar\u0259ti alt\u0131na ke\u00e7\u0259n K\u0259lb\u0259c\u0259r rayonu il\u0259 d\u00f6vl\u0259t s\u0259rh\u0259di \u201cZod\u201d yata\u011f\u0131n\u0131 iki hiss\u0259y\u0259 b\u00f6l\u00fcb\u201d.<\/span><\/p>\n<div id=\"bnsboxart2\" class=\"bnsbox\"><\/div>\n<p><span style=\"font-size: 14pt; font-family: 'times new roman', times, serif;\">Erm\u0259nistan SQ Ba\u015f Q\u0259rargah r\u0259isinin birinci m\u00fcavini Tiran Xa\u00e7ataryan jurnalistl\u0259r\u0259 bildirib ki, \u201cGeoProMining \u0259vv\u0259lc\u0259d\u0259n t\u0259hl\u00fck\u0259sizliyin t\u0259min edilm\u0259si \u00fczr\u0259 t\u0259dbirl\u0259r g\u00f6r\u00fcb, yolda burax\u0131l\u0131\u015f m\u0259nt\u0259q\u0259si yerl\u0259\u015fdirilib, Az\u0259rbaycan h\u0259rbi\u00e7il\u0259rin\u0259 is\u0259 bunun Rusiyaya m\u0259xsus obyekt oldu\u011fu bar\u0259d\u0259 x\u0259b\u0259rdarl\u0131q edilib\u201d.<\/span><\/p>\n<p>&nbsp;<\/p>\n<p><span style=\"font-size: 14pt; font-family: 'times new roman', times, serif;\">Xat\u0131rladaq ki, noyabr\u0131n 26-da \u015f\u0259b\u0259k\u0259d\u0259 Az\u0259rbaycan h\u0259rbi\u00e7il\u0259rinin bu q\u0131z\u0131l yata\u011f\u0131n\u0131n \u0259razisin\u0259 daxil oldu\u011funu \u0259ks etdir\u0259n video yay\u0131l\u0131b.<\/span><\/p>\n<p>&nbsp;<\/p>\n<p><span style=\"font-size: 14pt; font-family: 'times new roman', times, serif;\">Noyabr\u0131n 26-da ax\u015fam saatlar\u0131nda Erm\u0259nistan M\u00fcdafi\u0259 Nazirliyi b\u0259yan edib ki, Erm\u0259nistan v\u0259 Az\u0259rbaycan\u0131n n\u0259zar\u0259ti alt\u0131na al\u0131nm\u0131\u015f K\u0259lb\u0259c\u0259r rayonu aras\u0131nda s\u0259rh\u0259din demarkasiyas\u0131 h\u0259yata ke\u00e7irilir v\u0259 i\u015fl\u0259rin bir hiss\u0259si q\u0131z\u0131l yata\u011f\u0131 zonas\u0131ndan ke\u00e7ir.<\/span><\/p>\n<p>&nbsp;<\/p>\n<p><span style=\"font-size: 14pt; font-family: 'times new roman', times, serif;\">Turan bu m\u0259s\u0259l\u0259 il\u0259 ba\u011fl\u0131 Az\u0259rbaycan X\u0130N-\u0259 m\u00fcraci\u0259t edib, amma bu m\u0259qal\u0259 yaz\u0131lark\u0259n h\u0259l\u0259 \u015f\u0259rh verilm\u0259mi\u015fdi.<\/span><\/p>\n<p><span style=\"font-size: 14pt; font-family: 'times new roman', times, serif;\">Ekspertl\u0259rin fikrinc\u0259, demarkasiya prosesi vaxt t\u0259l\u0259b edir v\u0259 dem\u0259li, h\u0259l\u0259lik S\u00f6y\u00fcdl\u00fc yata\u011f\u0131n\u0131n n\u0259 vaxt AAM-in balans\u0131na veril\u0259c\u0259yini dem\u0259k \u00e7\u0259tindir.<\/span><\/p>\n<div id=\"bnsboxart3\" class=\"bnsbox\"><\/div>\n<p><span style=\"font-size: 14pt; font-family: 'times new roman', times, serif;\">H\u0259l\u0259lik is\u0259 AAM-in \u0259sas \u0259m\u0259liyyatlar\u0131 G\u0259d\u0259b\u0259y (735 min unsiya q\u0131z\u0131l ehtiyat\u0131, q\u0131z\u0131l t\u0259rkibi 0,6-0,8 qr\/t), Q\u0259dir m\u0259d\u0259nind\u0259 (ehtiyatlar\u0131 \u2013 267 min unsiya q\u0131z\u0131l, q\u0131z\u0131l t\u0259rkibi 2,4 qr\/t) v\u0259 \u00fcmumi sah\u0259si 2 min kv. m-\u0259 yax\u0131n olan bir s\u0131ra dig\u0259r sah\u0259l\u0259rd\u0259 h\u0259yata ke\u00e7irilir.<\/span><\/p>\n<p>&nbsp;<\/p>\n<p><span style=\"font-size: 14pt; font-family: 'times new roman', times, serif;\">AAM Az\u0259rbaycanda 2006-c\u0131 ild\u0259n i\u015fl\u0259n\u0259n zonalardan 2020-ci ild\u0259 70 min unsiyaya yax\u0131n q\u0131z\u0131l hasil ed\u0259 bil\u0259r, 2019-cu ilin yekunlar\u0131na g\u00f6r\u0259 bu g\u00f6st\u0259rici 81,4 min unsiya t\u0259\u015fkil edib. Azalma COV\u0130D-19 pandemiyas\u0131 il\u0259 \u0259laq\u0259dar karantin t\u0259dbirl\u0259rinin n\u0259tic\u0259l\u0259ri il\u0259 \u0259laq\u0259dard\u0131r.<\/span><\/p>\n<p>&nbsp;<\/p>\n<p><span style=\"font-size: 14pt; font-family: 'times new roman', times, serif;\">Yax\u0131n g\u0259l\u0259c\u0259kd\u0259 AAM i\u015f\u011fal edilmi\u015f \u0259razil\u0259rd\u0259ki dig\u0259r iki yataqla ba\u011fl\u0131 planlar\u0131n\u0131 d\u0259qiql\u0259\u015fdir\u0259c\u0259k, amma demarkasiya zaman\u0131 \u201cQ\u0131z\u0131lbulaq\u201d\u0131n Erm\u0259nistan t\u0259r\u0259fd\u0259 qalaca\u011f\u0131 istisna deyil.<\/span><\/p>\n<p>&nbsp;<\/p>\n<p><span style=\"font-size: 14pt; font-family: 'times new roman', times, serif;\">\u201cVeyn\u0259li\u201dy\u0259 g\u0259linc\u0259, m\u0259\u015fhur iqtisad\u00e7\u0131, deputat V\u00fcqar Bayramovun s\u00f6zl\u0259rin\u0259 g\u00f6r\u0259, Z\u0259ngilan rayonu \u0259razisind\u0259 t\u0259rkibind\u0259 q\u0131z\u0131l olan bu yataq kvars-q\u0131z\u0131l-sulfid t\u0259rkibli geoloji-s\u0259naye tipli quyulara aiddir.<\/span><\/p>\n<p>&nbsp;<\/p>\n<p><span style=\"font-size: 14pt; font-family: 'times new roman', times, serif;\">\u201cYataqda 25 q\u0131z\u0131l t\u0259rkibli kvars quyusu zonas\u0131 t\u0259dqiq edilib, 14, 15, 16, 19, 21 v\u0259 24 zonalar\u0131 \u00fc\u00e7\u00fcn C + C2 kateqoriyalar\u0131 \u00fczr\u0259 ehtiyatlar hesablan\u0131b. Veyn\u0259li yata\u011f\u0131 1959-1962-ci ill\u0259rd\u0259 k\u0259\u015ff edilib, geoloji k\u0259\u015ffiyyat i\u015fl\u0259ri 1962-1971, 1976-1981 v\u0259 1983-1984-c\u00fc ill\u0259rd\u0259 h\u0259yata ke\u00e7irilib. Yataq 1984-c\u00fc ild\u0259 Resurslar \u00fczr\u0259 Komissiya t\u0259r\u0259find\u0259n qeydiyyata al\u0131n\u0131b v\u0259 Az\u0259rbaycan Respublikas\u0131n\u0131n D\u00f6vl\u0259t mineral resurslar balans\u0131na daxil edilib. T\u0259sdiq edilmi\u015f ehtiyatlar: C1 kateqoriyas\u0131na aid filizl\u0259r \u2013 183\u00a0000 ton, q\u0131z\u0131l 2\u00a0169 ton, C2 kateqoriyas\u0131na aid filiz \u2013 433 min ton, q\u0131z\u0131l 4\u00a0347 ton. C1 kateqoriyas\u0131na aid g\u00fcm\u00fc\u015f \u2013 0,19 ton; C2 kateqoriyas\u0131na aid g\u00fcm\u00fc\u015f \u2013 9,9 ton. C1 kateqoriyas\u0131na aid mis \u2013 9,2 min ton, C2 kateqoriyas\u0131na aid mis \u2013 2800 ton\u201d, dey\u0259 Bayramov Az\u0259rTac-a m\u00fcsahib\u0259sind\u0259 bildirib.<\/span><\/p>\n<div id=\"bnsboxart4\" class=\"bnsbox\"><\/div>\n<p><span style=\"font-size: 14pt; font-family: 'times new roman', times, serif;\">Onun s\u00f6zl\u0259rin\u0259 g\u00f6r\u0259, Erm\u0259nistan biznesmenl\u0259ri v\u0259 onlar\u0131n bir s\u0131ra xarici t\u0259r\u0259fda\u015flar\u0131 faktiki olaraq 1992-2020-ci ill\u0259rd\u0259 Az\u0259rbaycan\u0131n i\u015f\u011fal edilmi\u015f \u0259razil\u0259rind\u0259ki filiz yataqlar\u0131n\u0131 qanunsuz olaraq talan edibl\u0259r.<\/span><\/p>\n<p>&nbsp;<\/p>\n<p><span style=\"font-size: 14pt; font-family: 'times new roman', times, serif;\">\u201cBel\u0259 cinay\u0259tkarlardan biri \u0130sve\u00e7r\u0259nin d\u00fcnya s\u0259viyy\u0259sind\u0259 m\u0259\u015fhur Franck Muller Group saat brendinin banil\u0259rind\u0259n biri v\u0259 ba\u015f direktoru Vartan Sirmakesdir. \u201cS\u00f6y\u00fcdl\u00fc\u201d v\u0259 \u201cVeyn\u0259li\u201dd\u0259n \u00e7\u0131xan q\u0131z\u0131l faktiki olaraq bu brendin m\u0259mulatlar\u0131na (18 karatl\u0131 q\u0131z\u0131l) i\u015fl\u0259nib, beyn\u0259lxalq\u00a0 birjalarda \u0259n y\u00fcks\u0259k 999,9 karat \u0259yarl\u0131 k\u00fcl\u00e7\u0259l\u0259r \u015f\u0259klind\u0259 sat\u0131l\u0131b, Erm\u0259nistan\u0131n M\u0259rk\u0259zi Bank\u0131na apar\u0131l\u0131b&#8230; Be\u015f il \u0259vv\u0259l Az\u0259rbaycan Ba\u015f Prokurorlu\u011fu Vardan Sirmakes\u0259 qar\u015f\u0131 cinay\u0259t i\u015fi a\u00e7\u0131b v\u0259 onun bar\u0259sind\u0259 beyn\u0259lxalq axtar\u0131\u015f elan edib. T\u0259hqiqat materiallar\u0131ndan g\u00f6r\u00fcn\u00fcr ki, Az\u0259rbaycan t\u0259r\u0259fi Sirmakesin qanunsuz iqtisadi f\u0259aliyy\u0259ti, x\u00fcsus\u0259n onun q\u0131z\u0131l yata\u011f\u0131n\u0131n qanunsuz i\u015fl\u0259nm\u0259sind\u0259 i\u015ftirak\u0131 haqq\u0131nda kifay\u0259t q\u0259d\u0259r m\u0259lumat \u0259ld\u0259 edib. B\u00fct\u00fcn bu faktlar \u0130sve\u00e7r\u0259 Konfederasiyas\u0131n\u0131n Ba\u015f Prokurorlu\u011funa t\u0259qdim edilib\u201d, dey\u0259 deputat qeyd edib.<\/span><\/p>\n<p>&nbsp;<\/p>\n<p><span style=\"font-size: 14pt; font-family: 'times new roman', times, serif;\">O \u0259lav\u0259 edib ki, Az\u0259rbaycan prezidentinin s\u0259r\u0259ncam\u0131na \u0259sas\u0259n, i\u015f\u011fal alt\u0131nda olmu\u015f \u0259razil\u0259rd\u0259 Erm\u0259nistan\u0131n Az\u0259rbaycana vurdu\u011fu ziyan\u0131n kompleks qiym\u0259tl\u0259ndirm\u0259si apar\u0131lacaq.<\/span><\/p>\n<p>&nbsp;<\/p>\n<p><span style=\"font-size: 14pt; font-family: 'times new roman', times, serif;\">\u201cBunun \u0259sas\u0131nda v\u0259 Az\u0259rbaycan\u0131n t\u0259bii s\u0259rv\u0259tl\u0259rinin qanunsuz istismar\u0131 haqq\u0131nda materiallar \u0259sas\u0131nda Erm\u0259nistan\u0131n Az\u0259rbaycana vurdu\u011fu ziyan hesablanacaq v\u0259 d\u00fc\u015fm\u0259n \u00f6lk\u0259nin, onun ke\u00e7mi\u015f v\u0259 haz\u0131rki liderl\u0259rinin, xarici \u015firk\u0259tl\u0259rin v\u0259 onlar\u0131n r\u0259hb\u0259rl\u0259rinin m\u0259suliyy\u0259t\u0259 c\u0259lb edilm\u0259si \u00fc\u00e7\u00fcn b\u00fct\u00fcn z\u0259ruri t\u0259dbirl\u0259r g\u00f6r\u00fcl\u0259c\u0259k\u201d, dey\u0259 Bayramov qeyd edib.<\/span><\/p>\n<p>&nbsp;<\/p>\n<p><span style=\"text-decoration: underline;\"><span style=\"font-size: 14pt; font-family: 'times new roman', times, serif;\"><strong>M\u0259d\u0259n\u00a0<\/strong><strong>\u00a0Sovet \u00a0\u0259n\u0259n\u0259siil\u0259 b\u00f6l\u00fcn\u0259c\u0259k<\/strong><\/span><\/span><\/p>\n<p>&nbsp;<\/p>\n<p><span style=\"font-size: 14pt; font-family: 'times new roman', times, serif;\">Az\u0259rbaycan Ekologiya v\u0259 T\u0259bii S\u0259rv\u0259tl\u0259r Nazirliyinin Milli Geoloji Xidm\u0259tinin r\u0259isi \u018fli \u018fliyev ASTNA-ya ekskl\u00fcziv m\u00fcsahib\u0259sind\u0259 bildirib ki, Az\u0259rbaycan v\u0259 Erm\u0259nistan aras\u0131ndak\u0131 d\u00f6vl\u0259t s\u0259rh\u0259di SSR\u0130 vaxt\u0131nda ke\u00e7\u0259n x\u0259tl\u0259 b\u00f6l\u00fcnd\u00fcy\u00fc t\u0259qdird\u0259 \u201cZod-S\u00f6y\u00fcdl\u00fc q\u0131z\u0131l m\u0259d\u0259ninin 74%-i Az\u0259rbaycan\u0131n K\u0259lb\u0259c\u0259r rayonu \u0259razisind\u0259, qalan\u0131 Erm\u0259nistanda qalacaq\u201d.<\/span><\/p>\n<p>&nbsp;<\/p>\n<p><span style=\"font-size: 14pt; font-family: 'times new roman', times, serif;\">\u201cBu yataqda a\u015fqar azd\u0131r, q\u0131z\u0131l t\u0259rkibi \u00e7oxdur. Onu istismar etm\u0259k asand\u0131r. Qafqazda \u0259n b\u00f6y\u00fck yataq olan bu yata\u011f\u0131n t\u0259rkibind\u0259 q\u0131z\u0131l az olan hiss\u0259si Erm\u0259nistanda yerl\u0259\u015fir. Bunu bil\u0259n erm\u0259ni biznesmenl\u0259r K\u0259lb\u0259c\u0259r rayonunun i\u015f\u011fal\u0131ndan istifad\u0259 edibl\u0259r v\u0259 intensiv olaraq m\u0259hz z\u0259ngin Az\u0259rbaycan hiss\u0259sind\u0259, b\u00f6y\u00fck sah\u0259d\u0259 i\u015fl\u0259yibl\u0259r, bizim zonadan m\u00fcmk\u00fcn q\u0259d\u0259r \u00e7ox filiz \u00e7\u0131xarma\u011fa \u00e7al\u0131\u015f\u0131blar. Erm\u0259nil\u0259r yata\u011f\u0131n biz\u0259 m\u0259xsus olan hiss\u0259sini m\u0259hv etm\u0259y\u0259 \u00e7al\u0131\u015f\u0131blar ki, biz\u0259 he\u00e7 n\u0259 qalmas\u0131n. Amma \u0259min\u0259m ki, 27 illik i\u015f\u011faldan v\u0259 v\u0259h\u015fic\u0259sin\u0259 m\u0259nims\u0259nildikd\u0259n sonra da S\u00f6y\u00fcdl\u00fc yata\u011f\u0131 bo\u015f deyil. Biz yax\u0131n aylarda bu zonan\u0131n monitorinqin\u0259, ziyan\u0131n qiym\u0259tl\u0259ndirilm\u0259sin\u0259 ba\u015flayaca\u011f\u0131q\u201d, dey\u0259 \u018fliyev ASTNA-ya bildirib.<\/span><\/p>\n<p>&nbsp;<\/p>\n<p><span style=\"font-size: 14pt; font-family: 'times new roman', times, serif;\">Onun s\u00f6zl\u0259rin\u0259 g\u00f6r\u0259, K\u0259lb\u0259c\u0259r rayonunda bu yata\u011f\u0131n istismar\u0131 perspektivl\u0259rinin m\u00fc\u0259yy\u0259n texnoloji v\u0259 dig\u0259r spesifik m\u0259qamlar\u0131 var, onlar haqq\u0131nda dan\u0131\u015fmaq h\u0259l\u0259 tezdir, amma onlar nikbindir.<\/span><\/p>\n<p>&nbsp;<\/p>\n<p><span style=\"font-size: 14pt; font-family: 'times new roman', times, serif;\">\u201cBizim son ill\u0259r \u201cZod\u201d (\u201cSot\u201d) yata\u011f\u0131nda operator olan Rusiya \u015firk\u0259ti il\u0259 \u0259laq\u0259miz olmay\u0131b. Noyabr\u0131n 25-d\u0259n etibar\u0259n Az\u0259rbaycan yata\u011f\u0131n \u0259sas hiss\u0259si \u00fcz\u0259rind\u0259 h\u00fcquqlar\u0131n\u0131 \u00f6z\u00fcn\u0259 qaytar\u0131r\u201d, dey\u0259 o qeyd edib.<\/span><\/p>\n<p>&nbsp;<\/p>\n<p><span style=\"font-size: 14pt; font-family: 'times new roman', times, serif;\">\u018fli \u018fliyevin s\u00f6zl\u0259rin\u0259 g\u00f6r\u0259, noyabr\u0131n 27-d\u0259 nazirlikd\u0259 dig\u0259r q\u0131z\u0131l yata\u011f\u0131 \u2013 Az\u0259rbaycan\u0131n Z\u0259ngilan rayonunda yerl\u0259\u015f\u0259n Veyn\u0259li il\u0259 ba\u011fl\u0131 m\u00fczakir\u0259l\u0259r apar\u0131l\u0131b.<\/span><\/p>\n<p>&nbsp;<\/p>\n<p><span style=\"font-size: 14pt; font-family: 'times new roman', times, serif;\">\u201cBiz onunla ba\u011fl\u0131 b\u00fct\u00fcn m\u0259s\u0259l\u0259l\u0259ri qald\u0131rm\u0131\u015f\u0131q v\u0259 art\u0131q yax\u0131n g\u00fcnl\u0259rd\u0259 onun v\u0259ziyy\u0259tinin monitorinqin\u0259 v\u0259 qiym\u0259tl\u0259ndirilm\u0259sin\u0259 ba\u015flayaca\u011f\u0131q\u201d, dey\u0259 o bildirib.<\/span><\/p>\n<div id=\"bnsboxart6\" class=\"bnsbox\"><\/div>\n<p><span style=\"font-size: 14pt; font-family: 'times new roman', times, serif;\">A\u011fd\u0259r\u0259 (T\u0259rt\u0259r rayonunun \u0259razisi) yax\u0131nl\u0131\u011f\u0131ndak\u0131 \u201cQ\u0131z\u0131lbulaq\u201d yata\u011f\u0131na g\u0259linc\u0259, nazirlik n\u00fcmay\u0259nd\u0259sinin s\u00f6zl\u0259rin\u0259 g\u00f6r\u0259, T\u0259rt\u0259r rayonunun qalan hiss\u0259si azad edildikd\u0259n sonra o da Az\u0259rbaycan\u0131n yurisdiksiyas\u0131na d\u00fc\u015f\u00fcr.<\/span><\/p>\n<p>&nbsp;<\/p>\n<p><span style=\"font-size: 14pt; font-family: 'times new roman', times, serif;\">\u201cBu \u00fc\u00e7 yataq \u2013 S\u00f6y\u00fcdl\u00fc, Veyn\u0259li v\u0259 Q\u0131z\u0131lbulaq 1997-ci ilin avqustunda RV \u0130nvestment-l\u0259 imzalanm\u0131\u015f PSA m\u00fcqavil\u0259sin\u0259 daxildir. Biz \u00f6z\u00fcm\u00fcz ilkin monitorinq v\u0259 qiym\u0259tl\u0259ndirm\u0259 apard\u0131qdan sonra bu \u015firk\u0259tin m\u00fct\u0259x\u0259ssisl\u0259rini \u00a0bu yataqlar\u0131n v\u0259ziyy\u0259tinin qiym\u0259tl\u0259ndirilm\u0259sin\u0259 c\u0259lb ed\u0259c\u0259yik. Az\u0259rbaycan prezidentinin s\u0259r\u0259ncam\u0131 il\u0259 yarad\u0131lm\u0131\u015f azad edilmi\u015f \u0259razil\u0259rd\u0259ki aktivl\u0259rin qiym\u0259tl\u0259ndirilm\u0259si \u00fczr\u0259 komissiya f\u0259al i\u015f\u0259 ba\u015flay\u0131b v\u0259 biz onun i\u015finin, o c\u00fcml\u0259d\u0259n filiz yataqlar\u0131 il\u0259 ba\u011fl\u0131 i\u015finin n\u0259tic\u0259l\u0259rini daha sonra b\u00f6l\u00fc\u015f\u0259c\u0259yik\u201d, dey\u0259 \u018fli \u018fliyev bildirib.<\/span><\/p>\n<p>&nbsp;<\/p>\n<p><span style=\"font-size: 14pt; font-family: 'times new roman', times, serif;\">ASTNA.biz<\/span><\/p>\n","protected":false},"excerpt":{"rendered":"<p>Az\u0259rbaycan\u0131n noyabr\u0131n 25-d\u0259 27 illik erm\u0259ni i\u015f\u011fal\u0131ndan azad edil\u0259n K\u0259lb\u0259c\u0259r rayonu b\u00f6y\u00fck iqtisadi potensiala malikdir, bel\u0259 ki, rayon \u0259razisind\u0259 \u00e7ox<\/p>\n","protected":false},"author":1,"featured_media":4356,"comment_status":"open","ping_status":"open","sticky":false,"template":"","format":"standard","meta":{"_jetpack_memberships_contains_paid_content":false,"footnotes":""},"categories":[29,36],"tags":[],"class_list":["post-4355","post","type-post","status-publish","format-standard","has-post-thumbnail","hentry","category-manset","category-siyast"],"aioseo_notices":[],"jetpack_featured_media_url":"https:\/\/basta2.com\/wp-content\/uploads\/2020\/11\/qizilyatagi-kelbecer.jpg","jetpack_sharing_enabled":true,"_links":{"self":[{"href":"https:\/\/basta2.com\/index.php?rest_route=\/wp\/v2\/posts\/4355","targetHints":{"allow":["GET"]}}],"collection":[{"href":"https:\/\/basta2.com\/index.php?rest_route=\/wp\/v2\/posts"}],"about":[{"href":"https:\/\/basta2.com\/index.php?rest_route=\/wp\/v2\/types\/post"}],"author":[{"embeddable":true,"href":"https:\/\/basta2.com\/index.php?rest_route=\/wp\/v2\/users\/1"}],"replies":[{"embeddable":true,"href":"https:\/\/basta2.com\/index.php?rest_route=%2Fwp%2Fv2%2Fcomments&post=4355"}],"version-history":[{"count":3,"href":"https:\/\/basta2.com\/index.php?rest_route=\/wp\/v2\/posts\/4355\/revisions"}],"predecessor-version":[{"id":4359,"href":"https:\/\/basta2.com\/index.php?rest_route=\/wp\/v2\/posts\/4355\/revisions\/4359"}],"wp:featuredmedia":[{"embeddable":true,"href":"https:\/\/basta2.com\/index.php?rest_route=\/wp\/v2\/media\/4356"}],"wp:attachment":[{"href":"https:\/\/basta2.com\/index.php?rest_route=%2Fwp%2Fv2%2Fmedia&parent=4355"}],"wp:term":[{"taxonomy":"category","embeddable":true,"href":"https:\/\/basta2.com\/index.php?rest_route=%2Fwp%2Fv2%2Fcategories&post=4355"},{"taxonomy":"post_tag","embeddable":true,"href":"https:\/\/basta2.com\/index.php?rest_route=%2Fwp%2Fv2%2Ftags&post=4355"}],"curies":[{"name":"wp","href":"https:\/\/api.w.org\/{rel}","templated":true}]}}