{"id":4776,"date":"2020-12-17T17:12:07","date_gmt":"2020-12-17T14:12:07","guid":{"rendered":"http:\/\/basta2.com\/?p=4776"},"modified":"2020-12-17T17:12:07","modified_gmt":"2020-12-17T14:12:07","slug":"putin-qarabagin-statusu-haqinda-danisdi","status":"publish","type":"post","link":"https:\/\/basta2.com\/?p=4776","title":{"rendered":"Putin Qaraba\u011f\u0131n statusu haq\u0131nda dan\u0131\u015fd\u0131"},"content":{"rendered":"<p>Dekabr\u0131n 17-d\u0259 ke\u00e7iril\u0259n b\u00f6y\u00fck m\u0259tbuat konfrans\u0131nda RF prezidenti Vladimir Putin Qaraba\u011f m\u00fcnaqi\u015f\u0259si il\u0259 ba\u011fl\u0131 suallar\u0131 cavabland\u0131r\u0131b. O, Qaraba\u011f\u0131n statusu haqq\u0131nda ikim\u0259nal\u0131 fikir bildirib. Putin bel\u0259 deyib: &#8220;Qaraba\u011f\u0131n statusu d\u0259yi\u015fm\u0259z olaraq qalmal\u0131 v\u0259 g\u0259l\u0259c\u0259kd\u0259 h\u0259ll edilm\u0259lidir&#8221;. Bunu bel\u0259 \u015f\u0259rh etm\u0259k olar ki, muxtariyy\u0259t qalmal\u0131 v\u0259 g\u0259l\u0259c\u0259kd\u0259 t\u0259sdiq edilm\u0259lidir. Eyni zamanda, o t\u0259krar edib ki, bu, Az\u0259rbaycan \u0259razisidir.<\/p>\n<p>&nbsp;<\/p>\n<p>&#8220;H\u00fcquqi olaraq bu, bir m\u0259s\u0259l\u0259dir, birg\u0259 ya\u015fay\u0131\u015f \u00fc\u00e7\u00fcn \u015f\u0259rait yarad\u0131lmas\u0131 is\u0259 ba\u015fqa m\u0259s\u0259l\u0259&#8221;, dey\u0259 o bildirib. Nizamlanma erm\u0259nil\u0259rin Qaraba\u011fa qaytar\u0131lmas\u0131n\u0131 v\u0259 onlar\u0131n La\u00e7\u0131n d\u0259hlizi vasit\u0259sil\u0259 Erm\u0259nistanla yer\u00fcst\u00fc \u0259laq\u0259sinin t\u0259min edilm\u0259sini n\u0259z\u0259rd\u0259 tutur, dey\u0259 o bildirib.<\/p>\n<p>&nbsp;<\/p>\n<p>At\u0259\u015fk\u0259s rejiminin pozulmas\u0131na g\u0259linc\u0259, yaln\u0131z bir ciddi pozuntu olub, dey\u0259n Putin ba\u015fqa pozuntu olmayaca\u011f\u0131na \u00fcmid etdiyini bildirib.<\/p>\n<p>&nbsp;<\/p>\n<p>Rusiya s\u00fclhm\u0259raml\u0131lar\u0131n\u0131n say\u0131n\u0131n art\u0131r\u0131lmas\u0131 m\u00fcmk\u00fcnl\u00fcy\u00fc haqq\u0131nda suala cavabda Putin deyib ki, bu, Az\u0259rbaycan\u0131n v\u0259 \u00fc\u00e7t\u0259r\u0259fli sazi\u015fin dig\u0259r i\u015ftirak\u00e7\u0131lar\u0131n\u0131n raz\u0131l\u0131\u011f\u0131 il\u0259 m\u00fcmk\u00fcnd\u00fcr.<\/p>\n<p>&nbsp;<\/p>\n<p>Putin Da\u011fl\u0131q Qaraba\u011fda m\u00fcharib\u0259nin k\u0259nar q\u00fcvv\u0259l\u0259rin (T\u00fcrkiy\u0259nin) m\u00fcdaxil\u0259si s\u0259b\u0259bind\u0259n ba\u015f verm\u0259si haqq\u0131nda fikri t\u0259kzib edib.<\/p>\n<p>&nbsp;<\/p>\n<p>&#8220;V\u0259ziyy\u0259t n\u0259zar\u0259td\u0259n \u00e7\u0131xm\u0131\u015fd\u0131. Bu g\u0259rginlik uzun ill\u0259r boyunca davam edirdi, dey\u0259 o qeyd edib. &#8211; Bunun k\u0259nardan hans\u0131sa m\u00fcdaxil\u0259 il\u0259 \u0259laq\u0259dar ba\u015f verdiyini d\u00fc\u015f\u00fcnm\u00fcr\u0259m. D\u0259f\u0259l\u0259rl\u0259 m\u00fcbahis\u0259l\u0259r, at\u0131\u015fmalar v\u0259 ki\u00e7ik qar\u015f\u0131durmalar olub. N\u0259tic\u0259d\u0259 bu, m\u00fcnaqi\u015f\u0259y\u0259 \u00e7evrilib&#8221;. Prezident insan h\u0259yatlar\u0131n\u0131n qorunmas\u0131n\u0131 raz\u0131la\u015fmalar\u0131n \u0259sas n\u0259tic\u0259si adland\u0131r\u0131b, dig\u0259r m\u0259s\u0259l\u0259l\u0259r ikinci d\u0259r\u0259c\u0259lidir.<\/p>\n<p>&nbsp;<\/p>\n<p>Qaraba\u011f \u00fczr\u0259 beyn\u0259lxalq vasit\u0259\u00e7il\u0259r s\u00f6zd\u0259n \u0259m\u0259l\u0259 ke\u00e7m\u0259li v\u0259 yerli \u0259haliy\u0259 k\u00f6m\u0259k etm\u0259li, bunu t\u0259kc\u0259 Rusiyan\u0131n \u00fcz\u0259rin\u0259 qoymamal\u0131d\u0131r, dey\u0259 Putin qeyd edib.<\/p>\n<p>&nbsp;<\/p>\n<p>&nbsp;<\/p>\n","protected":false},"excerpt":{"rendered":"<p>Dekabr\u0131n 17-d\u0259 ke\u00e7iril\u0259n b\u00f6y\u00fck m\u0259tbuat konfrans\u0131nda RF prezidenti Vladimir Putin Qaraba\u011f m\u00fcnaqi\u015f\u0259si il\u0259 ba\u011fl\u0131 suallar\u0131 cavabland\u0131r\u0131b. O, Qaraba\u011f\u0131n statusu haqq\u0131nda<\/p>\n","protected":false},"author":1,"featured_media":4778,"comment_status":"open","ping_status":"open","sticky":false,"template":"","format":"standard","meta":{"_jetpack_memberships_contains_paid_content":false,"footnotes":""},"categories":[30,29],"tags":[],"class_list":["post-4776","post","type-post","status-publish","format-standard","has-post-thumbnail","hentry","category-gundm","category-manset"],"aioseo_notices":[],"jetpack_featured_media_url":"https:\/\/basta2.com\/wp-content\/uploads\/2020\/12\/putin.jpg","jetpack_sharing_enabled":true,"_links":{"self":[{"href":"https:\/\/basta2.com\/index.php?rest_route=\/wp\/v2\/posts\/4776","targetHints":{"allow":["GET"]}}],"collection":[{"href":"https:\/\/basta2.com\/index.php?rest_route=\/wp\/v2\/posts"}],"about":[{"href":"https:\/\/basta2.com\/index.php?rest_route=\/wp\/v2\/types\/post"}],"author":[{"embeddable":true,"href":"https:\/\/basta2.com\/index.php?rest_route=\/wp\/v2\/users\/1"}],"replies":[{"embeddable":true,"href":"https:\/\/basta2.com\/index.php?rest_route=%2Fwp%2Fv2%2Fcomments&post=4776"}],"version-history":[{"count":1,"href":"https:\/\/basta2.com\/index.php?rest_route=\/wp\/v2\/posts\/4776\/revisions"}],"predecessor-version":[{"id":4779,"href":"https:\/\/basta2.com\/index.php?rest_route=\/wp\/v2\/posts\/4776\/revisions\/4779"}],"wp:featuredmedia":[{"embeddable":true,"href":"https:\/\/basta2.com\/index.php?rest_route=\/wp\/v2\/media\/4778"}],"wp:attachment":[{"href":"https:\/\/basta2.com\/index.php?rest_route=%2Fwp%2Fv2%2Fmedia&parent=4776"}],"wp:term":[{"taxonomy":"category","embeddable":true,"href":"https:\/\/basta2.com\/index.php?rest_route=%2Fwp%2Fv2%2Fcategories&post=4776"},{"taxonomy":"post_tag","embeddable":true,"href":"https:\/\/basta2.com\/index.php?rest_route=%2Fwp%2Fv2%2Ftags&post=4776"}],"curies":[{"name":"wp","href":"https:\/\/api.w.org\/{rel}","templated":true}]}}