{"id":5530,"date":"2021-01-20T20:35:49","date_gmt":"2021-01-20T17:35:49","guid":{"rendered":"http:\/\/basta2.com\/?p=5530"},"modified":"2021-01-20T20:35:49","modified_gmt":"2021-01-20T17:35:49","slug":"inaqurasiya-m%c9%99rasimi-amerika-demokratiyasinin-simvolu","status":"publish","type":"post","link":"https:\/\/basta2.com\/?p=5530","title":{"rendered":"\u0130naqurasiya m\u0259rasimi &#8211; Amerika demokratiyas\u0131n\u0131n simvolu"},"content":{"rendered":"<p>Amerikal\u0131lar h\u0259r d\u00f6rd ild\u0259n bir inaqurasiya m\u0259rasimind\u0259 Amerika demokratiyas\u0131n\u0131n \u0259lam\u0259tdar simvollar\u0131ndan biri olan hakimiyy\u0259tin dinc yolla \u00f6t\u00fcr\u00fclm\u0259sinin \u015fahidi olur. Yanvar\u0131n 20-d\u0259 b\u00fct\u00fcn diqq\u0259tl\u0259r AB\u015e-\u0131n 46-c\u0131 prezidenti kimi and i\u00e7\u0259c\u0259k ke\u00e7mi\u015f vitse-prezident Co Bayden\u0259 y\u00f6n\u0259l\u0259c\u0259k. \u0130naqurasiya g\u00fcn\u00fc Amerikan\u0131n sars\u0131lmaz \u00f6z\u00fcn\u00fc idar\u0259etm\u0259 ideal\u0131n\u0131n t\u0259sdiqi hesab edilir. \u00d6lk\u0259nin yeni lideri idar\u0259 olunanlar\u0131n raz\u0131l\u0131\u011f\u0131 il\u0259 hakimiyy\u0259td\u0259 idar\u0259etm\u0259 s\u0259lahiyy\u0259tini ald\u0131qdan sonra and i\u00e7ir.<\/p>\n<p>&nbsp;<\/p>\n<p><strong>Yeni ton m\u00fc\u0259yy\u0259n edilir<\/strong><\/p>\n<p>&nbsp;<\/p>\n<p>Yeni prezidentl\u0259r hakimiyy\u0259td\u0259 d\u00f6n\u0259m\u0259 qar\u015f\u0131dak\u0131 d\u00f6rd il \u00fc\u00e7\u00fcn tonun m\u00fc\u0259yy\u0259n edildiyi \u00e7\u0131x\u0131\u015fla ba\u015flay\u0131r.<\/p>\n<p>&nbsp;<\/p>\n<p>A\u011f Evin Tarix Assosiasiyas\u0131n\u0131n vitse-prezidenti Kolin \u015eoqan bunun \u201cAmerikan\u0131n yenil\u0259nm\u0259si \u00fc\u00e7\u00fcn real bir f\u00fcrs\u0259t&#8221; oldu\u011funu deyir.<\/p>\n<p>&nbsp;<\/p>\n<p>\u201cBu, prezidentin \u00f6z\u00fcn\u00fc xalqa ilk d\u0259f\u0259 olaraq t\u0259qdim etm\u0259sidir v\u0259 onun bunu bir daha etm\u0259k imkan\u0131 olmayacaq. Y\u0259ni bu, Amerika tarixind\u0259 \u00e7ox vacib bir and\u0131r&#8221;, o bildirib.<\/p>\n<p>&nbsp;<\/p>\n<p>\u0130naqurasiya \u00e7\u0131x\u0131\u015f\u0131 zaman\u0131 i\u015fl\u0259dil\u0259n b\u0259zi ifad\u0259l\u0259r o q\u0259d\u0259r yax\u015f\u0131 s\u0259sl\u0259nir ki, Amerika leksikonunun bir hiss\u0259sin\u0259 \u00e7evrilir.<\/p>\n<p>&nbsp;<\/p>\n<p>1933-c\u00fc ild\u0259 Franklin D. Ruzveltin \u201cqorxmal\u0131 oldu\u011fumuz t\u0259k \u015fey qorxunun \u00f6z\u00fcd\u00fcr\u201d ifad\u0259si bunlardan biridir.<\/p>\n<p>&nbsp;<\/p>\n<p>1961-ci ild\u0259 is\u0259 Con F. Kennedi bu s\u00f6zl\u0259ri demi\u015fdi: \u201c\u00d6lk\u0259nizin sizin \u00fc\u00e7\u00fcn n\u0259 ed\u0259 bil\u0259c\u0259yini soru\u015fmay\u0131n, sizin \u00f6lk\u0259niz \u00fc\u00e7\u00fcn n\u0259 ed\u0259 bil\u0259c\u0259yinizi soru\u015fun\u201d.<\/p>\n<p>&nbsp;<\/p>\n<div class=\"wsw__embed\">\n<figure class=\"media-image js-media-expand js-media-expand--ready\">\n<div class=\"img-wrap\">\n<div class=\"thumb\"><img decoding=\"async\" class=\" enhanced\" src=\"https:\/\/gdb.voanews.com\/0EF1BCAD-3C3E-4CD0-BA42-1863E7D93E02_w650_r1_s.jpg\" alt=\"Kamala Harris AB\u015e-\u0131n vitse-prezidenti kimi and i\u00e7ir, 20 yanvar, 2021.\" \/><\/div>\n<\/div><figcaption><span class=\"caption\">Kamala Harris AB\u015e-\u0131n vitse-prezidenti kimi and i\u00e7ir, 20 yanvar, 2021.<\/span><\/figcaption><\/figure>\n<\/div>\n<p>&nbsp;<\/p>\n<p>&#8220;\u0130naqurasiya nitqi yeni prezidentin fikirl\u0259ri, ideologiyas\u0131, \u00fcslubunu v\u0259 tonunu t\u0259c\u0259ss\u00fcm etdirir&#8221; &#8211; dey\u0259, Corc Va\u015finqton Universitetind\u0259 siyasi tarix\u00e7i Matt Dallek bildirir.<\/p>\n<p>&nbsp;<\/p>\n<p>B\u0259zi inaqurasiya nitql\u0259ri siyasi land\u015fafta uzunm\u00fcdd\u0259tli t\u0259sir g\u00f6st\u0259rir. Ronald Reyqan\u0131n &#8220;h\u00f6kum\u0259t problemimizin h\u0259lli deyil, h\u00f6kum\u0259t \u00f6z\u00fc problemdir&#8221; dem\u0259sind\u0259n 40 il sonra da Respublika\u00e7\u0131lar federal h\u00f6kum\u0259tin m\u0259hdudla\u015fd\u0131r\u0131lmas\u0131na dair ritorikan\u0131 davam etdirir.<\/p>\n<p>&nbsp;<\/p>\n<p><strong>Yadda qalan anlar<\/strong><\/p>\n<p>&nbsp;<\/p>\n<p>\u0130st\u0259r Ronald Reyqan\u0131n federal h\u00f6kum\u0259tin m\u0259hdudla\u015fd\u0131r\u0131lmas\u0131na dair \u00e7a\u011f\u0131r\u0131\u015f\u0131, ist\u0259rs\u0259 d\u0259 2009-cu ild\u0259 Barak Obaman\u0131n Amerikan\u0131n ilk qarad\u0259rili prezidenti kimi andi\u00e7m\u0259 m\u0259rasimi olsun, b\u0259zi inaqurasiya m\u0259rasiml\u0259ri daha \u00e7ox yadda qal\u0131r.<\/p>\n<p>&nbsp;<\/p>\n<p>&#8220;H\u0259min anlar xalq\u0131n yadda\u015f\u0131nda h\u0259kk olunur, \u00e7\u00fcnki onlar \u00f6lk\u0259 v\u0259 h\u0259min d\u00f6vr haqda daha fundamental bir \u015feyi \u0259ks etdirir&#8221;, Corc Va\u015finqton Universitetind\u0259 siyasi tarix\u00e7i Matt Dallek bildirir.<\/p>\n<p>&nbsp;<\/p>\n<p>2021-ci il inaqurasiya m\u0259rasimi Kaliforniya senatoru Kamala Harrisin AB\u015e-\u0131n vitse-prezidenti kimi and i\u00e7\u0259n ilk qad\u0131n v\u0259 a\u011f olmayan \u015f\u0259xs olaca\u011f\u0131 \u00fc\u00e7\u00fcn \u0259lam\u0259tdar bir andi\u00e7m\u0259 m\u0259rasimidir.<\/p>\n<p>&nbsp;<\/p>\n<p>AB\u015e-\u0131n ilk prezidenti olan Corc Va\u015fington \u0259n q\u0131sa inaqurasiya nitqini s\u00f6yl\u0259yib. Onun 1793-c\u00fc ild\u0259 etdiyi \u00e7\u0131x\u0131\u015f c\u0259mi 135 s\u00f6zd\u0259n ibar\u0259t idi. Villiam Henri Harrison 1841-ci ild\u0259 \u0259n uzun inaqurasiya nitqi il\u0259 \u00e7\u0131x\u0131\u015f edib. Onun \u00e7\u0131x\u0131\u015f\u0131 8455 s\u00f6zd\u0259n ibar\u0259t idi. Bu, h\u0259m d\u0259 faci\u0259 il\u0259 bitmi\u015fdi.<\/p>\n<p>&nbsp;<\/p>\n<div class=\"wsw__embed\">\n<figure class=\"media-image js-media-expand js-media-expand--ready\">\n<div class=\"img-wrap\">\n<div class=\"thumb\"><img decoding=\"async\" class=\" enhanced\" src=\"https:\/\/gdb.voanews.com\/EC600B9A-E4D0-4395-8E29-7BC33C344633_w650_r1_s.jpg\" alt=\"Prezident Vilyam Henri Harrisonun 1841-ci ild\u0259 inaqurasiya m\u0259rasiminin t\u0259svir edildiyi ill\u00fcstrasiya\" \/><\/div>\n<\/div><figcaption><span class=\"caption\">Prezident Vilyam Henri Harrisonun 1841-ci ild\u0259 inaqurasiya m\u0259rasiminin t\u0259svir edildiyi ill\u00fcstrasiya<\/span><\/figcaption><\/figure>\n<\/div>\n<p>&nbsp;<\/p>\n<p>68 ya\u015fl\u0131 Harrison o d\u00f6vrd\u0259 prezident se\u00e7il\u0259n \u0259n ya\u015fl\u0131 insan idi. O, enerjili oldu\u011funu v\u0259 idar\u0259 etm\u0259y\u0259 haz\u0131r oldu\u011funu s\u00fcbut etm\u0259k \u00fc\u00e7\u00fcn havan\u0131n soyuq olmas\u0131na baxmayaraq, bir saat s\u00fcr\u0259n uzun nitql\u0259 \u00e7\u0131x\u0131\u015f etmi\u015fdi. H\u0259min ax\u015fam x\u0259st\u0259l\u0259n\u0259nd\u0259n bir ay sonra Harrison v\u0259fat etmi\u015fdi. O, tarixd\u0259 hakimiyy\u0259td\u0259 \u0259n q\u0131sa m\u00fcdd\u0259t olan AB\u015e prezidenti olaraq qal\u0131r.<\/p>\n<p>&nbsp;<\/p>\n<p><strong>\u0130naqurasiya m\u0259rasiml\u0259ri v\u0259 simvollar<\/strong><\/p>\n<p>&nbsp;<\/p>\n<p>Zaman ke\u00e7dikc\u0259 bu sad\u0259 inaqurasiya m\u0259rasiml\u0259ri daha t\u0259mt\u0259raql\u0131 ke\u00e7irilm\u0259y\u0259 ba\u015flay\u0131b.<\/p>\n<p>&nbsp;<\/p>\n<p>1809-cu ild\u0259 g\u0259nc respublikada h\u0259l\u0259 d\u0259 milli kimliyin formala\u015fd\u0131r\u0131ld\u0131\u011f\u0131 d\u00f6vrd\u0259 Ceyms Madison inaqurasiya zaman\u0131 ip\u0259k corablar\u0131na q\u0259d\u0259r geyiminin b\u00fct\u00fcnl\u00fckl\u0259 Amerikada istehsal edildiyin\u0259 \u00e7al\u0131\u015fm\u0131\u015fd\u0131.<\/p>\n<p>&nbsp;<\/p>\n<p>Duayt Eyzenhauerin 1953-c\u00fc v\u0259 1957-ci ill\u0259rd\u0259 inaqurasiya paradlar\u0131 zaman\u0131 Amerikan\u0131n h\u0259rbi q\u00fcdr\u0259ti n\u00fcmayi\u015f etdirilib.<\/p>\n<p>&nbsp;<\/p>\n<p>&#8220;1865-ci ild\u0259 Abraham Linkoln ikinci inaqurasiyas\u0131nda ilk d\u0259f\u0259 olaraq a\u00e7\u0131l\u0131\u015f parad\u0131na afro-amerikal\u0131lar\u0131 d\u0259v\u0259t etmi\u015fdi&#8221; &#8211; dey\u0259, A\u011f Evin Tarix Assosiasiyas\u0131n\u0131n vitse-prezidenti Kolin \u015eoqan bildirir.<\/p>\n<p>&nbsp;<\/p>\n<p>&#8220;1917-ci ild\u0259 Vudro Vilsonun ikinci andi\u00e7m\u0259 m\u0259rasimi zaman\u0131 qad\u0131nlar ilk d\u0259f\u0259 olaraq a\u00e7\u0131l\u0131\u015f parad\u0131nda i\u015ftirak etmi\u015fdi&#8221;, o \u0259lav\u0259 edir.<\/p>\n<p>&nbsp;<\/p>\n<p>Televiziyan\u0131n yaranmas\u0131 il\u0259 inaqurasiya m\u0259rasiml\u0259rind\u0259 vizual effektl\u0259rin \u0259h\u0259miyy\u0259ti artma\u011fa ba\u015flay\u0131b. Lakin eyni zamanda bunun prezidentin \u00f6hd\u0259likl\u0259rinin artmas\u0131nda da rolu var.<\/p>\n<p>&nbsp;<\/p>\n<p>Corc Va\u015finqton Universitetind\u0259 siyasi tarix\u00e7i Matt Dallekin bildirdiyin\u0259 g\u00f6r\u0259, x\u00fcsusil\u0259 d\u0259 Birinci v\u0259 \u0130kinci D\u00fcnya M\u00fcharib\u0259l\u0259rind\u0259n sonra \u201cprezidentlik daha b\u00f6y\u00fck bir v\u0259zif\u0259y\u0259 \u00e7evrilib&#8221; v\u0259 g\u00f6zl\u0259ntil\u0259r d\u0259 art\u0131b. &#8220;Prezidentin v\u0259zif\u0259l\u0259ri v\u0259 m\u0259suliyy\u0259tl\u0259ri artd\u0131qca, fikrimc\u0259, biz inaqurasiya m\u0259rasiml\u0259rinin d\u0259 t\u0259nt\u0259n\u0259l\u0259r v\u0259 paradlarla m\u00fc\u015fayi\u0259t olan b\u00f6y\u00fck t\u0259dbirl\u0259r\u0259 \u00e7evrildiyinin \u015fahidi oluruq\u201d, o \u0259lav\u0259 edir.<\/p>\n<p>&nbsp;<\/p>\n<p>Pandemiya n\u0259tic\u0259sind\u0259 bu il inaqurasiya t\u0259dbirl\u0259rinin \u00e7oxu m\u0259hdudla\u015fd\u0131r\u0131lsa da, COVID-19 \u00f6lk\u0259d\u0259 Amerika demokratiyas\u0131n\u0131n dayan\u0131ql\u0131\u011f\u0131n\u0131n t\u0259nt\u0259n\u0259 edilm\u0259sin\u0259 mane olmayacaq.<\/p>\n<p>&nbsp;<\/p>\n<p>Amerikan\u0131n s\u0259si<\/p>\n","protected":false},"excerpt":{"rendered":"<p>Amerikal\u0131lar h\u0259r d\u00f6rd ild\u0259n bir inaqurasiya m\u0259rasimind\u0259 Amerika demokratiyas\u0131n\u0131n \u0259lam\u0259tdar simvollar\u0131ndan biri olan hakimiyy\u0259tin dinc yolla \u00f6t\u00fcr\u00fclm\u0259sinin \u015fahidi olur. Yanvar\u0131n<\/p>\n","protected":false},"author":1,"featured_media":5531,"comment_status":"open","ping_status":"open","sticky":false,"template":"","format":"standard","meta":{"_jetpack_memberships_contains_paid_content":false,"footnotes":""},"categories":[32,29],"tags":[],"class_list":["post-5530","post","type-post","status-publish","format-standard","has-post-thumbnail","hentry","category-dunya","category-manset"],"aioseo_notices":[],"jetpack_featured_media_url":"https:\/\/basta2.com\/wp-content\/uploads\/2021\/01\/bayden.jpg","jetpack_sharing_enabled":true,"_links":{"self":[{"href":"https:\/\/basta2.com\/index.php?rest_route=\/wp\/v2\/posts\/5530","targetHints":{"allow":["GET"]}}],"collection":[{"href":"https:\/\/basta2.com\/index.php?rest_route=\/wp\/v2\/posts"}],"about":[{"href":"https:\/\/basta2.com\/index.php?rest_route=\/wp\/v2\/types\/post"}],"author":[{"embeddable":true,"href":"https:\/\/basta2.com\/index.php?rest_route=\/wp\/v2\/users\/1"}],"replies":[{"embeddable":true,"href":"https:\/\/basta2.com\/index.php?rest_route=%2Fwp%2Fv2%2Fcomments&post=5530"}],"version-history":[{"count":1,"href":"https:\/\/basta2.com\/index.php?rest_route=\/wp\/v2\/posts\/5530\/revisions"}],"predecessor-version":[{"id":5532,"href":"https:\/\/basta2.com\/index.php?rest_route=\/wp\/v2\/posts\/5530\/revisions\/5532"}],"wp:featuredmedia":[{"embeddable":true,"href":"https:\/\/basta2.com\/index.php?rest_route=\/wp\/v2\/media\/5531"}],"wp:attachment":[{"href":"https:\/\/basta2.com\/index.php?rest_route=%2Fwp%2Fv2%2Fmedia&parent=5530"}],"wp:term":[{"taxonomy":"category","embeddable":true,"href":"https:\/\/basta2.com\/index.php?rest_route=%2Fwp%2Fv2%2Fcategories&post=5530"},{"taxonomy":"post_tag","embeddable":true,"href":"https:\/\/basta2.com\/index.php?rest_route=%2Fwp%2Fv2%2Ftags&post=5530"}],"curies":[{"name":"wp","href":"https:\/\/api.w.org\/{rel}","templated":true}]}}