{"id":5579,"date":"2021-01-23T10:30:45","date_gmt":"2021-01-23T07:30:45","guid":{"rendered":"http:\/\/basta2.com\/?p=5579"},"modified":"2021-01-23T15:33:32","modified_gmt":"2021-01-23T12:33:32","slug":"rusiyada-navalninin-azad-olunmasi-t%c9%99l%c9%99bil%c9%99-etirazlar-basladi-canli-yayim","status":"publish","type":"post","link":"https:\/\/basta2.com\/?p=5579","title":{"rendered":"Rusiyada Navaln\u0131n\u0131n azad olunmas\u0131 t\u0259l\u0259bil\u0259 etirazlar ba\u015flad\u0131 &#8211; Canl\u0131 yay\u0131m"},"content":{"rendered":"<p>Rusiyada m\u00fcxalif siyas\u0259t\u00e7i v\u0259 Korrupsiyaya Qar\u015f\u0131 M\u00fcbariz\u0259 Fondunun r\u0259hb\u0259ri Aleksey Navaln\u0131n\u0131n azad olunmas\u0131 t\u0259l\u0259bil\u0259 aksiyalara start verilib.<\/p>\n<p>&nbsp;<\/p>\n<p>Fonddan veril\u0259n m\u0259lumata g\u00f6r\u0259, \u00f6lk\u0259nin\u00a0 93 \u015f\u0259h\u0259rind\u0259 aksiyalar\u0131n ke\u00e7irilm\u0259si planla\u015fd\u0131r\u0131l\u0131b. B\u00fct\u00fcn \u015f\u0259h\u0259rl\u0259rd\u0259 aksiyalar\u0131n yerli vaxtla saat 14:00-da ba\u015flamas\u0131na q\u0259rar verilib. \u00d6t\u0259n g\u00fcnl\u0259r \u0259rzind\u0259 bir \u00e7ox \u015f\u0259h\u0259rl\u0259rd\u0259 Fondun yerli q\u0259rargahlar\u0131n\u0131n t\u0259msil\u00e7il\u0259ri h\u0259bs edilib.<\/p>\n<p>&nbsp;<\/p>\n<p>Art\u0131q Vladivostok, Xabarovsk, \u00c7ita, Ulan-Ude v\u0259 \u0130rkutsk \u015f\u0259h\u0259rl\u0259rind\u0259 aksiyalar ba\u015flay\u0131b. Aksiyalarda minl\u0259rl\u0259 insan\u0131n i\u015ftirak edir. Etiraz\u00e7\u0131lar Rusiya prezidenti Vladimir Putinin istefas\u0131n\u0131 v\u0259 Navaln\u0131n\u0131n azad olunmas\u0131n\u0131 t\u0259l\u0259b edirl\u0259r.<\/p>\n<p>&nbsp;<\/p>\n<p>\u018fn k\u00fctl\u0259vi aksiyalar\u0131n Moskva v\u0259 Sankt-Peterburq \u015f\u0259h\u0259rl\u0259rind\u0259 ba\u015f tutaca\u011f\u0131 g\u00f6zl\u0259nilir.<\/p>\n<p>&nbsp;<\/p>\n<p><iframe loading=\"lazy\" title=\"\u041d\u0430\u0432\u0430\u043b\u044c\u043d\u044b\u0439. \u041f\u0440\u043e\u0442\u0435\u0441\u0442\u044b. 23 \u044f\u043d\u0432\u0430\u0440\u044f \/ \u0421\u043f\u0435\u0446\u044d\u0444\u0438\u0440 \u0414\u043e\u0436\u0434\u044f\" width=\"800\" height=\"600\" src=\"https:\/\/www.youtube.com\/embed\/7-rkmvV9zKE?feature=oembed\" frameborder=\"0\" allow=\"accelerometer; autoplay; clipboard-write; encrypted-media; gyroscope; picture-in-picture\" allowfullscreen><\/iframe><\/p>\n<p>&nbsp;<\/p>\n<p><iframe loading=\"lazy\" title=\"\u0421\u0432\u043e\u0431\u043e\u0434\u0443 \u041d\u0430\u0432\u0430\u043b\u044c\u043d\u043e\u043c\u0443! \u0420\u043e\u0441\u0441\u0438\u044f \u0432\u044b\u0445\u043e\u0434\u0438\u0442 23 \u044f\u043d\u0432\u0430\u0440\u044f. \u041f\u0440\u044f\u043c\u0430\u044f \u0442\u0440\u0430\u043d\u0441\u043b\u044f\u0446\u0438\u044f\" width=\"800\" height=\"600\" src=\"https:\/\/www.youtube.com\/embed\/cDSdvNAub24?feature=oembed\" frameborder=\"0\" allow=\"accelerometer; autoplay; clipboard-write; encrypted-media; gyroscope; picture-in-picture\" allowfullscreen><\/iframe><\/p>\n<p>&nbsp;<\/p>\n<p>&nbsp;<\/p>\n<p>Yanvar\u0131n 18-d\u0259 Moskvan\u0131n\u00a0 Ximki rayon m\u0259hk\u0259m\u0259si Rusiya prezidenti Vladimir Putinin \u0259n f\u0259al t\u0259nqid\u00e7isi olan Aleksey Navaln\u0131n\u0131n 30 sutka inzibati h\u0259bs olunmas\u0131 bar\u0259d\u0259 q\u0259rar \u00e7\u0131xar\u0131b v\u0259 o \u201cMatrosskaya ti\u015fina\u201d istintaq t\u0259cridxanas\u0131na yerl\u0259\u015fdirilib. M\u0259hk\u0259m\u0259 iclas\u0131 prosesual qanunvericiliy\u0259 zidd olaraq polis idar\u0259sinin binas\u0131nda ke\u00e7irilib.<\/p>\n<p>&nbsp;<\/p>\n<p>\u00d6t\u0259n ilin avqust ay\u0131nda\u00a0 Navaln\u0131 s\u0259hh\u0259ti q\u0259fild\u0259n pisl\u0259\u015fdikd\u0259n sonra koma v\u0259ziyy\u0259tind\u0259 Almaniyaya apar\u0131l\u0131b. Onun Rusiyada \u201cNovi\u00e7ok\u201d z\u0259h\u0259ri il\u0259 z\u0259h\u0259rl\u0259ndiyi, bu \u0259m\u0259liyyatda Rusiya x\u00fcsusi xidm\u0259t orqanlar\u0131n\u0131n i\u015ftirak etdiyin\u0259 dair ciddi s\u00fcbutlar ortaya qoyulub.<\/p>\n<p>&nbsp;<\/p>\n<p><img loading=\"lazy\" decoding=\"async\" class=\"alignnone size-full wp-image-5581\" src=\"https:\/\/basta2.com\/wp-content\/uploads\/2021\/01\/aksiya.jpg\" alt=\"\" width=\"852\" height=\"479\" srcset=\"https:\/\/basta2.com\/wp-content\/uploads\/2021\/01\/aksiya.jpg 852w, https:\/\/basta2.com\/wp-content\/uploads\/2021\/01\/aksiya-300x169.jpg 300w, https:\/\/basta2.com\/wp-content\/uploads\/2021\/01\/aksiya-768x432.jpg 768w\" sizes=\"auto, (max-width: 852px) 100vw, 852px\" \/><\/p>\n<p>&nbsp;<\/p>\n<p>Basta<\/p>\n","protected":false},"excerpt":{"rendered":"<p>Rusiyada m\u00fcxalif siyas\u0259t\u00e7i v\u0259 Korrupsiyaya Qar\u015f\u0131 M\u00fcbariz\u0259 Fondunun r\u0259hb\u0259ri Aleksey Navaln\u0131n\u0131n azad olunmas\u0131 t\u0259l\u0259bil\u0259 aksiyalara start verilib. &nbsp; Fonddan veril\u0259n<\/p>\n","protected":false},"author":1,"featured_media":5580,"comment_status":"open","ping_status":"open","sticky":false,"template":"","format":"standard","meta":{"_jetpack_memberships_contains_paid_content":false,"footnotes":""},"categories":[32,29],"tags":[],"class_list":["post-5579","post","type-post","status-publish","format-standard","has-post-thumbnail","hentry","category-dunya","category-manset"],"aioseo_notices":[],"jetpack_featured_media_url":"https:\/\/basta2.com\/wp-content\/uploads\/2021\/01\/aksiya-vladivostok.jpg","jetpack_sharing_enabled":true,"_links":{"self":[{"href":"https:\/\/basta2.com\/index.php?rest_route=\/wp\/v2\/posts\/5579","targetHints":{"allow":["GET"]}}],"collection":[{"href":"https:\/\/basta2.com\/index.php?rest_route=\/wp\/v2\/posts"}],"about":[{"href":"https:\/\/basta2.com\/index.php?rest_route=\/wp\/v2\/types\/post"}],"author":[{"embeddable":true,"href":"https:\/\/basta2.com\/index.php?rest_route=\/wp\/v2\/users\/1"}],"replies":[{"embeddable":true,"href":"https:\/\/basta2.com\/index.php?rest_route=%2Fwp%2Fv2%2Fcomments&post=5579"}],"version-history":[{"count":5,"href":"https:\/\/basta2.com\/index.php?rest_route=\/wp\/v2\/posts\/5579\/revisions"}],"predecessor-version":[{"id":5586,"href":"https:\/\/basta2.com\/index.php?rest_route=\/wp\/v2\/posts\/5579\/revisions\/5586"}],"wp:featuredmedia":[{"embeddable":true,"href":"https:\/\/basta2.com\/index.php?rest_route=\/wp\/v2\/media\/5580"}],"wp:attachment":[{"href":"https:\/\/basta2.com\/index.php?rest_route=%2Fwp%2Fv2%2Fmedia&parent=5579"}],"wp:term":[{"taxonomy":"category","embeddable":true,"href":"https:\/\/basta2.com\/index.php?rest_route=%2Fwp%2Fv2%2Fcategories&post=5579"},{"taxonomy":"post_tag","embeddable":true,"href":"https:\/\/basta2.com\/index.php?rest_route=%2Fwp%2Fv2%2Ftags&post=5579"}],"curies":[{"name":"wp","href":"https:\/\/api.w.org\/{rel}","templated":true}]}}