{"id":5602,"date":"2021-01-24T21:26:04","date_gmt":"2021-01-24T18:26:04","guid":{"rendered":"http:\/\/basta2.com\/?p=5602"},"modified":"2021-01-24T21:26:04","modified_gmt":"2021-01-24T18:26:04","slug":"qarabagda-k%c9%99ndl%c9%99ri-l%c9%99gv-edib-s%c9%99h%c9%99rcikl%c9%99r-tik%c9%99c%c9%99kl%c9%99r","status":"publish","type":"post","link":"https:\/\/basta2.com\/?p=5602","title":{"rendered":"Qaraba\u011fda k\u0259ndl\u0259ri l\u0259\u011fv edib \u015f\u0259h\u0259rcikl\u0259r tik\u0259c\u0259kl\u0259r?"},"content":{"rendered":"<p>Yay\u0131lan m\u0259lumatlara g\u00f6r\u0259, i\u015f\u011faldan azad edilmi\u015f \u0259razil\u0259rd\u0259 x\u0131rda k\u0259ndl\u0259ri l\u0259\u011fv edib, \u0259v\u0259zind\u0259 bir ne\u00e7\u0259 \u015f\u0259h\u0259rcikl\u0259r sal\u0131nacaq.<\/p>\n<p>&nbsp;<\/p>\n<p>Bu haqda M\u00fcsavat ba\u015fqan\u0131n\u0131n m\u00fcavini Razim \u018fmiraslanli yaz\u0131b.<\/p>\n<p>&nbsp;<\/p>\n<p>O, qeyd edib ki, m\u0259cburi k\u00f6\u00e7k\u00fcnl\u0259r<br \/>\nill\u0259rl\u0259 q\u0131\u015f\u0131n \u015faxtas\u0131nda, yay\u0131n q\u0131zmar\u0131nda \u00e7ad\u0131r \u015f\u0259h\u0259rcikl\u0259rind\u0259, vaqonlarda, yataqxanalarda, zirz\u0259mil\u0259rd\u0259, yar\u0131m\u00e7\u0131q binallarda qeyri- insani \u015f\u0259raitd\u0259 ya\u015fad\u0131lar.<br \/>\nAmma b\u00fct\u00fcn bu \u0259zab-\u0259ziyy\u0259tl\u0259r\u0259 baxmayaraq h\u0259mi\u015f\u0259 \u00fcmidl\u0259 ya\u015fay\u0131blar v\u0259 inan\u0131blar ki, bir g\u00fcn do\u011fma d\u0259d\u0259-baba yurdlar\u0131na d\u00f6n\u0259c\u0259kl\u0259r.<\/p>\n<p>&nbsp;<\/p>\n<p>&#8220;Art\u0131q torpaqlar\u0131m\u0131z i\u015f\u011faldan azad edilib. M\u0259cburi k\u00f6\u00e7k\u00fcnl\u0259rimiz d\u0259 b\u00f6y\u00fck sevinc hissi il\u0259 v\u0259t\u0259n\u0259 d\u00f6n\u00fcb, yenid\u0259n torpaqlar\u0131m\u0131zda qurub, yaratmaq, ya\u015famaq ist\u0259yirl\u0259r v\u0259 o g\u00fcn\u00fc s\u0259birsizlikl\u0259 g\u00f6zl\u0259yirl\u0259r. Amma yay\u0131lan m\u0259lumatlara g\u00f6r\u0259, i\u015f\u011faldan azad edilmi\u015f \u0259razil\u0259rd\u0259 x\u0131rda k\u0259ndl\u0259ri l\u0259\u011fv edib, \u0259v\u0259zind\u0259 bir ne\u00e7\u0259 \u015f\u0259h\u0259rcikl\u0259r sal\u0131nacaq, modul tipli q\u0259s\u0259b\u0259l\u0259r tikil\u0259c\u0259k&#8221; &#8211; dey\u0259, Razim \u018fmiraslanl\u0131 bildirib.<\/p>\n<p>&nbsp;<\/p>\n<p>M\u00fcsavat yetkilisi qeyd edib ki,\u00a0 \u0259g\u0259r \u0259razil\u0259rin b\u0259rpa proqram\u0131nda m\u0259cburi k\u00f6\u00e7k\u00fcnl\u0259rin m\u0259skunla\u015fmas\u0131 bel\u0259 n\u0259z\u0259rd\u0259 tutulubsa, bu ciddi etirazla s\u0259b\u0259b olacaq: &#8220;\u00c7\u00fcnki h\u0259r k\u0259s \u00f6z do\u011fma k\u0259ndind\u0259 m\u0259skunla\u015fmaq ist\u0259yir. H\u0259tta \u00e7oxlar\u0131 he\u00e7 bir yard\u0131m g\u00f6zl\u0259m\u0259d\u0259n \u015f\u0259xsi v\u0259saitl\u0259ri hesab\u0131na k\u0259ndind\u0259 ata-baba yurdunu b\u0259rpa etm\u0259k, yeri g\u0259ls\u0259 \u00e7ad\u0131r qurub ya\u015famaq ist\u0259yir. Buna\u00a0g\u00f6r\u0259 d\u0259 m\u0259cburi k\u00f6\u00e7k\u00fcnl\u0259rin r\u0259yi m\u00fctl\u0259q n\u0259z\u0259r\u0259 al\u0131nmal\u0131d\u0131r&#8221;.<\/p>\n<p>&nbsp;<\/p>\n<p>Basta<\/p>\n<p>&nbsp;<\/p>\n","protected":false},"excerpt":{"rendered":"<p>Yay\u0131lan m\u0259lumatlara g\u00f6r\u0259, i\u015f\u011faldan azad edilmi\u015f \u0259razil\u0259rd\u0259 x\u0131rda k\u0259ndl\u0259ri l\u0259\u011fv edib, \u0259v\u0259zind\u0259 bir ne\u00e7\u0259 \u015f\u0259h\u0259rcikl\u0259r sal\u0131nacaq. &nbsp; Bu haqda M\u00fcsavat<\/p>\n","protected":false},"author":1,"featured_media":2705,"comment_status":"open","ping_status":"open","sticky":false,"template":"","format":"standard","meta":{"_jetpack_memberships_contains_paid_content":false,"footnotes":""},"categories":[30,29],"tags":[],"class_list":["post-5602","post","type-post","status-publish","format-standard","has-post-thumbnail","hentry","category-gundm","category-manset"],"aioseo_notices":[],"jetpack_featured_media_url":"https:\/\/basta2.com\/wp-content\/uploads\/2020\/10\/cebrayil.jpg","jetpack_sharing_enabled":true,"_links":{"self":[{"href":"https:\/\/basta2.com\/index.php?rest_route=\/wp\/v2\/posts\/5602","targetHints":{"allow":["GET"]}}],"collection":[{"href":"https:\/\/basta2.com\/index.php?rest_route=\/wp\/v2\/posts"}],"about":[{"href":"https:\/\/basta2.com\/index.php?rest_route=\/wp\/v2\/types\/post"}],"author":[{"embeddable":true,"href":"https:\/\/basta2.com\/index.php?rest_route=\/wp\/v2\/users\/1"}],"replies":[{"embeddable":true,"href":"https:\/\/basta2.com\/index.php?rest_route=%2Fwp%2Fv2%2Fcomments&post=5602"}],"version-history":[{"count":1,"href":"https:\/\/basta2.com\/index.php?rest_route=\/wp\/v2\/posts\/5602\/revisions"}],"predecessor-version":[{"id":5603,"href":"https:\/\/basta2.com\/index.php?rest_route=\/wp\/v2\/posts\/5602\/revisions\/5603"}],"wp:featuredmedia":[{"embeddable":true,"href":"https:\/\/basta2.com\/index.php?rest_route=\/wp\/v2\/media\/2705"}],"wp:attachment":[{"href":"https:\/\/basta2.com\/index.php?rest_route=%2Fwp%2Fv2%2Fmedia&parent=5602"}],"wp:term":[{"taxonomy":"category","embeddable":true,"href":"https:\/\/basta2.com\/index.php?rest_route=%2Fwp%2Fv2%2Fcategories&post=5602"},{"taxonomy":"post_tag","embeddable":true,"href":"https:\/\/basta2.com\/index.php?rest_route=%2Fwp%2Fv2%2Ftags&post=5602"}],"curies":[{"name":"wp","href":"https:\/\/api.w.org\/{rel}","templated":true}]}}