{"id":5615,"date":"2021-01-25T18:22:10","date_gmt":"2021-01-25T15:22:10","guid":{"rendered":"http:\/\/basta2.com\/?p=5615"},"modified":"2021-01-25T18:22:10","modified_gmt":"2021-01-25T15:22:10","slug":"musavat-divaninin-iclasi-kecirilib-4","status":"publish","type":"post","link":"https:\/\/basta2.com\/?p=5615","title":{"rendered":"M\u00fcsavat Divan\u0131n\u0131n iclas\u0131 ke\u00e7irilib"},"content":{"rendered":"<p>Yanvar\u0131n 25-d\u0259 M\u00fcsavat Partiyas\u0131 Divan\u0131n n\u00f6vb\u0259ti iclas\u0131 ke\u00e7irilib. Partiyan\u0131n M\u0259rk\u0259zi q\u0259rargah\u0131nda ke\u00e7iril\u0259n iclasda \u00f6lk\u0259d\u0259 v\u0259 regionda ged\u0259n prosesl\u0259r haqda fikir m\u00fcbadil\u0259si apar\u0131l\u0131b.<\/p>\n<p>&nbsp;<\/p>\n<p>\u0130\u015fgaldan azad olunmu\u015f \u0259razil\u0259r\u0259 m\u0259cburi k\u00f6\u00e7k\u00fcnl\u0259rin qaytar\u0131lmas\u0131 m\u00f6vzusunda h\u0259yata ke\u00e7iril\u0259n r\u0259y sor\u011fusu v\u0259 dig\u0259r haz\u0131rl\u0131q i\u015fl\u0259ri bar\u0259d\u0259 m\u0259lumat verilib. Bu m\u0259s\u0259l\u0259 il\u0259 \u0259laq\u0259dar t\u0259klifl\u0259rin haz\u0131rlanmas\u0131 \u00fc\u00e7\u00fcn m\u00fct\u0259x\u0259ssisl\u0259rd\u0259n ibar\u0259t komissiyan\u0131n yarad\u0131lmas\u0131 q\u0259rara al\u0131n\u0131b.<\/p>\n<p>&nbsp;<\/p>\n<p>Divan Az\u0259rbaycan Xalq C\u00fcmhuriyy\u0259tinin banisi M\u0259h\u0259mm\u0259d \u018fmin R\u0259sulzad\u0259nin anadan olmas\u0131n\u0131n ild\u00f6n\u00fcm\u00fc il\u0259 ba\u011fl\u0131, yanvar\u0131n 31-d\u0259 saat 12:00-da Novxan\u0131 k\u0259ndind\u0259 \u00f6nd\u0259rin abid\u0259sinin sosial m\u0259saf\u0259 v\u0259 maska rejiminin qorunmas\u0131 \u015f\u0259rtil\u0259 ziyar\u0259t edilm\u0259si haqda q\u0259rar q\u0259bul edib.<\/p>\n<p>&nbsp;<\/p>\n<p>\u0130clasda Divan \u00fczvl\u0259rin\u0259, t\u0259\u015fkilati m\u0259s\u0259l\u0259l\u0259rl\u0259 ba\u011fl\u0131 onlar\u0131n t\u0259hkim olunduqlar\u0131 rayon t\u0259\u015fkilatlar\u0131n\u0131n yenil\u0259nmi\u015f siyah\u0131s\u0131 t\u0259qdim edilib.<\/p>\n<p>&nbsp;<\/p>\n<p>Sonda cari m\u0259s\u0259l\u0259l\u0259r m\u00fczakir\u0259 edilib.<\/p>\n<p>&nbsp;<\/p>\n<p>Basta<\/p>\n<p>&nbsp;<\/p>\n<p>&nbsp;<\/p>\n","protected":false},"excerpt":{"rendered":"<p>Yanvar\u0131n 25-d\u0259 M\u00fcsavat Partiyas\u0131 Divan\u0131n n\u00f6vb\u0259ti iclas\u0131 ke\u00e7irilib. Partiyan\u0131n M\u0259rk\u0259zi q\u0259rargah\u0131nda ke\u00e7iril\u0259n iclasda \u00f6lk\u0259d\u0259 v\u0259 regionda ged\u0259n prosesl\u0259r haqda fikir<\/p>\n","protected":false},"author":1,"featured_media":2392,"comment_status":"open","ping_status":"open","sticky":false,"template":"","format":"standard","meta":{"_jetpack_memberships_contains_paid_content":false,"footnotes":""},"categories":[29,36],"tags":[],"class_list":["post-5615","post","type-post","status-publish","format-standard","has-post-thumbnail","hentry","category-manset","category-siyast"],"aioseo_notices":[],"jetpack_featured_media_url":"https:\/\/basta2.com\/wp-content\/uploads\/2020\/09\/Musavat-loqo.jpg","jetpack_sharing_enabled":true,"_links":{"self":[{"href":"https:\/\/basta2.com\/index.php?rest_route=\/wp\/v2\/posts\/5615","targetHints":{"allow":["GET"]}}],"collection":[{"href":"https:\/\/basta2.com\/index.php?rest_route=\/wp\/v2\/posts"}],"about":[{"href":"https:\/\/basta2.com\/index.php?rest_route=\/wp\/v2\/types\/post"}],"author":[{"embeddable":true,"href":"https:\/\/basta2.com\/index.php?rest_route=\/wp\/v2\/users\/1"}],"replies":[{"embeddable":true,"href":"https:\/\/basta2.com\/index.php?rest_route=%2Fwp%2Fv2%2Fcomments&post=5615"}],"version-history":[{"count":1,"href":"https:\/\/basta2.com\/index.php?rest_route=\/wp\/v2\/posts\/5615\/revisions"}],"predecessor-version":[{"id":5616,"href":"https:\/\/basta2.com\/index.php?rest_route=\/wp\/v2\/posts\/5615\/revisions\/5616"}],"wp:featuredmedia":[{"embeddable":true,"href":"https:\/\/basta2.com\/index.php?rest_route=\/wp\/v2\/media\/2392"}],"wp:attachment":[{"href":"https:\/\/basta2.com\/index.php?rest_route=%2Fwp%2Fv2%2Fmedia&parent=5615"}],"wp:term":[{"taxonomy":"category","embeddable":true,"href":"https:\/\/basta2.com\/index.php?rest_route=%2Fwp%2Fv2%2Fcategories&post=5615"},{"taxonomy":"post_tag","embeddable":true,"href":"https:\/\/basta2.com\/index.php?rest_route=%2Fwp%2Fv2%2Ftags&post=5615"}],"curies":[{"name":"wp","href":"https:\/\/api.w.org\/{rel}","templated":true}]}}