{"id":5792,"date":"2021-02-02T16:22:49","date_gmt":"2021-02-02T13:22:49","guid":{"rendered":"http:\/\/basta2.com\/?p=5792"},"modified":"2021-02-02T21:45:58","modified_gmt":"2021-02-02T18:45:58","slug":"moskva-m%c9%99hk%c9%99m%c9%99si-aleksey-navalninin-isin%c9%99-baxir","status":"publish","type":"post","link":"https:\/\/basta2.com\/?p=5792","title":{"rendered":"Aleksey Navaln\u0131 2 il 8 ay m\u00fcdd\u0259tin\u0259 azadl\u0131qdan m\u0259hrum edildi  &#8211; Yenil\u0259nib"},"content":{"rendered":"<p>Moskva \u015e\u0259h\u0259r M\u0259hk\u0259m\u0259si Aleksey Navaln\u0131n\u0131 2 il 8 m\u00fcdd\u0259tin\u0259\u00a0 azadl\u0131qdan m\u0259hrum edib.<\/p>\n<p>***<\/p>\n<p><iframe loading=\"lazy\" title=\"\u0421\u0443\u0434 \u043f\u043e \u0434\u0435\u043b\u0443 \u041d\u0430\u0432\u0430\u043b\u044c\u043d\u043e\u0433\u043e. \u041f\u0440\u043e\u0434\u043e\u043b\u0436\u0435\u043d\u0438\u0435 \u0441\u043f\u0435\u0446\u044d\u0444\u0438\u0440\u0430\" width=\"800\" height=\"600\" src=\"https:\/\/www.youtube.com\/embed\/Jwno_6dog8s?feature=oembed\" frameborder=\"0\" allow=\"accelerometer; autoplay; clipboard-write; encrypted-media; gyroscope; picture-in-picture\" allowfullscreen><\/iframe><\/p>\n<p>&nbsp;<\/p>\n<p>2 fevralda i\u015fin\u0259 ba\u015flayan m\u0259hk\u0259m\u0259 \u0259traf\u0131nda \u00e7ox sayda t\u0259hl\u00fck\u0259sizlik q\u00fcvv\u0259l\u0259ri yerl\u0259\u015fdirilib. Hadis\u0259 yerind\u0259 olan BBC m\u00fcxbirin\u0259 \u0259sas\u0259n, binan\u0131n yax\u0131nl\u0131\u011f\u0131ndak\u0131 k\u00fc\u00e7\u0259l\u0259r d\u0259, polis n\u0259zar\u0259ti alt\u0131ndad\u0131r v\u0259 b\u0259zi kafel\u0259r ba\u011flanma\u011fa m\u0259cbur edilib.<\/p>\n<p>&nbsp;<\/p>\n<p>Navaln\u0131n\u0131 d\u0259st\u0259kl\u0259y\u0259nl\u0259r v\u0259 media n\u00fcmay\u0259nd\u0259l\u0259ri aras\u0131nda saxlan\u0131lanlar\u0131n oldu\u011fu x\u0259b\u0259r verilir.<\/p>\n<p>&nbsp;<\/p>\n<p>Rusiyada c\u0259zalar\u0131n icras\u0131 \u00fczr\u0259 federal n\u0259zar\u0259t qurumuna (FS\u0130N) \u0259sas\u0259n, m\u00fct\u0259madi qeydiyyatdan ke\u00e7m\u0259k bar\u0259d\u0259 \u015f\u0259rti c\u0259zan\u0131n t\u0259l\u0259bl\u0259rini pozan Aleksey Navaln\u0131ya bu bar\u0259d\u0259 d\u0259f\u0259l\u0259rl\u0259 x\u0259b\u0259rdarl\u0131q edilib.<\/p>\n<p>&nbsp;<\/p>\n<p>Aleksey Navaln\u0131 m\u0259hk\u0259m\u0259y\u0259 m\u00fcraci\u0259tind\u0259 Almaniyada m\u00fcalic\u0259 olundu\u011fu m\u00fcdd\u0259t \u0259rzind\u0259 Rusiyaya g\u0259l\u0259 bilm\u0259diyini izah edib: &#8220;Sizd\u0259 m\u0259nim \u00fcnvan\u0131m, \u0259laq\u0259 m\u0259lumatlar\u0131m var idi. Siz\u0259 harada oldu\u011fumu s\u00f6yl\u0259m\u0259k \u00fc\u00e7\u00fcn daha n\u0259 ed\u0259 bil\u0259rdim?&#8221;.<\/p>\n<p>&nbsp;<\/p>\n<p>Aleksey Navaln\u0131 yanvar\u0131n 17-d\u0259 Almaniyadan Moskvaya qay\u0131td\u0131qdan sonra d\u0259rhal h\u0259bs olunub.<\/p>\n<p>&nbsp;<\/p>\n<p>Yanvar\u0131n 23-d\u0259 v\u0259 31-d\u0259 Aleksey Navaln\u0131n\u0131n t\u0259r\u0259fdarlar\u0131 Rusiyan\u0131n bir \u00e7ox \u015f\u0259h\u0259r v\u0259 b\u00f6lg\u0259l\u0259rind\u0259 onun h\u00fcquqlar\u0131n\u0131n m\u00fcdaf\u0259si m\u0259qs\u0259dil\u0259 icaz\u0259siz k\u00fctl\u0259vi etiraz aksiyalar\u0131 ke\u00e7iribl\u0259r.<\/p>\n<p>&nbsp;<\/p>\n<p>H\u0259min etiraz aksiyalar\u0131 \u015f\u0259rh\u00e7il\u0259r t\u0259r\u0259find\u0259n Rusiyada &#8220;son ill\u0259rin \u0259n izdihaml\u0131 k\u00fctl\u0259vi aksiyalar\u0131&#8221; kimi d\u0259y\u0259rl\u0259ndirlib.<\/p>\n<p>&nbsp;<\/p>\n<p>Rusiyan\u0131n OVD-Info n\u0259\u015frinin bildirdiyin\u0259 g\u00f6r\u0259, 31 yanvar etirazlar\u0131 zaman\u0131 Rusiya boyu \u00fcmumilikd\u0259 5,3 mind\u0259n \u00e7ox insan polis t\u0259r\u0259find\u0259n saxlan\u0131l\u0131b, paytaxt Mosvadada ke\u00e7iril\u0259n aksiyalarda 1,8 min n\u0259f\u0259r tutulub.<\/p>\n<p>&nbsp;<\/p>\n<p>\u00d6t\u0259n g\u00fcn saxlan\u0131lanlar aras\u0131nda Aleksey Navaln\u0131n h\u0259yat yolda\u015f\u0131 Yulia Navalnaya da olub. D\u00fcn\u0259n o, polis b\u00f6lm\u0259sind\u0259 bir ne\u00e7\u0259 saat saxland\u0131qdan sonra ev\u0259 burax\u0131lsa da, bu g\u00fcn Yuliya Navalnayaya Moskva m\u0259hk\u0259m\u0259si icaz\u0259siz etiraz aksiyas\u0131nda i\u015ftirak etdiyin\u0259 g\u00f6r\u0259 20 min rubl m\u0259bl\u0259\u011find\u0259 c\u0259rim\u0259 k\u0259sib.<\/p>\n<p>&nbsp;<\/p>\n<p>\u015e\u0259nb\u0259 g\u00fcn\u00fc h\u0259bs olunmu\u015f Aleksey Navaln\u0131n\u0131n m\u0259tbuat katibi Kira Yarm\u0131\u015f da bu g\u00fcn h\u0259bsxanadan ev\u0259 burax\u0131l\u0131b &#8211; m\u0259hk\u0259m\u0259 onu doqquz g\u00fcn m\u00fcdd\u0259tin\u0259 ev dustaql\u0131\u011f\u0131na g\u00f6nd\u0259rib.<\/p>\n<p>&nbsp;<\/p>\n<p>Navaln\u0131n\u0131n Korrupsiya \u0259leyhin\u0259 M\u00fcbariz\u0259 Fondunun (FBK) dig\u0259r \u0259m\u0259kda\u015flar\u0131 da &#8211; h\u00fcquq\u015f\u00fcnas Lyubov Sobol, Moskva q\u0259rargah\u0131n\u0131n r\u0259hb\u0259ri Oleq Stepanov &#8211; el\u0259c\u0259 d\u0259 Pussy Riot qrupunun \u00fczv\u00fc Mariya Alyoxina, H\u0259kiml\u0259r \u0130ttifaq\u0131n\u0131n r\u0259hb\u0259ri Anastasiya Vasilyeva v\u0259 Navaln\u0131n\u0131n qarda\u015f\u0131 Oleq Navaln\u0131 da h\u0259bsd\u0259n ev dustaql\u0131\u011f\u0131na burax\u0131l\u0131blar.<\/p>\n<p>&nbsp;<\/p>\n","protected":false},"excerpt":{"rendered":"<p>Moskva \u015e\u0259h\u0259r M\u0259hk\u0259m\u0259si Aleksey Navaln\u0131n\u0131 2 il 8 m\u00fcdd\u0259tin\u0259\u00a0 azadl\u0131qdan m\u0259hrum edib. *** &nbsp; 2 fevralda i\u015fin\u0259 ba\u015flayan m\u0259hk\u0259m\u0259 \u0259traf\u0131nda<\/p>\n","protected":false},"author":1,"featured_media":5793,"comment_status":"open","ping_status":"open","sticky":false,"template":"","format":"standard","meta":{"_jetpack_memberships_contains_paid_content":false,"footnotes":""},"categories":[32,29],"tags":[],"class_list":["post-5792","post","type-post","status-publish","format-standard","has-post-thumbnail","hentry","category-dunya","category-manset"],"aioseo_notices":[],"jetpack_featured_media_url":"https:\/\/basta2.com\/wp-content\/uploads\/2021\/02\/navalni2.jpg","jetpack_sharing_enabled":true,"_links":{"self":[{"href":"https:\/\/basta2.com\/index.php?rest_route=\/wp\/v2\/posts\/5792","targetHints":{"allow":["GET"]}}],"collection":[{"href":"https:\/\/basta2.com\/index.php?rest_route=\/wp\/v2\/posts"}],"about":[{"href":"https:\/\/basta2.com\/index.php?rest_route=\/wp\/v2\/types\/post"}],"author":[{"embeddable":true,"href":"https:\/\/basta2.com\/index.php?rest_route=\/wp\/v2\/users\/1"}],"replies":[{"embeddable":true,"href":"https:\/\/basta2.com\/index.php?rest_route=%2Fwp%2Fv2%2Fcomments&post=5792"}],"version-history":[{"count":10,"href":"https:\/\/basta2.com\/index.php?rest_route=\/wp\/v2\/posts\/5792\/revisions"}],"predecessor-version":[{"id":5803,"href":"https:\/\/basta2.com\/index.php?rest_route=\/wp\/v2\/posts\/5792\/revisions\/5803"}],"wp:featuredmedia":[{"embeddable":true,"href":"https:\/\/basta2.com\/index.php?rest_route=\/wp\/v2\/media\/5793"}],"wp:attachment":[{"href":"https:\/\/basta2.com\/index.php?rest_route=%2Fwp%2Fv2%2Fmedia&parent=5792"}],"wp:term":[{"taxonomy":"category","embeddable":true,"href":"https:\/\/basta2.com\/index.php?rest_route=%2Fwp%2Fv2%2Fcategories&post=5792"},{"taxonomy":"post_tag","embeddable":true,"href":"https:\/\/basta2.com\/index.php?rest_route=%2Fwp%2Fv2%2Ftags&post=5792"}],"curies":[{"name":"wp","href":"https:\/\/api.w.org\/{rel}","templated":true}]}}