{"id":5806,"date":"2021-02-03T11:35:16","date_gmt":"2021-02-03T08:35:16","guid":{"rendered":"http:\/\/basta2.com\/?p=5806"},"modified":"2021-02-03T11:35:16","modified_gmt":"2021-02-03T08:35:16","slug":"q%c9%99rb-navalninin-h%c9%99bsin%c9%99-s%c9%99rt-reaksiya-verir","status":"publish","type":"post","link":"https:\/\/basta2.com\/?p=5806","title":{"rendered":"Q\u0259rb Navaln\u0131n\u0131n h\u0259bsin\u0259 s\u0259rt reaksiya verir"},"content":{"rendered":"<div class=\"intro intro--bold\">\n<p>Moskva m\u0259hk\u0259m\u0259si fevral\u0131n 2-d\u0259 m\u00fcxalif\u0259t siyas\u0259t\u00e7isi Aleksey Navaln\u0131n islah-\u0259m\u0259k koloniyas\u0131na g\u00f6nd\u0259rilm\u0259si bar\u0259d\u0259 q\u0259rar q\u0259bul edib.<\/p>\n<p>&nbsp;<\/p>\n<\/div>\n<div id=\"article-content\" class=\"content-floated-wrap fb-quotable\">\n<div class=\"wsw\">\n<p>Fevral\u0131n 2-d\u0259 Rusiyada m\u00fcxalif\u0259t lideri Aleksey Navaln\u0131n\u0131n m\u0259hk\u0259m\u0259 q\u0259rar\u0131 il\u0259 azadl\u0131qdan m\u0259hrum edilm\u0259si Q\u0259rbd\u0259 geni\u015f hidd\u0259t\u0259 s\u0259b\u0259b olub.<\/p>\n<p>&nbsp;<\/p>\n<p>Birl\u0259\u015fmi\u015f \u015etatlar, Britaniya, Kanada \u0259 Avropa \u0130ttifaq\u0131 d\u0259rhal v\u0259 s\u0259rt b\u0259yanatlarla \u00e7\u0131x\u0131\u015f edib.<\/p>\n<p>&nbsp;<\/p>\n<p>AB\u015e-\u0131n d\u00f6vl\u0259t katibi\u00a0<strong>Entoni Blinken<\/strong> deyib ki, Va\u015finqton Navaln\u0131n\u0131n h\u0259bsind\u0259n \u201cd\u0259rind\u0259n narahatd\u0131r\u201d,\u00a0 Azadl\u0131qRadiosu m\u0259lumat verib.<\/p>\n<p>&nbsp;<\/p>\n<p>O Rusiyan\u0131 siyasi f\u0259al\u0131 v\u0259 onu d\u0259st\u0259kl\u0259dikl\u0259rin\u0259 g\u00f6r\u0259 saxlanm\u0131\u015f minl\u0259rl\u0259 etiraz\u00e7\u0131n\u0131 d\u0259rhal azad etm\u0259y\u0259 \u00e7a\u011f\u0131r\u0131b.<\/p>\n<p>&nbsp;<\/p>\n<p>Blinken bildirib ki, Rusiya s\u0259rb\u0259st topla\u015fma v\u0259 ifad\u0259 azadl\u0131\u011f\u0131na dair beyn\u0259lxalq \u00f6hd\u0259likl\u0259rin\u0259 \u0259m\u0259l etm\u0259s\u0259, Va\u015finqton v\u0259 onun Q\u0259rb m\u00fctt\u0259fiql\u0259ri buna s\u0259rt reaksiya ver\u0259c\u0259kl\u0259r:<\/p>\n<p>&nbsp;<\/p>\n<p>\u201cBiz h\u0259tta AB\u015e maraqlar\u0131 \u00fc\u00e7\u00fcn Rusiya il\u0259 i\u015fl\u0259s\u0259k d\u0259, Rusiyadan \u00f6z v\u0259t\u0259nda\u015flar\u0131n\u0131n haqq\u0131n\u0131 tapdalad\u0131\u011f\u0131na g\u00f6r\u0259 hesabat t\u0259l\u0259b etm\u0259k \u00fc\u00e7\u00fcn m\u00fctt\u0259fiql\u0259rimizl\u0259 koordinasiyada h\u0259r\u0259k\u0259t ed\u0259c\u0259yik\u201d.<\/p>\n<p>&nbsp;<\/p>\n<p>Birl\u0259\u015fmi\u015f Krall\u0131\u011f\u0131n xarici i\u015fl\u0259r naziri\u00a0<strong>Dominik Raab<\/strong>\u00a0deyib ki, Moskva m\u0259hk\u0259m\u0259sinin q\u0259rar\u0131 Rusiyan\u0131n beyn\u0259lxalq icman\u0131n h\u0259r bir m\u0259suliyy\u0259tli \u00fczv\u00fcnd\u0259n g\u00f6zl\u0259nil\u0259n elementar \u00f6hd\u0259likl\u0259r\u0259 \u0259m\u0259l etm\u0259diyini g\u00f6st\u0259rir.<\/p>\n<\/div>\n<\/div>\n<p>&nbsp;<\/p>\n<p>Fevral\u0131n 4-6-da Moskvaya s\u0259f\u0259ri g\u00f6zl\u0259nil\u0259n Avropa \u0130ttifaq\u0131 xarici i\u015fl\u0259r komissar\u0131\u00a0<strong>Yosep Borrell<\/strong>\u00a0Navaln\u0131n\u0131 h\u0259bsini \u201cqanunsuz v\u0259 \u0259sass\u0131z\u201d adland\u0131r\u0131b.<\/p>\n<p>&nbsp;<\/p>\n<p>&nbsp;<\/p>\n","protected":false},"excerpt":{"rendered":"<p>Moskva m\u0259hk\u0259m\u0259si fevral\u0131n 2-d\u0259 m\u00fcxalif\u0259t siyas\u0259t\u00e7isi Aleksey Navaln\u0131n islah-\u0259m\u0259k koloniyas\u0131na g\u00f6nd\u0259rilm\u0259si bar\u0259d\u0259 q\u0259rar q\u0259bul edib. &nbsp; Fevral\u0131n 2-d\u0259 Rusiyada m\u00fcxalif\u0259t<\/p>\n","protected":false},"author":1,"featured_media":5807,"comment_status":"open","ping_status":"open","sticky":false,"template":"","format":"standard","meta":{"_jetpack_memberships_contains_paid_content":false,"footnotes":""},"categories":[32,29],"tags":[],"class_list":["post-5806","post","type-post","status-publish","format-standard","has-post-thumbnail","hentry","category-dunya","category-manset"],"aioseo_notices":[],"jetpack_featured_media_url":"https:\/\/basta2.com\/wp-content\/uploads\/2021\/02\/alexei-navalny-a-moscou-ce-2-fevrier-photo-handout-moscow-city-court-press-service-afp-1612288489.jpg","jetpack_sharing_enabled":true,"_links":{"self":[{"href":"https:\/\/basta2.com\/index.php?rest_route=\/wp\/v2\/posts\/5806","targetHints":{"allow":["GET"]}}],"collection":[{"href":"https:\/\/basta2.com\/index.php?rest_route=\/wp\/v2\/posts"}],"about":[{"href":"https:\/\/basta2.com\/index.php?rest_route=\/wp\/v2\/types\/post"}],"author":[{"embeddable":true,"href":"https:\/\/basta2.com\/index.php?rest_route=\/wp\/v2\/users\/1"}],"replies":[{"embeddable":true,"href":"https:\/\/basta2.com\/index.php?rest_route=%2Fwp%2Fv2%2Fcomments&post=5806"}],"version-history":[{"count":1,"href":"https:\/\/basta2.com\/index.php?rest_route=\/wp\/v2\/posts\/5806\/revisions"}],"predecessor-version":[{"id":5808,"href":"https:\/\/basta2.com\/index.php?rest_route=\/wp\/v2\/posts\/5806\/revisions\/5808"}],"wp:featuredmedia":[{"embeddable":true,"href":"https:\/\/basta2.com\/index.php?rest_route=\/wp\/v2\/media\/5807"}],"wp:attachment":[{"href":"https:\/\/basta2.com\/index.php?rest_route=%2Fwp%2Fv2%2Fmedia&parent=5806"}],"wp:term":[{"taxonomy":"category","embeddable":true,"href":"https:\/\/basta2.com\/index.php?rest_route=%2Fwp%2Fv2%2Fcategories&post=5806"},{"taxonomy":"post_tag","embeddable":true,"href":"https:\/\/basta2.com\/index.php?rest_route=%2Fwp%2Fv2%2Ftags&post=5806"}],"curies":[{"name":"wp","href":"https:\/\/api.w.org\/{rel}","templated":true}]}}