{"id":6144,"date":"2021-02-23T12:40:13","date_gmt":"2021-02-23T09:40:13","guid":{"rendered":"http:\/\/basta2.com\/?p=6144"},"modified":"2021-02-23T12:40:13","modified_gmt":"2021-02-23T09:40:13","slug":"avropa-ittifaqi-navalnin-h%c9%99bsin%c9%99-gor%c9%99-rusiyaya-sanksiya-t%c9%99tbiq-edib","status":"publish","type":"post","link":"https:\/\/basta2.com\/?p=6144","title":{"rendered":"Avropa \u0130ttifaq\u0131 Navaln\u0131n h\u0259bsin\u0259 g\u00f6r\u0259 Rusiyaya sanksiya t\u0259tbiq edib"},"content":{"rendered":"<p><strong>Avropa \u0130ttifaq\u0131na \u00fczv \u00f6lk\u0259l\u0259rin Xarici \u0130\u015fl\u0259r nazirl\u0259ri Rusiya m\u00fcxalif\u0259tinin lideri Aleksey Navaln\u0131n h\u0259bsi il\u0259 \u0259laq\u0259dar Rusiyaya sanksiya t\u0259tbiq edilm\u0259sin\u0259 q\u0259rar verib.<\/strong><\/p>\n<p>&nbsp;<\/p>\n<p>Avropa \u0130ttifaq\u0131n\u0131n (A\u0130) Xarici Siyas\u0259t v\u0259 T\u0259hl\u00fck\u0259sizlik m\u0259s\u0259l\u0259l\u0259ri \u00fczr\u0259 Ali Komissar\u0131 Cozep Borrell Rusiyan\u0131 avtoritar adland\u0131r\u0131b.<\/p>\n<p>&nbsp;<\/p>\n<p>Ali Komissar deyib ki, Navaln\u0131n\u0131n tutumas\u0131nda v\u0259 qanunsuz m\u00fchakim\u0259 olunmas\u0131nda hans\u0131sa formada i\u015ftirak ed\u0259n \u015f\u0259xsl\u0259r d\u0259 daxil olmaqla, \u00fcmumilikd\u0259 Rusiyaya qar\u015f\u0131 m\u0259hdudla\u015fd\u0131r\u0131c\u0131 t\u0259dbirl\u0259r g\u00f6rm\u0259kl\u0259 ba\u011fl\u0131 q\u0259rar verdik: \u201cBu m\u0259hdudla\u015fd\u0131r\u0131c\u0131 t\u0259dbirl\u0259rl\u0259 Avropa \u0130ttifaq\u0131n\u0131n 2020-ci ild\u0259 ba\u015flatd\u0131\u011f\u0131 Qlobal \u0130nsan Haqlar\u0131 Sanksiya Rejimini ilk d\u0259f\u0259 istifad\u0259 edirik\u201d, \u2013 dey\u0259 o, \u0259lav\u0259 edib.<\/p>\n<p>&nbsp;<\/p>\n<p>Sanksiyalar\u0131n haz\u0131rlanmas\u0131 prosesinin bu g\u00fcnd\u0259n etibar\u0259n ba\u015flad\u0131\u011f\u0131n\u0131 qeyd ed\u0259n Borrell konkret t\u0259klifl\u0259r verildiyini v\u0259 detallar\u0131n bir h\u0259ft\u0259 \u0259rzind\u0259 haz\u0131r olmas\u0131n\u0131n g\u00f6zl\u0259nildiyini bildirib.<\/p>\n<p>&nbsp;<\/p>\n<p><strong>X\u0259yal q\u0131r\u0131ql\u0131\u011f\u0131\u2026<\/strong><\/p>\n<p>&nbsp;<\/p>\n<p>Rusiya Xarici \u0130\u015fl\u0259r Nazirliyi sanksiya q\u0259rar\u0131 il\u0259 ba\u011fl\u0131 a\u00e7\u0131qlama yay\u0131b. Nazirliyin a\u00e7\u0131qlamas\u0131nda Avropa \u0130ttifaq\u0131n\u0131n bu q\u0259rar\u0131n\u0131n x\u0259yal q\u0131r\u0131ql\u0131\u011f\u0131 yaratd\u0131\u011f\u0131 qeyd olunub: \u201cAvropa \u0130ttifaq\u0131na \u00fczv \u00f6lk\u0259l\u0259rin Xarici \u0130\u015fl\u0259r nazirl\u0259rinin uydurma b\u0259han\u0259l\u0259rl\u0259 Rusiya v\u0259t\u0259nda\u015flar\u0131na y\u00f6n\u0259lik sanksiya q\u0259rar\u0131 x\u0259yal q\u0131r\u0131ql\u0131\u011f\u0131 yarad\u0131r\u201d, \u2013 dey\u0259 bildirilib.<\/p>\n<p>&nbsp;<\/p>\n<p><strong>M\u00fcxalif\u0259t liderinin h\u0259bsi\u2026<\/strong><\/p>\n<p>&nbsp;<\/p>\n<p>Avqust ay\u0131nda Sibird\u0259n Moskvaya qay\u0131dark\u0259n t\u0259yyar\u0259d\u0259 s\u0259h\u0259ti pisl\u0259\u015f\u0259n 44 ya\u015fl\u0131 Rus m\u00fcxalif\u0259t lideri Aleksey Navaln\u0131n\u0131n z\u0259h\u0259rl\u0259ndiyi iddia edilib. Navaln\u0131 22 avqustda x\u00fcsusi t\u0259yyar\u0259d\u0259 m\u00fcalic\u0259 \u00fc\u00e7\u00fcn Omsk-dan Berlin\u0259 apar\u0131l\u0131b.<\/p>\n<p>&nbsp;<\/p>\n<p>Almaniya Rusiya m\u00fcxalif\u0259tinin liderinin z\u0259h\u0259rl\u0259ndiyind\u0259n \u0259min olduqlar\u0131n\u0131 a\u00e7\u0131qlam\u0131\u015fd\u0131. Navaln\u0131 m\u00fcalic\u0259sini ba\u015fa vurduqdan sonra, bu ilin 17 yanvar\u0131nda \u00f6z \u00f6lk\u0259sin\u0259 qay\u0131d\u0131b.<\/p>\n<p>&nbsp;<\/p>\n<p>Moskvan\u0131n Simonski m\u0259hk\u0259m\u0259si, fevral\u0131n 2-d\u0259 m\u00fcxalif\u0259t lideri Aleksey Navalninin indiy\u0259 kimi olan \u015f\u0259rti c\u0259zas\u0131n\u0131 ger\u00e7\u0259k h\u0259bs c\u0259zas\u0131 il\u0259 \u0259v\u0259z edib. Onun bar\u0259sind\u0259 2014-c\u00fc ild\u0259 \u201c\u0130v Ro\u015fe\u201d i\u015fi il\u0259 ba\u011fl\u0131 \u00e7\u0131xar\u0131lm\u0131\u015f 3 il yar\u0131ml\u0131q \u015f\u0259rti c\u0259za yenid\u0259n q\u00fcvv\u0259y\u0259 minib.<\/p>\n<p>&nbsp;<\/p>\n<p>M\u0259hk\u0259m\u0259nin q\u0259rar\u0131nda deyilir ki, Navaln\u0131 bu c\u0259zan\u0131n 2 il yar\u0131m\u0131n\u0131 \u00e7\u0259k\u0259c\u0259k, \u00e7\u00fcnki o 2014-c\u00fc ild\u0259 bir m\u00fcdd\u0259t ev m\u0259hbusu olub.<\/p>\n<p>&nbsp;<\/p>\n<p>Abzas.net<\/p>\n<p>&nbsp;<\/p>\n","protected":false},"excerpt":{"rendered":"<p>Avropa \u0130ttifaq\u0131na \u00fczv \u00f6lk\u0259l\u0259rin Xarici \u0130\u015fl\u0259r nazirl\u0259ri Rusiya m\u00fcxalif\u0259tinin lideri Aleksey Navaln\u0131n h\u0259bsi il\u0259 \u0259laq\u0259dar Rusiyaya sanksiya t\u0259tbiq edilm\u0259sin\u0259 q\u0259rar<\/p>\n","protected":false},"author":1,"featured_media":5807,"comment_status":"closed","ping_status":"closed","sticky":false,"template":"","format":"standard","meta":{"_jetpack_memberships_contains_paid_content":false,"footnotes":""},"categories":[32],"tags":[],"class_list":["post-6144","post","type-post","status-publish","format-standard","has-post-thumbnail","hentry","category-dunya"],"aioseo_notices":[],"jetpack_featured_media_url":"https:\/\/basta2.com\/wp-content\/uploads\/2021\/02\/alexei-navalny-a-moscou-ce-2-fevrier-photo-handout-moscow-city-court-press-service-afp-1612288489.jpg","jetpack_sharing_enabled":true,"_links":{"self":[{"href":"https:\/\/basta2.com\/index.php?rest_route=\/wp\/v2\/posts\/6144","targetHints":{"allow":["GET"]}}],"collection":[{"href":"https:\/\/basta2.com\/index.php?rest_route=\/wp\/v2\/posts"}],"about":[{"href":"https:\/\/basta2.com\/index.php?rest_route=\/wp\/v2\/types\/post"}],"author":[{"embeddable":true,"href":"https:\/\/basta2.com\/index.php?rest_route=\/wp\/v2\/users\/1"}],"replies":[{"embeddable":true,"href":"https:\/\/basta2.com\/index.php?rest_route=%2Fwp%2Fv2%2Fcomments&post=6144"}],"version-history":[{"count":1,"href":"https:\/\/basta2.com\/index.php?rest_route=\/wp\/v2\/posts\/6144\/revisions"}],"predecessor-version":[{"id":6145,"href":"https:\/\/basta2.com\/index.php?rest_route=\/wp\/v2\/posts\/6144\/revisions\/6145"}],"wp:featuredmedia":[{"embeddable":true,"href":"https:\/\/basta2.com\/index.php?rest_route=\/wp\/v2\/media\/5807"}],"wp:attachment":[{"href":"https:\/\/basta2.com\/index.php?rest_route=%2Fwp%2Fv2%2Fmedia&parent=6144"}],"wp:term":[{"taxonomy":"category","embeddable":true,"href":"https:\/\/basta2.com\/index.php?rest_route=%2Fwp%2Fv2%2Fcategories&post=6144"},{"taxonomy":"post_tag","embeddable":true,"href":"https:\/\/basta2.com\/index.php?rest_route=%2Fwp%2Fv2%2Ftags&post=6144"}],"curies":[{"name":"wp","href":"https:\/\/api.w.org\/{rel}","templated":true}]}}