{"id":6218,"date":"2021-03-01T12:50:15","date_gmt":"2021-03-01T09:50:15","guid":{"rendered":"http:\/\/basta2.com\/?p=6218"},"modified":"2021-03-01T12:50:15","modified_gmt":"2021-03-01T09:50:15","slug":"pasinyan-isg%c9%99nd%c9%99r-raketi-bar%c9%99d%c9%99-dediyi-sozl%c9%99ri-geri-goturdu","status":"publish","type":"post","link":"https:\/\/basta2.com\/?p=6218","title":{"rendered":"Pa\u015finyan \u201c\u0130sg\u0259nd\u0259r\u201d raketi bar\u0259d\u0259 dediyi s\u00f6zl\u0259ri GER\u0130 G\u00d6T\u00dcRD\u00dc"},"content":{"rendered":"<p>Erm\u0259nistan v\u0259 Rusiya liderl\u0259rinin bir ne\u00e7\u0259 g\u00fcn \u00f6nc\u0259 ba\u015f tutan telefon dan\u0131\u015f\u0131\u011f\u0131n\u0131n detallar\u0131 m\u0259lum olub.<\/p>\n<p>&nbsp;<\/p>\n<p><strong>Modern.az<\/strong>\u00a0Erm\u0259nistan K\u0130V-n\u0259 istinad\u0259n x\u0259b\u0259r verir ki, dan\u0131\u015f\u0131qlar bar\u0259d\u0259 Nikol Pa\u015finyan\u0131n m\u0259tbuat xidm\u0259tinin r\u0259hb\u0259ri Mane Qevorkyan s\u00f6yl\u0259yib.<\/p>\n<p>&nbsp;<\/p>\n<p>\u201cBir ne\u00e7\u0259 g\u00fcn \u00f6nc\u0259, Rusiya Federasiyas\u0131n\u0131n prezidenti Vladimir Putin v\u0259 Erm\u0259nstan ba\u015f naziri Nikol Pa\u015finyan aras\u0131nda \u201c\u0130sg\u0259nd\u0259r\u201d raketl\u0259ri il\u0259 ba\u011fl\u0131 deyil\u0259nl\u0259r d\u0259 m\u00fczakir\u0259 olunub. Fatlar\u0131n tutu\u015fdurulmas\u0131 zaman\u0131 ba\u015f nazir raketl\u0259rl\u0259 ba\u011fl\u0131 d\u00fczg\u00fcn m\u0259lumatland\u0131r\u0131lmamas\u0131 bar\u0259d\u0259 q\u0259rara g\u0259lib\u201d- dey\u0259 a\u00e7\u0131qlamada deyilir.<\/p>\n<p>&nbsp;<\/p>\n<p>M\u0259tbuat katibi Rusiya silah\u0131n\u0131n d\u00fcnyan\u0131n \u0259n yax\u015f\u0131 silahlar\u0131ndan biri oldu\u011funu vur\u011fulay\u0131b.<\/p>\n<p>&nbsp;<\/p>\n<p>Xat\u0131rladaq ki, Nikol Pa\u015finyan \u201c\u0130sg\u0259nd\u0259r\u201d raketl\u0259rinin Qaraba\u011f d\u00f6y\u00fc\u015fl\u0259ri zaman\u0131 istifad\u0259 edilm\u0259diyini lakin partlamad\u0131\u011f\u0131n\u0131 \u0259lav\u0259 etmi\u015fdi.<\/p>\n<p>&nbsp;<\/p>\n","protected":false},"excerpt":{"rendered":"<p>Erm\u0259nistan v\u0259 Rusiya liderl\u0259rinin bir ne\u00e7\u0259 g\u00fcn \u00f6nc\u0259 ba\u015f tutan telefon dan\u0131\u015f\u0131\u011f\u0131n\u0131n detallar\u0131 m\u0259lum olub. &nbsp; Modern.az\u00a0Erm\u0259nistan K\u0130V-n\u0259 istinad\u0259n x\u0259b\u0259r<\/p>\n","protected":false},"author":1,"featured_media":6172,"comment_status":"closed","ping_status":"closed","sticky":false,"template":"","format":"standard","meta":{"_jetpack_memberships_contains_paid_content":false,"footnotes":""},"categories":[32,29],"tags":[],"class_list":["post-6218","post","type-post","status-publish","format-standard","has-post-thumbnail","hentry","category-dunya","category-manset"],"aioseo_notices":[],"jetpack_featured_media_url":"https:\/\/basta2.com\/wp-content\/uploads\/2021\/02\/24574798.jpg","jetpack_sharing_enabled":true,"_links":{"self":[{"href":"https:\/\/basta2.com\/index.php?rest_route=\/wp\/v2\/posts\/6218","targetHints":{"allow":["GET"]}}],"collection":[{"href":"https:\/\/basta2.com\/index.php?rest_route=\/wp\/v2\/posts"}],"about":[{"href":"https:\/\/basta2.com\/index.php?rest_route=\/wp\/v2\/types\/post"}],"author":[{"embeddable":true,"href":"https:\/\/basta2.com\/index.php?rest_route=\/wp\/v2\/users\/1"}],"replies":[{"embeddable":true,"href":"https:\/\/basta2.com\/index.php?rest_route=%2Fwp%2Fv2%2Fcomments&post=6218"}],"version-history":[{"count":1,"href":"https:\/\/basta2.com\/index.php?rest_route=\/wp\/v2\/posts\/6218\/revisions"}],"predecessor-version":[{"id":6219,"href":"https:\/\/basta2.com\/index.php?rest_route=\/wp\/v2\/posts\/6218\/revisions\/6219"}],"wp:featuredmedia":[{"embeddable":true,"href":"https:\/\/basta2.com\/index.php?rest_route=\/wp\/v2\/media\/6172"}],"wp:attachment":[{"href":"https:\/\/basta2.com\/index.php?rest_route=%2Fwp%2Fv2%2Fmedia&parent=6218"}],"wp:term":[{"taxonomy":"category","embeddable":true,"href":"https:\/\/basta2.com\/index.php?rest_route=%2Fwp%2Fv2%2Fcategories&post=6218"},{"taxonomy":"post_tag","embeddable":true,"href":"https:\/\/basta2.com\/index.php?rest_route=%2Fwp%2Fv2%2Ftags&post=6218"}],"curies":[{"name":"wp","href":"https:\/\/api.w.org\/{rel}","templated":true}]}}