{"id":6266,"date":"2021-03-04T22:23:44","date_gmt":"2021-03-04T19:23:44","guid":{"rendered":"http:\/\/basta2.com\/?p=6266"},"modified":"2021-03-04T22:27:47","modified_gmt":"2021-03-04T19:27:47","slug":"ukraynada-az%c9%99rbaycan-s%c9%99firin%c9%99-qarsi-cinay%c9%99t-isi-qaldirildi","status":"publish","type":"post","link":"https:\/\/basta2.com\/?p=6266","title":{"rendered":"Ukraynada Az\u0259rbaycan s\u0259firin\u0259 qar\u015f\u0131 cinay\u0259t i\u015fi qald\u0131r\u0131ld\u0131"},"content":{"rendered":"<h1 class=\"entry-title\"><\/h1>\n<div class=\"entry-content\">\n<article><ins id=\"ainsyndicationid161488378957384\" class=\"ainsyndicationid161488378957384\" data-ad-client=\"1\" data-ad-slot=\"90\" data-ainsyndication-status=\"done\"><ins><\/ins><\/ins><\/p>\n<div class=\"s-block\">\n<div class=\"short-block\">\n<div class=\"tekxebbir\">\n<div class=\"shot-text\">\n<div class=\"shot-text\">Ukrayna Kr\u0131m Muxtar Respublikas\u0131 v\u0259 Sevastopol \u015e\u0259h\u0259ri \u00fczr\u0259 Prokurorlu\u011fu\u00a0<b>Az\u0259rbaycan Respublikas\u0131n\u0131n Moldovadak\u0131 F\u00f6vq\u0259lad\u0259 v\u0259 S\u0259lahiyy\u0259tli S\u0259firi, Rusiya Federasiyas\u0131 v\u0259 Az\u0259rbaycan Respublikas\u0131 v\u0259t\u0259nda\u015f\u0131, 1966-c\u0131 il t\u0259v\u0259ll\u00fcdl\u00fc Q\u00fcdsi Dursun o\u011flu Osmanov bar\u0259sind\u0259 Ukrayna Cinay\u0259t M\u0259c\u0259ll\u0259sinin 332-1 madd\u0259sinin 1-ci v\u0259 2-ci b\u0259ndl\u0259ri \u00fczr\u0259 cinay\u0259t i\u015fi ba\u015flad\u0131b.\u00a0<\/b><\/div>\n<div><span style=\"color: #ffffff;\">.<\/span><\/div>\n<\/div>\n<\/div>\n<div><\/div>\n<div class=\"tekxebbir\">\n<div class=\"shot-text\">\n<div class=\"shot-text\">Ovqat.com-un m\u0259lumat\u0131na g\u00f6r\u0259, bu bar\u0259d\u0259\u00a0<b>Ukrayna Kr\u0131m Muxtar Respublikas\u0131 v\u0259 Sevastopol \u015e\u0259h\u0259ri Prokurorlu\u011fu \u0130stintaq \u015e\u00f6b\u0259sinin r\u0259is m\u00fcavini Eqor Rebrov<\/b>un imzalad\u0131\u011f\u0131 r\u0259smi m\u0259ktubda qeyd edilir.<\/div>\n<div class=\"shot-text\">S\u0259n\u0259dd\u0259 bildirilir ki, Az\u0259rbaycan Respublikas\u0131n\u0131n Moldovadak\u0131 S\u0259firi Q\u00fcdsi Osmanovun Rusiya Federasiyas\u0131 t\u0259r\u0259find\u0259n i\u015f\u011fal edilmi\u015f Ukraynan\u0131n Kr\u0131m Muxtar Respublikas\u0131 \u0259razisin\u0259 qanunsuz s\u0259f\u0259r etm\u0259si t\u0259sdiql\u0259n\u0131b. Xarici telekanallar\u0131n\u00a0 \u00e7\u0259kdiyi video-g\u00f6r\u00fcnt\u00fcl\u0259rd\u0259 Q\u00fcdsi Osmanov Rusiya prezidenti Vladimir Putinin yan\u0131nda dayan\u0131b v\u0259 Kr\u0131mda ke\u00e7iril\u0259n sambo yar\u0131\u015f\u0131n\u0131 seyr edir. Ukrayna Ba\u015f Prokurorlu\u011fu da bu g\u00f6r\u00fcnt\u00fcl\u0259ri inc\u0259l\u0259yib v\u0259 \u00f6lk\u0259nin \u0259razi b\u00fct\u00f6vl\u00fcy\u00fcn\u0259 v\u0259 suverenlik haqlar\u0131na h\u00f6rm\u0259tsizlik ed\u0259n Az\u0259rbaycan s\u0259firi bar\u0259sind\u0259 cinay\u0259t i\u015fi a\u00e7\u0131b.<\/div>\n<div><span style=\"color: #ffffff;\">.<\/span><\/div>\n<p><img decoding=\"async\" class=\"fr-dii\" src=\"https:\/\/ovqat.com\/uploads\/posts\/2021-03\/1614837783_157072303_484274855920745_3459026116128946278_n.jpg\" alt=\"\" \/><\/p>\n<div class=\"shot-text\"><\/div>\n<div class=\"shot-text\"><span style=\"color: #ffffff;\">.<\/span><\/div>\n<div class=\"shot-text\">M\u0259lumata g\u00f6r\u0259, Ukrayna Kr\u0131m Muxtar Respublikas\u0131 v\u0259 Sevastopol Prokurorlu\u011fu Q\u00fcdsi Dursun o\u011flu Osmanovun t\u00f6r\u0259tdiyi cin\u0259y\u0259ti Ukrayna Cinay\u0259t M\u0259c\u0259ll\u0259sinin 332-1 madd\u0259sinin 1-ci v\u0259 2-ci b\u0259ndl\u0259ri il\u0259 (Madd\u0259 332-1. M\u00fcv\u0259qq\u0259ti i\u015f\u011fal alt\u0131nda olan Ukrayna \u0259razisin\u0259 giri\u015f v\u0259 \u00e7\u0131xma prosedurunun pozulmas\u0131) il\u0259 t\u0259snif ed\u0259r\u0259k toplad\u0131\u011f\u0131 faktlar\u0131 ara\u015fd\u0131r\u0131lmas\u0131 \u00fc\u00e7\u00fcn istintaqa g\u00f6nd\u0259rilib. Paralel olaqar Ukrayna M\u00fcdafi\u0259 nazirliyi Ba\u015f K\u0259\u015ffiyyat idar\u0259sinin v\u0259 Ukrayna T\u0259hl\u00fck\u0259sizlik Xidm\u0259tinin d\u0259 Az\u0259rbaycan\u0131n Moldovadak\u0131 S\u0259firi Q\u00fcdsi Osmanovla ba\u011fl\u0131 m\u0259xfi ara\u015fd\u0131rma ba\u015flad\u0131\u011f\u0131 iddia olunur.<\/div>\n<div><span style=\"color: #ffffff;\">.<\/span><\/div>\n<\/div>\n<\/div>\n<div><\/div>\n<div class=\"tekxebbir\">\n<div class=\"shot-text\">\n<div class=\"shot-text\">\u00a0Cinay\u0259t i\u015finin\u00a0<b>Ukrayna Qarapapaq T\u00fcrkl\u0259ri Milli \u015euras\u0131n\u0131n S\u0259dri Da\u015fq\u0131n G\u00fclm\u0259mm\u0259dov<\/b>un r\u0259smi m\u00fcraci\u0259ti \u0259sas\u0131nda a\u00e7\u0131ld\u0131\u011f\u0131 bildirilir. Yax\u0131n d\u0259qiq\u0259l\u0259rd\u0259 Da\u015fq\u0131n G\u00fclm\u0259mm\u0259dovun bu bar\u0259d\u0259 fikirl\u0259rini \u00f6yr\u0259nm\u0259y\u0259 \u00e7al\u0131\u015faca\u011f\u0131q.<\/div>\n<\/div>\n<div><\/div>\n<div><\/div>\n<\/div>\n<\/div>\n<\/div>\n<\/article>\n<\/div>\n","protected":false},"excerpt":{"rendered":"<p>Ukrayna Kr\u0131m Muxtar Respublikas\u0131 v\u0259 Sevastopol \u015e\u0259h\u0259ri \u00fczr\u0259 Prokurorlu\u011fu\u00a0Az\u0259rbaycan Respublikas\u0131n\u0131n Moldovadak\u0131 F\u00f6vq\u0259lad\u0259 v\u0259 S\u0259lahiyy\u0259tli S\u0259firi, Rusiya Federasiyas\u0131 v\u0259 Az\u0259rbaycan Respublikas\u0131<\/p>\n","protected":false},"author":1,"featured_media":6271,"comment_status":"closed","ping_status":"closed","sticky":false,"template":"","format":"standard","meta":{"_jetpack_memberships_contains_paid_content":false,"footnotes":""},"categories":[29],"tags":[],"class_list":["post-6266","post","type-post","status-publish","format-standard","has-post-thumbnail","hentry","category-manset"],"aioseo_notices":[],"jetpack_featured_media_url":"https:\/\/basta2.com\/wp-content\/uploads\/2021\/03\/1614837772_qudsu.png","jetpack_sharing_enabled":true,"_links":{"self":[{"href":"https:\/\/basta2.com\/index.php?rest_route=\/wp\/v2\/posts\/6266","targetHints":{"allow":["GET"]}}],"collection":[{"href":"https:\/\/basta2.com\/index.php?rest_route=\/wp\/v2\/posts"}],"about":[{"href":"https:\/\/basta2.com\/index.php?rest_route=\/wp\/v2\/types\/post"}],"author":[{"embeddable":true,"href":"https:\/\/basta2.com\/index.php?rest_route=\/wp\/v2\/users\/1"}],"replies":[{"embeddable":true,"href":"https:\/\/basta2.com\/index.php?rest_route=%2Fwp%2Fv2%2Fcomments&post=6266"}],"version-history":[{"count":3,"href":"https:\/\/basta2.com\/index.php?rest_route=\/wp\/v2\/posts\/6266\/revisions"}],"predecessor-version":[{"id":6272,"href":"https:\/\/basta2.com\/index.php?rest_route=\/wp\/v2\/posts\/6266\/revisions\/6272"}],"wp:featuredmedia":[{"embeddable":true,"href":"https:\/\/basta2.com\/index.php?rest_route=\/wp\/v2\/media\/6271"}],"wp:attachment":[{"href":"https:\/\/basta2.com\/index.php?rest_route=%2Fwp%2Fv2%2Fmedia&parent=6266"}],"wp:term":[{"taxonomy":"category","embeddable":true,"href":"https:\/\/basta2.com\/index.php?rest_route=%2Fwp%2Fv2%2Fcategories&post=6266"},{"taxonomy":"post_tag","embeddable":true,"href":"https:\/\/basta2.com\/index.php?rest_route=%2Fwp%2Fv2%2Ftags&post=6266"}],"curies":[{"name":"wp","href":"https:\/\/api.w.org\/{rel}","templated":true}]}}