{"id":6442,"date":"2021-03-15T08:22:50","date_gmt":"2021-03-15T05:22:50","guid":{"rendered":"http:\/\/basta2.com\/?p=6442"},"modified":"2021-03-15T08:22:50","modified_gmt":"2021-03-15T05:22:50","slug":"t%c9%99brizd%c9%99-3-milli-f%c9%99al-qarabaga-d%c9%99st%c9%99k-mitinqi-il%c9%99-%c9%99laq%c9%99dar-h%c9%99bs-v%c9%99-qamci-c%c9%99zasina-m%c9%99hkum-edilib","status":"publish","type":"post","link":"https:\/\/basta2.com\/?p=6442","title":{"rendered":"T\u0259brizd\u0259 3 milli f\u0259al Qaraba\u011fa d\u0259st\u0259k mitinqi il\u0259 \u0259laq\u0259dar h\u0259bs v\u0259 qam\u00e7\u0131 c\u0259zas\u0131na m\u0259hkum edilib"},"content":{"rendered":"<p>\u0130ran Az\u0259rbaycan\u0131n T\u0259briz \u015f\u0259h\u0259rind\u0259 ya\u015fayan 3 milli f\u0259al Az\u0259rbaycan Respublikas\u0131 v\u0259 Qaraba\u011fa d\u0259st\u0259k mitinqi il\u0259 \u0259laq\u0259dar h\u0259bs v\u0259 qam\u00e7\u0131 c\u0259zas\u0131na m\u0259hkum edilib.<\/p>\n<p>&nbsp;<\/p>\n<p>Amerikan\u0131n S\u0259sinin \u0259ld\u0259 etdiyi m\u0259lumata g\u00f6r\u0259, S\u0259dullah Sasani, R\u0259him Sasani v\u0259 Mehdi Pur\u0259li Xurmal\u0131ya birinci m\u0259hk\u0259m\u0259 t\u0259r\u0259find\u0259n veril\u0259n 1 il h\u0259bs v\u0259 60 qam\u00e7\u0131 c\u0259zas\u0131 Apellyasiya M\u0259hk\u0259m\u0259si t\u0259r\u0259find\u0259n q\u00fcvv\u0259d\u0259 saxlan\u0131l\u0131b.<\/p>\n<p>&nbsp;<\/p>\n<p>Yanvar ay\u0131n\u0131n 11-d\u0259 T\u0259briz \u0130kinci Cinay\u0259t M\u0259hk\u0259m\u0259sinin 112-ci \u015f\u00f6b\u0259si &#8220;\u00fcmumi asayi\u015fi pozmaq&#8221; ittiham\u0131na g\u00f6r\u0259, bu f\u0259allar\u0131n h\u0259r birisini 1 il h\u0259bs v\u0259 60 qam\u00e7\u0131 c\u0259zas\u0131na m\u0259hkum etmi\u015fdi.<\/p>\n<p>&nbsp;<\/p>\n<p>Mart\u0131n 6-da \u015e\u0259rqi Az\u0259rbaycan vilay\u0259tinin Apellyasiya M\u0259hk\u0259m\u0259sinin 1-ci \u015f\u00f6b\u0259si t\u0259r\u0259find\u0259n m\u0259hk\u0259m\u0259nin elektron sistemi vasit\u0259sil\u0259 bu f\u0259allara g\u00f6nd\u0259ril\u0259n bildiri\u015f\u0259 g\u00f6r\u0259, birinci m\u0259hk\u0259m\u0259nin q\u0259rar\u0131 q\u00fcvv\u0259d\u0259 saxlan\u0131l\u0131b. Bu v\u0259t\u0259nda\u015flar\u0131n c\u0259zas\u0131 4 il m\u00fcdd\u0259tin\u0259 t\u0259xir\u0259 sal\u0131n\u0131b.<\/p>\n<p>&nbsp;<\/p>\n<p>Bundan \u0259vv\u0259l m\u0259hk\u0259m\u0259nin ilkin m\u0259rh\u0259l\u0259sind\u0259 Yas\u0259m\u0259n Z\u0259f\u0259ri, H\u0259kim\u0259 \u018fhm\u0259di, R\u0259him Sasani, S\u0259dullah Sasani v\u0259 Mehdi Pur\u0259li Xurmal\u0131 &#8220;\u00fcmumi asayi\u015fi pozmaq&#8221; v\u0259 &#8220;qanunsuz mitinql\u0259rd\u0259 i\u015ftirak etm\u0259k&#8221; ittihamlar\u0131na g\u00f6r\u0259, T\u0259briz Cinay\u0259t M\u0259hk\u0259m\u0259sinin 112-ci \u015f\u00f6b\u0259si t\u0259r\u0259find\u0259n c\u0259mi 5 il h\u0259bs v\u0259 300 qam\u00e7\u0131 c\u0259zas\u0131na m\u0259hkum olunublar.<\/p>\n<p>&nbsp;<\/p>\n<p>Ke\u00e7\u0259n ilin iyul ay\u0131n\u0131n 16-da Erm\u0259nistan-Az\u0259rbaycan s\u0259rh\u0259dind\u0259 ba\u015f ver\u0259n h\u0259rbi toqqu\u015fmalar n\u0259tic\u0259sind\u0259 g\u00fcneyli milli f\u0259allar \u0130ran Az\u0259rbaycan\u0131n\u0131n b\u0259zi \u015f\u0259h\u0259rl\u0259ri v\u0259 h\u0259m\u00e7inin Tehranda Az\u0259rbaycan Respublikas\u0131na d\u0259st\u0259k mitinql\u0259ri ke\u00e7irm\u0259y\u0259 c\u0259hd etmi\u015fdil\u0259r. H\u0259min aksiyalar il\u0259 \u0259laq\u0259dar bir \u00e7ox sayda f\u0259al t\u0259hl\u00fck\u0259sizlik q\u00fcvv\u0259l\u0259ri t\u0259r\u0259find\u0259n ya mitinql\u0259rd\u0259 v\u0259 ya k\u0259\u015ffiyyat idar\u0259sin\u0259 \u00e7a\u011f\u0131r\u0131ld\u0131qdan sonra n\u0259zar\u0259t alt\u0131na al\u0131nm\u0131\u015fd\u0131lar.<\/p>\n<p>&nbsp;<\/p>\n<p>S\u0259dullah Sasani v\u0259 R\u0259him Sasani indiy\u0259d\u0259k dinc f\u0259aliyy\u0259tl\u0259rin\u0259 g\u00f6r\u0259, d\u0259f\u0259l\u0259rl\u0259 \u0130ran h\u00f6kum\u0259tinin t\u0259hl\u00fck\u0259sizlik q\u00fcvv\u0259l\u0259ri t\u0259r\u0259find\u0259n h\u0259bs edilibl\u0259r.<\/p>\n<p>&nbsp;<\/p>\n<p>Amerikan\u0131n s\u0259si<\/p>\n<p>&nbsp;<\/p>\n","protected":false},"excerpt":{"rendered":"<p>\u0130ran Az\u0259rbaycan\u0131n T\u0259briz \u015f\u0259h\u0259rind\u0259 ya\u015fayan 3 milli f\u0259al Az\u0259rbaycan Respublikas\u0131 v\u0259 Qaraba\u011fa d\u0259st\u0259k mitinqi il\u0259 \u0259laq\u0259dar h\u0259bs v\u0259 qam\u00e7\u0131 c\u0259zas\u0131na<\/p>\n","protected":false},"author":1,"featured_media":6443,"comment_status":"closed","ping_status":"closed","sticky":false,"template":"","format":"standard","meta":{"_jetpack_memberships_contains_paid_content":false,"footnotes":""},"categories":[32,29],"tags":[],"class_list":["post-6442","post","type-post","status-publish","format-standard","has-post-thumbnail","hentry","category-dunya","category-manset"],"aioseo_notices":[],"jetpack_featured_media_url":"https:\/\/basta2.com\/wp-content\/uploads\/2021\/03\/90D54A47-D28C-4CF4-9607-EE87EC2ABEF1_w408_r1_st.jpg","jetpack_sharing_enabled":true,"_links":{"self":[{"href":"https:\/\/basta2.com\/index.php?rest_route=\/wp\/v2\/posts\/6442","targetHints":{"allow":["GET"]}}],"collection":[{"href":"https:\/\/basta2.com\/index.php?rest_route=\/wp\/v2\/posts"}],"about":[{"href":"https:\/\/basta2.com\/index.php?rest_route=\/wp\/v2\/types\/post"}],"author":[{"embeddable":true,"href":"https:\/\/basta2.com\/index.php?rest_route=\/wp\/v2\/users\/1"}],"replies":[{"embeddable":true,"href":"https:\/\/basta2.com\/index.php?rest_route=%2Fwp%2Fv2%2Fcomments&post=6442"}],"version-history":[{"count":1,"href":"https:\/\/basta2.com\/index.php?rest_route=\/wp\/v2\/posts\/6442\/revisions"}],"predecessor-version":[{"id":6444,"href":"https:\/\/basta2.com\/index.php?rest_route=\/wp\/v2\/posts\/6442\/revisions\/6444"}],"wp:featuredmedia":[{"embeddable":true,"href":"https:\/\/basta2.com\/index.php?rest_route=\/wp\/v2\/media\/6443"}],"wp:attachment":[{"href":"https:\/\/basta2.com\/index.php?rest_route=%2Fwp%2Fv2%2Fmedia&parent=6442"}],"wp:term":[{"taxonomy":"category","embeddable":true,"href":"https:\/\/basta2.com\/index.php?rest_route=%2Fwp%2Fv2%2Fcategories&post=6442"},{"taxonomy":"post_tag","embeddable":true,"href":"https:\/\/basta2.com\/index.php?rest_route=%2Fwp%2Fv2%2Ftags&post=6442"}],"curies":[{"name":"wp","href":"https:\/\/api.w.org\/{rel}","templated":true}]}}