{"id":6498,"date":"2021-03-18T10:57:00","date_gmt":"2021-03-18T07:57:00","guid":{"rendered":"http:\/\/basta2.com\/?p=6498"},"modified":"2021-03-19T08:59:04","modified_gmt":"2021-03-19T05:59:04","slug":"yaxin-gunl%c9%99rd%c9%99-%c9%99fv-gozl%c9%99nilir","status":"publish","type":"post","link":"https:\/\/basta2.com\/?p=6498","title":{"rendered":"\u018ffv g\u00f6zl\u0259nilir"},"content":{"rendered":"<p>Az\u0259rbaycan Prezidenti yan\u0131nda \u018ffv m\u0259s\u0259l\u0259l\u0259ri Komissiyas\u0131n\u0131n sonuncu iclas\u0131 ba\u015fa \u00e7at\u0131b.<\/p>\n<p>&nbsp;<\/p>\n<p>Komissiya \u00fczv\u00fc \u018flim\u0259mm\u0259d Nuriyev bildirib ki, komissiya \u00fcmumilikd\u0259 1000-d\u0259n art\u0131q m\u00fcraci\u0259t\u0259 bax\u0131b.<\/p>\n<p>&nbsp;<\/p>\n<p>H\u00fcquq m\u00fcdafi\u0259\u00e7isi S\u0259id\u0259 Qocamanl\u0131 deyib ki, H\u00fcquq M\u00fcdafi\u0259\u00e7il\u0259rinin Monitorinq Qrupu ad\u0131ndan komissiyaya \u0259fvl\u0259 ba\u011fl\u0131 siyah\u0131 t\u0259qdim edilib.<\/p>\n<p>&nbsp;<\/p>\n<p>\u201cSiyah\u0131da h\u0259bsd\u0259 olan jurnalistl\u0259rin, blogerl\u0259rin, siyasi partiya \u00fczvl\u0259rinin, dindarlar\u0131n, \u00f6m\u00fcrl\u00fck c\u0259za \u00e7\u0259k\u0259nl\u0259rin adlar\u0131 var,\u201d o qeyd edib.<\/p>\n<p>&nbsp;<\/p>\n<p>\u018ffv M\u0259s\u0259l\u0259l\u0259ri Komissiyas\u0131 bu il mart\u0131n \u0259vv\u0259lind\u0259n iclaslar\u0131n\u0131 ke\u00e7irir, bu g\u00fcn Komissya \u00f6z\u00fcn\u00fcn sonuncu &#8211; 10-cu iclas\u0131n\u0131 ke\u00e7irib.<\/p>\n<p>&nbsp;<\/p>\n<p>M\u00fc\u015fahid\u0259\u00e7il\u0259r Novruz Bayram\u0131 \u0259r\u0259f\u0259sind\u0259 \u0259fv olaca\u011f\u0131na \u00fcmid edir.<\/p>\n<p>&nbsp;<\/p>\n<p>Az\u0259rbaycanda art\u0131q iki il\u0259 yax\u0131nd\u0131r b\u00fct\u00fcn kateqoriyalardan olan m\u00fcraci\u0259tl\u0259rl\u0259 ba\u011fl\u0131 \u00f6lk\u0259d\u0259 \u0259fv s\u0259r\u0259ncam\u0131 olmay\u0131b.<\/p>\n<p>&nbsp;<\/p>\n<p>Son k\u00fctl\u0259vi \u0259fv s\u0259r\u0259ncam\u0131 2019-cu il mart\u0131n 16-da olub. Bu s\u0259r\u0259ncam 431 n\u0259f\u0259r\u0259 \u015famil edilib, onlar\u0131n 51 n\u0259f\u0259ri yerli h\u00fcquq m\u00fcdafi\u0259\u00e7il\u0259ri t\u0259r\u0259find\u0259n siyasi m\u0259hbus kimi tan\u0131nanlar olub.<\/p>\n<p>&nbsp;<\/p>\n<p>\u00d6t\u0259n il aprelin 7-d\u0259 COVID-19 pandemiyas\u0131 il\u0259 ba\u011fl\u0131 65 ya\u015f\u0131ndan yuxar\u0131 risk qrupuna daxil olan m\u0259hbuslar\u0131n m\u00fcraci\u0259tin\u0259 bax\u0131l\u0131b, 176 \u015f\u0259xs \u0259fv olunub.<\/p>\n<p>&nbsp;<\/p>\n<p>Son aylarda \u00e7oxsayl\u0131 h\u00fcquq-m\u00fcdafi\u0259 t\u0259\u015fkilatlar\u0131 \u00f6lk\u0259 ba\u015f\u00e7\u0131s\u0131na m\u00fcraci\u0259t ed\u0259r\u0259k \u0259fv v\u0259 ya amnistiyan\u0131n vacibliyini xat\u0131rlad\u0131b. H\u00fcquq m\u00fcdafi\u0259\u00e7il\u0259ri h\u0259m\u00e7inin siyasi m\u0259hbus kimi tan\u0131nan y\u00fczd\u0259n \u00e7ox m\u0259hbusun \u0259fvini xahi\u015f edib.<\/p>\n<p>&nbsp;<\/p>\n","protected":false},"excerpt":{"rendered":"<p>Az\u0259rbaycan Prezidenti yan\u0131nda \u018ffv m\u0259s\u0259l\u0259l\u0259ri Komissiyas\u0131n\u0131n sonuncu iclas\u0131 ba\u015fa \u00e7at\u0131b. &nbsp; Komissiya \u00fczv\u00fc \u018flim\u0259mm\u0259d Nuriyev bildirib ki, komissiya \u00fcmumilikd\u0259 1000-d\u0259n<\/p>\n","protected":false},"author":1,"featured_media":1704,"comment_status":"closed","ping_status":"closed","sticky":false,"template":"","format":"standard","meta":{"_jetpack_memberships_contains_paid_content":false,"footnotes":""},"categories":[30,29],"tags":[],"class_list":["post-6498","post","type-post","status-publish","format-standard","has-post-thumbnail","hentry","category-gundm","category-manset"],"aioseo_notices":[],"jetpack_featured_media_url":"https:\/\/basta2.com\/wp-content\/uploads\/2020\/08\/hebsxana.jpg","jetpack_sharing_enabled":true,"_links":{"self":[{"href":"https:\/\/basta2.com\/index.php?rest_route=\/wp\/v2\/posts\/6498","targetHints":{"allow":["GET"]}}],"collection":[{"href":"https:\/\/basta2.com\/index.php?rest_route=\/wp\/v2\/posts"}],"about":[{"href":"https:\/\/basta2.com\/index.php?rest_route=\/wp\/v2\/types\/post"}],"author":[{"embeddable":true,"href":"https:\/\/basta2.com\/index.php?rest_route=\/wp\/v2\/users\/1"}],"replies":[{"embeddable":true,"href":"https:\/\/basta2.com\/index.php?rest_route=%2Fwp%2Fv2%2Fcomments&post=6498"}],"version-history":[{"count":3,"href":"https:\/\/basta2.com\/index.php?rest_route=\/wp\/v2\/posts\/6498\/revisions"}],"predecessor-version":[{"id":6512,"href":"https:\/\/basta2.com\/index.php?rest_route=\/wp\/v2\/posts\/6498\/revisions\/6512"}],"wp:featuredmedia":[{"embeddable":true,"href":"https:\/\/basta2.com\/index.php?rest_route=\/wp\/v2\/media\/1704"}],"wp:attachment":[{"href":"https:\/\/basta2.com\/index.php?rest_route=%2Fwp%2Fv2%2Fmedia&parent=6498"}],"wp:term":[{"taxonomy":"category","embeddable":true,"href":"https:\/\/basta2.com\/index.php?rest_route=%2Fwp%2Fv2%2Fcategories&post=6498"},{"taxonomy":"post_tag","embeddable":true,"href":"https:\/\/basta2.com\/index.php?rest_route=%2Fwp%2Fv2%2Ftags&post=6498"}],"curies":[{"name":"wp","href":"https:\/\/api.w.org\/{rel}","templated":true}]}}