{"id":6676,"date":"2021-03-28T16:25:41","date_gmt":"2021-03-28T13:25:41","guid":{"rendered":"http:\/\/basta2.com\/?p=6676"},"modified":"2021-03-28T16:42:39","modified_gmt":"2021-03-28T13:42:39","slug":"pasinyan-kartlari-acdi-erm%c9%99ni-rus-h%c9%99rbi-birl%c9%99sm%c9%99l%c9%99ri-gucl%c9%99ndirilm%c9%99lidir","status":"publish","type":"post","link":"https:\/\/basta2.com\/?p=6676","title":{"rendered":"Pa\u015finyan kartlar\u0131 a\u00e7d\u0131: &#8220;Erm\u0259ni-rus h\u0259rbi birl\u0259\u015fm\u0259l\u0259ri g\u00fccl\u0259ndirilm\u0259lidir&#8221;"},"content":{"rendered":"<p>Bu buErm\u0259ni-rus h\u0259rbi birl\u0259\u015fm\u0259l\u0259ri\u00a0 regional t\u0259hl\u00fck\u0259sizlik t\u0259hdidl\u0259rin\u0259 qar\u015f\u0131 \u0259sas amildir.<\/p>\n<p>&nbsp;<\/p>\n<p>Bunu Erm\u0259nistan\u0131n ba\u015f naziri Nikol Pa\u015finyan Armavir b\u00f6lg\u0259sinin sakinl\u0259ri il\u0259 g\u00f6r\u00fc\u015f\u00fcnd\u0259 deyib.<\/p>\n<p>&nbsp;<\/p>\n<p>Rusiya Yuxar\u0131 Qaraba\u011fa h\u0259rbi q\u00fcvv\u0259l\u0259rin yerl\u0259\u015fdirilm\u0259sini &#8220;s\u00fclhm\u0259raml\u0131 missiya&#8221; adland\u0131rsa da, Nikol Pa\u015finyan faktiki olaraq kartlar\u0131 a\u00e7\u0131b.<\/p>\n<p>&nbsp;<\/p>\n<p>Ba\u015f nazirin s\u00f6zl\u0259rin\u0259 g\u00f6r\u0259, 30 ildir Erm\u0259nistan Az\u0259rbaycan t\u0259hl\u00fck\u0259si il\u0259 \u00fczl\u0259\u015fm\u0259y\u0259 haz\u0131rla\u015f\u0131r, lakin 2020-ci il hadis\u0259l\u0259ri g\u00f6st\u0259rdi ki, t\u0259hl\u00fck\u0259nin\u00a0 miqyas\u0131 d\u0259yi\u015fib.<\/p>\n<p>&nbsp;<\/p>\n<p>&#8220;Az\u0259rbaycan faktoru il\u0259 yana\u015f\u0131, Erm\u0259nistan T\u00fcrkiy\u0259 v\u0259 terror\u00e7u qrupla\u015fmalar\u00a0 t\u0259hl\u00fck\u0259si il\u0259 d\u0259 \u00fczl\u0259\u015fib. \u0130ndi bu yeni t\u0259hl\u00fck\u0259l\u0259r\u0259\u00a0 qar\u015f\u0131 m\u00fcbariz\u0259 \u00fc\u00e7\u00fcn d\u00fcsturlar tapmal\u0131y\u0131q. V\u0259 \u0259n vacib d\u00fcstur, fikrimc\u0259, erm\u0259ni-rus h\u0259rbi\u00a0 qrupla\u015fmas\u0131d\u0131r. M\u0259n\u0259 el\u0259 g\u0259lir ki, yax\u0131n g\u0259l\u0259c\u0259kd\u0259 m\u00fczakir\u0259l\u0259r zaman\u0131 g\u00fccl\u0259ndirm\u0259yi d\u00fc\u015f\u00fcnm\u0259liyik. Erm\u0259nistan-Rusiya h\u0259rbi qrupla\u015fmas\u0131 regional t\u0259hl\u00fck\u0259sizliyin vacib bir komponentidir&#8221;.<\/p>\n<p>&nbsp;<\/p>\n<p>Erm\u0259ni-rus birg\u0259 h\u0259rbi birl\u0259\u015fm\u0259l\u0259l\u0259ri 1918 ci ilin\u00a0 31 mart\u0131nda Bak\u0131, Quba v\u0259 Az\u0259rbaycan\u0131n dig\u0259r \u0259razil\u0259rind\u0259 on minl\u0259rl\u0259 insan\u0131n qan\u0131na q\u0259ltan edib.\u00a0 \u00c7a\u011fda\u015f tariximizd\u0259 20 Yanvar v\u0259 Xocal\u0131 q\u0259tliamlar\u0131n\u0131n\u00a0 da m\u0259hz erm\u0259ni-rus h\u0259rbi birl\u0259\u015fm\u0259l\u0259rini t\u0259r\u0259find\u0259n t\u00f6r\u0259dildiyi \u015f\u00fcbh\u0259 do\u011furmur.<\/p>\n<p>&nbsp;<\/p>\n<p>&nbsp;<\/p>\n<p>Basta<\/p>\n","protected":false},"excerpt":{"rendered":"<p>Bu buErm\u0259ni-rus h\u0259rbi birl\u0259\u015fm\u0259l\u0259ri\u00a0 regional t\u0259hl\u00fck\u0259sizlik t\u0259hdidl\u0259rin\u0259 qar\u015f\u0131 \u0259sas amildir. &nbsp; Bunu Erm\u0259nistan\u0131n ba\u015f naziri Nikol Pa\u015finyan Armavir b\u00f6lg\u0259sinin sakinl\u0259ri<\/p>\n","protected":false},"author":1,"featured_media":6680,"comment_status":"closed","ping_status":"closed","sticky":false,"template":"","format":"standard","meta":{"_jetpack_memberships_contains_paid_content":false,"footnotes":""},"categories":[30,29],"tags":[],"class_list":["post-6676","post","type-post","status-publish","format-standard","has-post-thumbnail","hentry","category-gundm","category-manset"],"aioseo_notices":[],"jetpack_featured_media_url":"https:\/\/basta2.com\/wp-content\/uploads\/2021\/03\/24579509.jpg","jetpack_sharing_enabled":true,"_links":{"self":[{"href":"https:\/\/basta2.com\/index.php?rest_route=\/wp\/v2\/posts\/6676","targetHints":{"allow":["GET"]}}],"collection":[{"href":"https:\/\/basta2.com\/index.php?rest_route=\/wp\/v2\/posts"}],"about":[{"href":"https:\/\/basta2.com\/index.php?rest_route=\/wp\/v2\/types\/post"}],"author":[{"embeddable":true,"href":"https:\/\/basta2.com\/index.php?rest_route=\/wp\/v2\/users\/1"}],"replies":[{"embeddable":true,"href":"https:\/\/basta2.com\/index.php?rest_route=%2Fwp%2Fv2%2Fcomments&post=6676"}],"version-history":[{"count":4,"href":"https:\/\/basta2.com\/index.php?rest_route=\/wp\/v2\/posts\/6676\/revisions"}],"predecessor-version":[{"id":6681,"href":"https:\/\/basta2.com\/index.php?rest_route=\/wp\/v2\/posts\/6676\/revisions\/6681"}],"wp:featuredmedia":[{"embeddable":true,"href":"https:\/\/basta2.com\/index.php?rest_route=\/wp\/v2\/media\/6680"}],"wp:attachment":[{"href":"https:\/\/basta2.com\/index.php?rest_route=%2Fwp%2Fv2%2Fmedia&parent=6676"}],"wp:term":[{"taxonomy":"category","embeddable":true,"href":"https:\/\/basta2.com\/index.php?rest_route=%2Fwp%2Fv2%2Fcategories&post=6676"},{"taxonomy":"post_tag","embeddable":true,"href":"https:\/\/basta2.com\/index.php?rest_route=%2Fwp%2Fv2%2Ftags&post=6676"}],"curies":[{"name":"wp","href":"https:\/\/api.w.org\/{rel}","templated":true}]}}