{"id":7025,"date":"2021-04-14T13:50:52","date_gmt":"2021-04-14T10:50:52","guid":{"rendered":"http:\/\/basta2.com\/?p=7025"},"modified":"2021-04-14T13:52:26","modified_gmt":"2021-04-14T10:52:26","slug":"%c9%99liyevl%c9%99-lukasenko-n%c9%99l%c9%99rd%c9%99n-danisib","status":"publish","type":"post","link":"https:\/\/basta2.com\/?p=7025","title":{"rendered":"\u018fliyevl\u0259 Luka\u015fenko n\u0259l\u0259rd\u0259n dan\u0131\u015f\u0131b?"},"content":{"rendered":"<p>&nbsp;<\/p>\n<p>Az\u0259rbaycan\u0131n d\u00f6vl\u0259t ba\u015f\u00e7\u0131s\u0131 \u0130lham \u018fliyev Belarus prezidenti Aleksandr Luka\u015fenko il\u0259 r\u0259smi g\u00f6r\u00fc\u015fd\u0259 i\u015f\u011faldan azad edilmi\u015f \u0259razil\u0259rin b\u0259rpas\u0131ndan dan\u0131\u015faraq Belarus \u015firk\u0259tl\u0259rinin aqros\u0259naye kompleksl\u0259ri yarad\u0131lmas\u0131 t\u0259cr\u00fcb\u0259sini qeyd edib.<\/p>\n<p>&nbsp;<\/p>\n<p>&#8220;Qaraba\u011f\u0131n b\u0259rpas\u0131 il\u0259 ba\u011fl\u0131 m\u0259s\u0259l\u0259l\u0259ri d\u0259 Sizinl\u0259 m\u00fczakir\u0259 etm\u0259k ist\u0259rdim. Belarus \u015firk\u0259tl\u0259rinin \u00f6z \u00f6lk\u0259nizd\u0259 aqros\u0259naye kompleksl\u0259ri yarad\u0131lmas\u0131 t\u0259cr\u00fcb\u0259si biz\u0259 m\u0259lumdur. Buna g\u00f6r\u0259 d\u0259 i\u015f\u011faldan azad edilmi\u015f \u0259razil\u0259rin b\u0259rpas\u0131 bax\u0131m\u0131ndan bu m\u00f6vzu, \u0259lb\u0259tt\u0259, x\u00fcsusi yer tutur,&#8221;-\u00a0 \u018fliyev deyib.<\/p>\n<p>&nbsp;<\/p>\n<p>Buna cavab\u0131nda Belarus prezidenti i\u015f\u011faldan azad olunmu\u015f \u0259razil\u0259rd\u0259 \u00e7ox a\u011f\u0131r i\u015fl\u0259r g\u00f6r\u00fclm\u0259li oldu\u011funu deyib.<\/p>\n<p>&nbsp;<\/p>\n<p>&#8220;Qar\u015f\u0131da h\u0259l\u0259 \u00e7ox i\u015fl\u0259r var, i\u015f\u011faldan azad edilmi\u015f \u0259razil\u0259rd\u0259 h\u0259yat\u0131n b\u0259rpas\u0131 \u00fc\u00e7\u00fcn \u00e7ox a\u011f\u0131r i\u015fl\u0259r, dinc i\u015fl\u0259r g\u00f6r\u00fclm\u0259lidir&#8230; Bilm\u0259lisiniz ki, Belarusda Sizin etibarl\u0131 dostlar\u0131n\u0131z var. Siz bizim imkanlar\u0131m\u0131z\u0131 bilirsiniz. Bu g\u00fcn biz onlar\u0131 nazirl\u0259r v\u0259 m\u00fct\u0259x\u0259ssisl\u0259rl\u0259 bir daha m\u00fczakir\u0259 ed\u0259c\u0259yik. \u018fg\u0259r biz raz\u0131l\u0131\u011fa g\u0259ls\u0259k, &#8211; bizd\u0259 h\u0259mi\u015f\u0259 bel\u0259 olub, &#8211; biz raz\u0131la\u015fmalar\u0131 h\u0259mi\u015f\u0259 realla\u015fd\u0131r\u0131r\u0131q v\u0259 bu g\u00fcn \u0259mt\u0259\u0259 d\u00f6vriyy\u0259sinin yar\u0131m milyarda \u00e7atmas\u0131 buna s\u00fcbutdur,&#8221;-\u00a0 Luka\u015fenko deyib.<\/p>\n<p>&nbsp;<\/p>\n<p>BBC<\/p>\n","protected":false},"excerpt":{"rendered":"<p>&nbsp; Az\u0259rbaycan\u0131n d\u00f6vl\u0259t ba\u015f\u00e7\u0131s\u0131 \u0130lham \u018fliyev Belarus prezidenti Aleksandr Luka\u015fenko il\u0259 r\u0259smi g\u00f6r\u00fc\u015fd\u0259 i\u015f\u011faldan azad edilmi\u015f \u0259razil\u0259rin b\u0259rpas\u0131ndan dan\u0131\u015faraq Belarus<\/p>\n","protected":false},"author":1,"featured_media":7026,"comment_status":"closed","ping_status":"closed","sticky":false,"template":"","format":"standard","meta":{"_jetpack_memberships_contains_paid_content":false,"footnotes":""},"categories":[29,36],"tags":[],"class_list":["post-7025","post","type-post","status-publish","format-standard","has-post-thumbnail","hentry","category-manset","category-siyast"],"aioseo_notices":[],"jetpack_featured_media_url":"https:\/\/basta2.com\/wp-content\/uploads\/2021\/04\/aliyev_lukashenko_140421_6.jpg","jetpack_sharing_enabled":true,"_links":{"self":[{"href":"https:\/\/basta2.com\/index.php?rest_route=\/wp\/v2\/posts\/7025","targetHints":{"allow":["GET"]}}],"collection":[{"href":"https:\/\/basta2.com\/index.php?rest_route=\/wp\/v2\/posts"}],"about":[{"href":"https:\/\/basta2.com\/index.php?rest_route=\/wp\/v2\/types\/post"}],"author":[{"embeddable":true,"href":"https:\/\/basta2.com\/index.php?rest_route=\/wp\/v2\/users\/1"}],"replies":[{"embeddable":true,"href":"https:\/\/basta2.com\/index.php?rest_route=%2Fwp%2Fv2%2Fcomments&post=7025"}],"version-history":[{"count":3,"href":"https:\/\/basta2.com\/index.php?rest_route=\/wp\/v2\/posts\/7025\/revisions"}],"predecessor-version":[{"id":7029,"href":"https:\/\/basta2.com\/index.php?rest_route=\/wp\/v2\/posts\/7025\/revisions\/7029"}],"wp:featuredmedia":[{"embeddable":true,"href":"https:\/\/basta2.com\/index.php?rest_route=\/wp\/v2\/media\/7026"}],"wp:attachment":[{"href":"https:\/\/basta2.com\/index.php?rest_route=%2Fwp%2Fv2%2Fmedia&parent=7025"}],"wp:term":[{"taxonomy":"category","embeddable":true,"href":"https:\/\/basta2.com\/index.php?rest_route=%2Fwp%2Fv2%2Fcategories&post=7025"},{"taxonomy":"post_tag","embeddable":true,"href":"https:\/\/basta2.com\/index.php?rest_route=%2Fwp%2Fv2%2Ftags&post=7025"}],"curies":[{"name":"wp","href":"https:\/\/api.w.org\/{rel}","templated":true}]}}