{"id":7236,"date":"2021-04-25T17:30:45","date_gmt":"2021-04-25T14:30:45","guid":{"rendered":"http:\/\/basta2.com\/?p=7236"},"modified":"2021-04-25T17:31:29","modified_gmt":"2021-04-25T14:31:29","slug":"pasinyan-istefa-verdi-yenid%c9%99n-secilm%c9%99k-ucun","status":"publish","type":"post","link":"https:\/\/basta2.com\/?p=7236","title":{"rendered":"Pa\u015finyan istefa verdi &#8211; yenid\u0259n se\u00e7ilm\u0259k \u00fc\u00e7\u00fcn"},"content":{"rendered":"<p>Nikol Pa\u015finyan Erm\u0259nistan Ba\u015f naziri v\u0259zif\u0259sind\u0259n istefa verib. O, bunu\u00a0 xalqa m\u00fcraci\u0259tind\u0259 bildirib.<\/p>\n<p>&nbsp;<\/p>\n<p>Erm\u0259nistan\u0131n m\u00f6vcud konstitusiyas\u0131na g\u00f6r\u0259, n\u00f6vb\u0259d\u0259nk\u0259nar parlament se\u00e7kil\u0259ri yaln\u0131z Ba\u015f nazir istefa verdiyi, parlament is\u0259 iki d\u0259f\u0259 yeni Ba\u015f naziri se\u00e7\u0259 bilm\u0259diyi halda m\u00fcmk\u00fcnd\u00fcr.<\/p>\n<p>&nbsp;<\/p>\n<p>&#8220;Konstitusiyan\u0131n m\u00fcdd\u0259alar\u0131n\u0131 t\u0259tbiq etm\u0259k v\u0259 parlamenti buraxmaq \u00fc\u00e7\u00fcn bu g\u00fcn istefa edir\u0259m,&#8221; &#8211; Pa\u015finyan deyib.<\/p>\n<p>&nbsp;<\/p>\n<p>Pa\u015finyan h\u00f6kum\u0259t ba\u015f\u00e7\u0131s\u0131 v\u0259zif\u0259sini m\u00fcv\u0259qq\u0259ti olaraq yerin\u0259 yetirm\u0259kd\u0259 davam ed\u0259c\u0259k.<\/p>\n<p>&nbsp;<\/p>\n<p>O bildirib ki, r\u0259hb\u0259rlik etdiyi &#8220;V\u0259t\u0259nda\u015f raz\u0131l\u0131\u011f\u0131&#8221; partiyas\u0131 se\u00e7kil\u0259rd\u0259 i\u015ftirak ed\u0259c\u0259k v\u0259 partiyadan Ba\u015f nazir v\u0259zif\u0259sin\u0259 namiz\u0259d qismind\u0259 o, se\u00e7kil\u0259rd\u0259 i\u015ftirak ed\u0259c\u0259k.<\/p>\n<p>&nbsp;<\/p>\n<p>&#8220;Xalq m\u0259nim Ba\u015f nazir v\u0259zif\u0259sind\u0259n getm\u0259yim\u0259 q\u0259rar ver\u0259rl\u0259rs\u0259, m\u0259n onlar\u0131n irad\u0259sini yerin\u0259 yetir\u0259c\u0259y\u0259m. \u0130nsanlar m\u0259nim Ba\u015f nazir v\u0259zif\u0259sind\u0259 qalma\u011f\u0131ma q\u0259rar vers\u0259l\u0259r, o zaman bu q\u0259rar\u0131 yerin\u0259 yetir\u0259c\u0259y\u0259m,&#8221; &#8211; Pa\u015finyan s\u00f6yl\u0259yib.<\/p>\n<p>&nbsp;<\/p>\n<p>Ba\u015f nazir Nikol Pa\u015finyan mart ay\u0131nda etdiyi \u00e7\u0131x\u0131\u015flar\u0131ndan birind\u0259 Erm\u0259nistanda n\u00f6vb\u0259d\u0259nk\u0259nar parlament se\u00e7kil\u0259rinin iyunun 20-d\u0259 ke\u00e7iril\u0259c\u0259yini bildirib. Erm\u0259nistanda n\u0259z\u0259rd\u0259 tutulan parlament se\u00e7kil\u0259ri proporsional se\u00e7ki sistemi \u0259sas\u0131nda ke\u00e7iril\u0259c\u0259k.<\/p>\n","protected":false},"excerpt":{"rendered":"<p>Nikol Pa\u015finyan Erm\u0259nistan Ba\u015f naziri v\u0259zif\u0259sind\u0259n istefa verib. O, bunu\u00a0 xalqa m\u00fcraci\u0259tind\u0259 bildirib. &nbsp; Erm\u0259nistan\u0131n m\u00f6vcud konstitusiyas\u0131na g\u00f6r\u0259, n\u00f6vb\u0259d\u0259nk\u0259nar parlament<\/p>\n","protected":false},"author":1,"featured_media":7237,"comment_status":"closed","ping_status":"closed","sticky":false,"template":"","format":"standard","meta":{"_jetpack_memberships_contains_paid_content":false,"footnotes":""},"categories":[29],"tags":[],"class_list":["post-7236","post","type-post","status-publish","format-standard","has-post-thumbnail","hentry","category-manset"],"aioseo_notices":[],"jetpack_featured_media_url":"https:\/\/basta2.com\/wp-content\/uploads\/2021\/04\/Nikol-1593589605.jpg","jetpack_sharing_enabled":true,"_links":{"self":[{"href":"https:\/\/basta2.com\/index.php?rest_route=\/wp\/v2\/posts\/7236","targetHints":{"allow":["GET"]}}],"collection":[{"href":"https:\/\/basta2.com\/index.php?rest_route=\/wp\/v2\/posts"}],"about":[{"href":"https:\/\/basta2.com\/index.php?rest_route=\/wp\/v2\/types\/post"}],"author":[{"embeddable":true,"href":"https:\/\/basta2.com\/index.php?rest_route=\/wp\/v2\/users\/1"}],"replies":[{"embeddable":true,"href":"https:\/\/basta2.com\/index.php?rest_route=%2Fwp%2Fv2%2Fcomments&post=7236"}],"version-history":[{"count":2,"href":"https:\/\/basta2.com\/index.php?rest_route=\/wp\/v2\/posts\/7236\/revisions"}],"predecessor-version":[{"id":7239,"href":"https:\/\/basta2.com\/index.php?rest_route=\/wp\/v2\/posts\/7236\/revisions\/7239"}],"wp:featuredmedia":[{"embeddable":true,"href":"https:\/\/basta2.com\/index.php?rest_route=\/wp\/v2\/media\/7237"}],"wp:attachment":[{"href":"https:\/\/basta2.com\/index.php?rest_route=%2Fwp%2Fv2%2Fmedia&parent=7236"}],"wp:term":[{"taxonomy":"category","embeddable":true,"href":"https:\/\/basta2.com\/index.php?rest_route=%2Fwp%2Fv2%2Fcategories&post=7236"},{"taxonomy":"post_tag","embeddable":true,"href":"https:\/\/basta2.com\/index.php?rest_route=%2Fwp%2Fv2%2Ftags&post=7236"}],"curies":[{"name":"wp","href":"https:\/\/api.w.org\/{rel}","templated":true}]}}