{"id":7240,"date":"2021-04-26T08:25:32","date_gmt":"2021-04-26T05:25:32","guid":{"rendered":"http:\/\/basta2.com\/?p=7240"},"modified":"2021-04-26T08:26:29","modified_gmt":"2021-04-26T05:26:29","slug":"ruslar-susada-abid%c9%99l%c9%99ri-qaydaya-salir-foto","status":"publish","type":"post","link":"https:\/\/basta2.com\/?p=7240","title":{"rendered":"Ruslar \u015eu\u015fada &#8220;abid\u0259l\u0259ri qaydaya sal\u0131r&#8221; &#8211; Foto"},"content":{"rendered":"<p>\u201c\u015eu\u015fa \u015f\u0259h\u0259rinin sakinl\u0259ri rus s\u00fclhm\u0259raml\u0131lar\u0131 il\u0259 birlikd\u0259 1941-1945-ci ill\u0259r B\u00f6y\u00fck V\u0259t\u0259n m\u00fcharib\u0259si i\u015ftirak\u00e7\u0131lar\u0131na monumental kompleksin elementl\u0259rinin t\u0259mizl\u0259nm\u0259si v\u0259 r\u0259ngl\u0259nm\u0259si, el\u0259c\u0259 d\u0259 biti\u015fik \u0259razinin nizamlanmas\u0131 i\u015fl\u0259rini apar\u0131blar\u201d.<\/p>\n<p>&nbsp;<\/p>\n<p>Modern.az Rusiya M\u00fcdafi\u0259 Nazirliyin\u0259 istinadla x\u0259b\u0259r verir ki, bunu Az\u0259rbaycan\u0131n Qaraba\u011f b\u00f6lg\u0259sind\u0259ki Rusiya s\u00fclhm\u0259raml\u0131 kontingentinin komandir m\u00fcavini, general-mayor Sergey Jmurin deyib.<\/p>\n<p>&nbsp;<\/p>\n<p>\u201cBir ay \u0259vv\u0259l Zaqafqaziya b\u00f6lg\u0259sind\u0259ki B\u00f6y\u00fck V\u0259t\u0259n m\u00fcharib\u0259si q\u0259hr\u0259manlar\u0131na v\u0259 i\u015ftirak\u00e7\u0131lar\u0131na abid\u0259l\u0259rin d\u00fcz\u0259ldilm\u0259si kimi \u00e7ox vacib bir layih\u0259y\u0259 ba\u015flad\u0131q. 70-d\u0259n \u00e7ox abid\u0259 qeydiyyatdan ke\u00e7irdik. Bu g\u00fcn bunlardan 50-d\u0259n \u00e7oxu qaydaya sal\u0131nd\u0131. Bu g\u00fcn biz \u015eu\u015fa \u015f\u0259h\u0259rinin \u0259razisind\u0259yik, burada da B\u00f6y\u00fck V\u0259t\u0259n m\u00fcharib\u0259si q\u0259hr\u0259manlar\u0131na h\u0259sr olunmu\u015f abid\u0259 var. Az\u0259rbaycan t\u0259r\u0259fi il\u0259 birg\u0259 bu abid\u0259ni qaydas\u0131na sald\u0131q. Bu i\u015f t\u0259kc\u0259 ayr\u0131-ayr\u0131 n\u00f6qt\u0259l\u0259rd\u0259 deyil, b\u00fct\u00fcn b\u00f6lg\u0259d\u0259 davam edir\u201d, &#8211; dey\u0259 rus general bildirib.<\/p>\n<p>&nbsp;<\/p>\n<p>Qeyd olunub ki, Qaraba\u011fda at\u0259\u015fk\u0259s v\u0259 h\u0259rbi \u0259m\u0259liyyatlarla ba\u011fl\u0131 \u0259ld\u0259 olunmu\u015f raz\u0131la\u015fmalar\u0131n icras\u0131na n\u0259zar\u0259t v\u0259zif\u0259l\u0259rini icra ed\u0259n Rusiya s\u00fclhm\u0259raml\u0131lar\u0131n\u0131n t\u0259\u015f\u0259bb\u00fcs\u00fc il\u0259, m\u0259suliyy\u0259t dair\u0259l\u0259rind\u0259 v\u0259 biti\u015fik b\u00f6lg\u0259l\u0259rd\u0259 B\u00f6y\u00fck V\u0259t\u0259n m\u00fcharib\u0259si \u0259sg\u0259rl\u0259rin\u0259 h\u0259sr edilmi\u015f abid\u0259l\u0259rin yax\u015f\u0131la\u015fd\u0131r\u0131lmas\u0131 aksiyas\u0131 davam edir. Bu aksiya, abid\u0259l\u0259rin yerl\u0259\u015fdiyi s\u0259rh\u0259dl\u0259r daxilind\u0259ki ya\u015fay\u0131\u015f m\u0259nt\u0259q\u0259l\u0259rinin sakinl\u0259ri v\u0259 Rusiya s\u00fclhm\u0259raml\u0131 kontingentinin Humanitar Yard\u0131m M\u0259rk\u0259zinin h\u0259rb\u00e7il\u0259ri il\u0259 birlikd\u0259 h\u0259yata ke\u00e7irilir.<\/p>\n<div id='gallery-1' class='gallery galleryid-7240 gallery-columns-3 gallery-size-full'><figure class='gallery-item'>\n\t\t\t<div class='gallery-icon landscape'>\n\t\t\t\t<a href='https:\/\/basta2.com\/?attachment_id=7241'><img loading=\"lazy\" decoding=\"async\" width=\"490\" height=\"347\" src=\"https:\/\/basta2.com\/wp-content\/uploads\/2021\/04\/image-241619379256.png\" class=\"attachment-full size-full\" alt=\"\" srcset=\"https:\/\/basta2.com\/wp-content\/uploads\/2021\/04\/image-241619379256.png 490w, https:\/\/basta2.com\/wp-content\/uploads\/2021\/04\/image-241619379256-300x212.png 300w\" sizes=\"auto, (max-width: 490px) 100vw, 490px\" \/><\/a>\n\t\t\t<\/div><\/figure><figure class='gallery-item'>\n\t\t\t<div class='gallery-icon landscape'>\n\t\t\t\t<a href='https:\/\/basta2.com\/?attachment_id=7242'><img loading=\"lazy\" decoding=\"async\" width=\"484\" height=\"347\" src=\"https:\/\/basta2.com\/wp-content\/uploads\/2021\/04\/image-251619379379.png\" class=\"attachment-full size-full\" alt=\"\" srcset=\"https:\/\/basta2.com\/wp-content\/uploads\/2021\/04\/image-251619379379.png 484w, https:\/\/basta2.com\/wp-content\/uploads\/2021\/04\/image-251619379379-300x215.png 300w\" sizes=\"auto, (max-width: 484px) 100vw, 484px\" \/><\/a>\n\t\t\t<\/div><\/figure><figure class='gallery-item'>\n\t\t\t<div class='gallery-icon landscape'>\n\t\t\t\t<a href='https:\/\/basta2.com\/?attachment_id=7243'><img loading=\"lazy\" decoding=\"async\" width=\"493\" height=\"354\" src=\"https:\/\/basta2.com\/wp-content\/uploads\/2021\/04\/image-271619379323.png\" class=\"attachment-full size-full\" alt=\"\" srcset=\"https:\/\/basta2.com\/wp-content\/uploads\/2021\/04\/image-271619379323.png 493w, https:\/\/basta2.com\/wp-content\/uploads\/2021\/04\/image-271619379323-300x215.png 300w\" sizes=\"auto, (max-width: 493px) 100vw, 493px\" \/><\/a>\n\t\t\t<\/div><\/figure><figure class='gallery-item'>\n\t\t\t<div class='gallery-icon landscape'>\n\t\t\t\t<a href='https:\/\/basta2.com\/?attachment_id=7244'><img loading=\"lazy\" decoding=\"async\" width=\"490\" height=\"346\" src=\"https:\/\/basta2.com\/wp-content\/uploads\/2021\/04\/image-311619379291.png\" class=\"attachment-full size-full\" alt=\"\" srcset=\"https:\/\/basta2.com\/wp-content\/uploads\/2021\/04\/image-311619379291.png 490w, https:\/\/basta2.com\/wp-content\/uploads\/2021\/04\/image-311619379291-300x212.png 300w\" sizes=\"auto, (max-width: 490px) 100vw, 490px\" \/><\/a>\n\t\t\t<\/div><\/figure><figure class='gallery-item'>\n\t\t\t<div class='gallery-icon landscape'>\n\t\t\t\t<a href='https:\/\/basta2.com\/?attachment_id=7245'><img loading=\"lazy\" decoding=\"async\" width=\"485\" height=\"347\" src=\"https:\/\/basta2.com\/wp-content\/uploads\/2021\/04\/image-361619379352.png\" class=\"attachment-full size-full\" alt=\"\" srcset=\"https:\/\/basta2.com\/wp-content\/uploads\/2021\/04\/image-361619379352.png 485w, https:\/\/basta2.com\/wp-content\/uploads\/2021\/04\/image-361619379352-300x215.png 300w\" sizes=\"auto, (max-width: 485px) 100vw, 485px\" \/><\/a>\n\t\t\t<\/div><\/figure><figure class='gallery-item'>\n\t\t\t<div class='gallery-icon landscape'>\n\t\t\t\t<a href='https:\/\/basta2.com\/?attachment_id=7246'><img loading=\"lazy\" decoding=\"async\" width=\"491\" height=\"349\" src=\"https:\/\/basta2.com\/wp-content\/uploads\/2021\/04\/image-451619379225.png\" class=\"attachment-full size-full\" alt=\"\" srcset=\"https:\/\/basta2.com\/wp-content\/uploads\/2021\/04\/image-451619379225.png 491w, https:\/\/basta2.com\/wp-content\/uploads\/2021\/04\/image-451619379225-300x213.png 300w\" sizes=\"auto, (max-width: 491px) 100vw, 491px\" \/><\/a>\n\t\t\t<\/div><\/figure>\n\t\t<\/div>\n\n","protected":false},"excerpt":{"rendered":"<p>\u201c\u015eu\u015fa \u015f\u0259h\u0259rinin sakinl\u0259ri rus s\u00fclhm\u0259raml\u0131lar\u0131 il\u0259 birlikd\u0259 1941-1945-ci ill\u0259r B\u00f6y\u00fck V\u0259t\u0259n m\u00fcharib\u0259si i\u015ftirak\u00e7\u0131lar\u0131na monumental kompleksin elementl\u0259rinin t\u0259mizl\u0259nm\u0259si v\u0259 r\u0259ngl\u0259nm\u0259si, el\u0259c\u0259<\/p>\n","protected":false},"author":1,"featured_media":7248,"comment_status":"closed","ping_status":"closed","sticky":false,"template":"","format":"standard","meta":{"_jetpack_memberships_contains_paid_content":false,"footnotes":""},"categories":[30,29],"tags":[],"class_list":["post-7240","post","type-post","status-publish","format-standard","has-post-thumbnail","hentry","category-gundm","category-manset"],"aioseo_notices":[],"jetpack_featured_media_url":"https:\/\/basta2.com\/wp-content\/uploads\/2021\/04\/image-241619379256-1.png","jetpack_sharing_enabled":true,"_links":{"self":[{"href":"https:\/\/basta2.com\/index.php?rest_route=\/wp\/v2\/posts\/7240","targetHints":{"allow":["GET"]}}],"collection":[{"href":"https:\/\/basta2.com\/index.php?rest_route=\/wp\/v2\/posts"}],"about":[{"href":"https:\/\/basta2.com\/index.php?rest_route=\/wp\/v2\/types\/post"}],"author":[{"embeddable":true,"href":"https:\/\/basta2.com\/index.php?rest_route=\/wp\/v2\/users\/1"}],"replies":[{"embeddable":true,"href":"https:\/\/basta2.com\/index.php?rest_route=%2Fwp%2Fv2%2Fcomments&post=7240"}],"version-history":[{"count":1,"href":"https:\/\/basta2.com\/index.php?rest_route=\/wp\/v2\/posts\/7240\/revisions"}],"predecessor-version":[{"id":7247,"href":"https:\/\/basta2.com\/index.php?rest_route=\/wp\/v2\/posts\/7240\/revisions\/7247"}],"wp:featuredmedia":[{"embeddable":true,"href":"https:\/\/basta2.com\/index.php?rest_route=\/wp\/v2\/media\/7248"}],"wp:attachment":[{"href":"https:\/\/basta2.com\/index.php?rest_route=%2Fwp%2Fv2%2Fmedia&parent=7240"}],"wp:term":[{"taxonomy":"category","embeddable":true,"href":"https:\/\/basta2.com\/index.php?rest_route=%2Fwp%2Fv2%2Fcategories&post=7240"},{"taxonomy":"post_tag","embeddable":true,"href":"https:\/\/basta2.com\/index.php?rest_route=%2Fwp%2Fv2%2Ftags&post=7240"}],"curies":[{"name":"wp","href":"https:\/\/api.w.org\/{rel}","templated":true}]}}