{"id":7434,"date":"2021-05-04T21:03:08","date_gmt":"2021-05-04T18:03:08","guid":{"rendered":"http:\/\/basta2.com\/?p=7434"},"modified":"2021-05-04T21:03:08","modified_gmt":"2021-05-04T18:03:08","slug":"baki-uc-erm%c9%99ni-diversanti-azad-etdi","status":"publish","type":"post","link":"https:\/\/basta2.com\/?p=7434","title":{"rendered":"Bak\u0131 \u00fc\u00e7 erm\u0259ni diversant\u0131 azad etdi"},"content":{"rendered":"<p>liber.az x\u0259b\u0259r verir ki,\u00a0 \u0130lham \u018fliyevin n\u00f6vb\u0259ti d\u0259f\u0259 n\u00fcmayi\u015f etdirdiyi &#8220;humanizm\u0259&#8221; uy\u011fun olaraq, 10 noyabr 2020-ci ild\u0259 imzalanm\u0131\u015f \u00fc\u00e7t\u0259r\u0259fli b\u0259yanatdan sonra Qaraba\u011fda t\u0259rksilah edilmi\u015f v\u0259 bar\u0259l\u0259rind\u0259 h\u0259bs q\u0259timkan t\u0259dbiri se\u00e7ilmi\u015f \u00fc\u00e7 n\u0259f\u0259r Erm\u0259nistan silahl\u0131 q\u00fcvv\u0259l\u0259rinin h\u0259rbi qulluq\u00e7usu azad edilib.<\/p>\n<p>&nbsp;<\/p>\n<p>H\u0259min \u015f\u0259xsl\u0259r yax\u0131n saatlarda Rusiya s\u00fclhm\u0259raml\u0131lar\u0131n\u0131n komandan\u0131 R\u00fcst\u0259m Muradovun m\u00fc\u015fayi\u0259ti il\u0259 Bak\u0131-\u0130r\u0259van istiqam\u0259tind\u0259 u\u00e7u\u015f ed\u0259c\u0259k h\u0259rbi t\u0259yyar\u0259 il\u0259 \u0130r\u0259vana \u00e7atd\u0131r\u0131lacaqlar.<\/p>\n<p>&nbsp;<\/p>\n<p>Azad olunan \u015f\u0259xsl\u0259r bunlard\u0131r:<\/p>\n<p>&nbsp;<\/p>\n<p>Rovert Vardanyan, \u015euxyan Samvel, Tamrazyan Seyran.<\/p>\n<p>&nbsp;<\/p>\n<p>\u0130stintaq prosesi \u00e7\u0259r\u00e7iv\u0259sind\u0259 Erm\u0259nistan v\u0259t\u0259nda\u015flar\u0131 olan bu \u015f\u0259xsl\u0259rin Erm\u0259nistan silahl\u0131 q\u00fcvv\u0259l\u0259rinin h\u0259rbi qulluq\u00e7ular\u0131 olmas\u0131 t\u0259sbit edils\u0259 d\u0259, onlar\u0131n \u0259m\u0259ll\u0259rind\u0259 cinay\u0259t t\u0259rkibi, o c\u00fcml\u0259d\u0259n m\u00fclki v\u0259 ya h\u0259rbi Az\u0259rbaycan v\u0259t\u0259nda\u015flar\u0131n\u0131n \u00f6ld\u00fcr\u00fclm\u0259si v\u0259 ya yaralanmas\u0131 il\u0259 n\u0259tic\u0259l\u0259n\u0259n \u0259m\u0259liyyatlarda i\u015ftirak\u0131 m\u00fc\u0259yy\u0259n edilm\u0259yib.<\/p>\n<p>&nbsp;<\/p>\n<p>Az\u0259rbaycan\u0131n n\u00fcmayi\u015f etdirdiyi y\u00fcks\u0259k humanizm siyas\u0259tin\u0259 Erm\u0259nistan t\u0259r\u0259find\u0259n humanizm prinsipl\u0259ri il\u0259 cavab verilmir.<\/p>\n<p>&nbsp;<\/p>\n<p>Erm\u0259nistan minalanm\u0131\u015f \u0259razil\u0259rin x\u0259rit\u0259l\u0259rini h\u0259l\u0259 d\u0259 gizl\u0259dir. Minalanm\u0131\u015f \u0259razil\u0259r m\u00fclki v\u0259 h\u0259rbi \u015f\u0259xsl\u0259rin \u00f6l\u00fcm\u00fc v\u0259 yaralanmas\u0131 il\u0259 n\u0259tic\u0259l\u0259nir.<\/p>\n<p>&nbsp;<\/p>\n<p>Birinci Qaraba\u011f m\u00fcharib\u0259si d\u00f6vr\u00fcnd\u0259n itkin d\u00fc\u015fm\u00fc\u015f hesab olunan 4000-d\u0259n art\u0131q Az\u0259rbaycan v\u0259t\u0259nda\u015f\u0131 bar\u0259sind\u0259 Erm\u0259nistan t\u0259r\u0259find\u0259n m\u0259lumat verilmir. Onlar\u0131n \u0259ks\u0259riyy\u0259ti \u00f6ld\u00fcr\u00fcl\u00fcb v\u0259 k\u00fctl\u0259vi m\u0259zarl\u0131qlarda basd\u0131r\u0131l\u0131b. Bel\u0259 m\u0259zarl\u0131qlardan biri K\u0259lb\u0259c\u0259rin Ba\u015fl\u0131bel k\u0259ndind\u0259 m\u00fc\u0259yy\u0259n edilib.<\/p>\n<p>&nbsp;<\/p>\n<p>Birinci Qaraba\u011f m\u00fcharib\u0259sind\u0259 Erm\u0259nistan t\u0259r\u0259fd\u0259 \u0259sirlikd\u0259 oldu\u011fu v\u0259 sa\u011fl\u0131\u011f\u0131 Beyn\u0259lxalq Q\u0131z\u0131l Xa\u00e7 Komit\u0259si t\u0259r\u0259find\u0259n d\u0259 t\u0259sbit edilmi\u015f v\u0259 m\u00fcxt\u0259lif yaz\u0131\u015fmalar apar\u0131lm\u0131\u015f Az\u0259rbaycan v\u0259t\u0259nda\u015flar\u0131 bar\u0259sind\u0259 Erm\u0259nistan h\u0259l\u0259 d\u0259 m\u0259lumat vermir. Y\u0259qin ki, h\u0259min \u015f\u0259xsl\u0259r i\u015fg\u0259nc\u0259l\u0259rl\u0259 \u00f6ld\u00fcr\u00fcl\u00fcbl\u0259r. Amma Erm\u0259nistan onlar bar\u0259sind\u0259 h\u0259r hans\u0131 m\u0259lumat verm\u0259kd\u0259n boyun qa\u00e7\u0131r\u0131r.<\/p>\n<p>&nbsp;<\/p>\n<p>Ona g\u00f6r\u0259 d\u0259 Erm\u0259nistan hans\u0131 \u0259saslarla humanizmd\u0259n dan\u0131\u015f\u0131r v\u0259 h\u0259tta bu \u0259saslarla Az\u0259rbaycana qar\u015f\u0131 iddialar ir\u0259li s\u00fcr\u00fcr.<\/p>\n<p>&nbsp;<\/p>\n<p>&nbsp;<\/p>\n","protected":false},"excerpt":{"rendered":"<p>liber.az x\u0259b\u0259r verir ki,\u00a0 \u0130lham \u018fliyevin n\u00f6vb\u0259ti d\u0259f\u0259 n\u00fcmayi\u015f etdirdiyi &#8220;humanizm\u0259&#8221; uy\u011fun olaraq, 10 noyabr 2020-ci ild\u0259 imzalanm\u0131\u015f \u00fc\u00e7t\u0259r\u0259fli b\u0259yanatdan<\/p>\n","protected":false},"author":1,"featured_media":7435,"comment_status":"closed","ping_status":"closed","sticky":false,"template":"","format":"standard","meta":{"_jetpack_memberships_contains_paid_content":false,"footnotes":""},"categories":[30,29],"tags":[],"class_list":["post-7434","post","type-post","status-publish","format-standard","has-post-thumbnail","hentry","category-gundm","category-manset"],"aioseo_notices":[],"jetpack_featured_media_url":"https:\/\/basta2.com\/wp-content\/uploads\/2021\/05\/modern.az-04.05.2021-1620138273.jpg","jetpack_sharing_enabled":true,"_links":{"self":[{"href":"https:\/\/basta2.com\/index.php?rest_route=\/wp\/v2\/posts\/7434","targetHints":{"allow":["GET"]}}],"collection":[{"href":"https:\/\/basta2.com\/index.php?rest_route=\/wp\/v2\/posts"}],"about":[{"href":"https:\/\/basta2.com\/index.php?rest_route=\/wp\/v2\/types\/post"}],"author":[{"embeddable":true,"href":"https:\/\/basta2.com\/index.php?rest_route=\/wp\/v2\/users\/1"}],"replies":[{"embeddable":true,"href":"https:\/\/basta2.com\/index.php?rest_route=%2Fwp%2Fv2%2Fcomments&post=7434"}],"version-history":[{"count":1,"href":"https:\/\/basta2.com\/index.php?rest_route=\/wp\/v2\/posts\/7434\/revisions"}],"predecessor-version":[{"id":7436,"href":"https:\/\/basta2.com\/index.php?rest_route=\/wp\/v2\/posts\/7434\/revisions\/7436"}],"wp:featuredmedia":[{"embeddable":true,"href":"https:\/\/basta2.com\/index.php?rest_route=\/wp\/v2\/media\/7435"}],"wp:attachment":[{"href":"https:\/\/basta2.com\/index.php?rest_route=%2Fwp%2Fv2%2Fmedia&parent=7434"}],"wp:term":[{"taxonomy":"category","embeddable":true,"href":"https:\/\/basta2.com\/index.php?rest_route=%2Fwp%2Fv2%2Fcategories&post=7434"},{"taxonomy":"post_tag","embeddable":true,"href":"https:\/\/basta2.com\/index.php?rest_route=%2Fwp%2Fv2%2Ftags&post=7434"}],"curies":[{"name":"wp","href":"https:\/\/api.w.org\/{rel}","templated":true}]}}