{"id":7437,"date":"2021-05-05T06:43:03","date_gmt":"2021-05-05T03:43:03","guid":{"rendered":"http:\/\/basta2.com\/?p=7437"},"modified":"2021-05-05T16:57:57","modified_gmt":"2021-05-05T13:57:57","slug":"bayram-m%c9%99mm%c9%99dovun-istanbulda-meyiti-tapildi","status":"publish","type":"post","link":"https:\/\/basta2.com\/?p=7437","title":{"rendered":"\u0130stanbul polisind\u0259n Bayram M\u0259mm\u0259dovun \u00f6l\u00fcm\u00fc bar\u0259d\u0259 anla\u015f\u0131lmaz a\u00e7\u0131qlama &#8211; Yenil\u0259nib"},"content":{"rendered":"<p><strong>Ke\u00e7mi\u015f vicdan m\u0259hbusu, Heyd\u0259r \u018fliyevin abid\u0259sin\u0259 sistem \u0259leyhin\u0259 \u015f\u00fcar yazanlardan biri Bayram M\u0259mm\u0259dovun \u0130stanbulda meyiti tap\u0131l\u0131b.\u00a0\u00a0<\/strong><\/p>\n<p>&nbsp;<\/p>\n<p>\u0130stanbulun Kad\u0131k\u00f6y rayon polisind\u0259n Turan-\u0131n m\u00fcxbirin\u0259 f\u0259al Bayram M\u0259mm\u0259dovun \u00f6l\u00fcm\u00fc il\u0259 ba\u011fl\u0131 b\u0259zi t\u0259f\u0259rr\u00fcatlar\u0131 a\u00e7\u0131qlay\u0131blar.<\/p>\n<p>&nbsp;<\/p>\n<p>Polisd\u0259n Turan-\u0131n sor\u011fusuna cavab olaraq bildiribl\u0259r ki, may\u0131n 2-d\u0259 saat 15:00-a yax\u0131n polis bir n\u0259f\u0259rin d\u0259niz\u0259 girdikd\u0259n sonra geriy\u0259 \u00fczm\u0259m\u0259si bar\u0259d\u0259 m\u0259lumat ald\u0131qdan sonra hadis\u0259 yerin\u0259 gedib.<\/p>\n<p>&nbsp;<\/p>\n<p>&#8220;Hadis\u0259 \u015fahidl\u0259rinin ifad\u0259l\u0259rin\u0259 g\u00f6r\u0259, 25-30 ya\u015flar\u0131nda g\u0259nc d\u0259niz\u0259 girib, sonra ba\u015fma\u011f\u0131n\u0131n ayaqdan \u00e7\u0131xd\u0131\u011f\u0131n\u0131 g\u00f6r\u00fcb. Bir m\u00fcdd\u0259t suda \u00e7abalay\u0131b, amma \u00fcz\u0259 bilm\u0259yib, sonra is\u0259 g\u00f6zd\u0259n itib.<\/p>\n<p>&nbsp;<\/p>\n<p>Sonradan c\u0259s\u0259d Heyd\u0259rpa\u015fa stansiyas\u0131 \u0259razisind\u0259 \u00e7\u0131xar\u0131l\u0131b N\u00fcmun\u0259 x\u0259st\u0259xanas\u0131na apar\u0131l\u0131b. May\u0131n 4-d\u0259 itkin d\u00fc\u015fm\u00fc\u015f dostunu axtarmaq \u00fc\u00e7\u00fcn polis\u0259 g\u0259l\u0259n \u015f\u0259xs\u0259 m\u0259rhumun fotosunu g\u00f6st\u0259ribl\u0259r. O, Az\u0259rbaycan v\u0259t\u0259nda\u015f\u0131, 1995-ci ild\u0259 anadan olmu\u015f Bayram M\u0259mm\u0259dovu tan\u0131y\u0131b\u201d\u00a0 &#8211; istintaq\u0131n cavab\u0131nda bildirilir.<\/p>\n<p>&nbsp;<\/p>\n<p>Dostlar\u0131n\u0131n m\u0259lumat\u0131na g\u00f6r\u0259, bu g\u00fcn m\u0259hk\u0259m\u0259-tibbi ekspertiza ke\u00e7iril\u0259c\u0259k. C\u0259naz\u0259nin V\u0259t\u0259n\u0259 g\u00f6nd\u0259rilm\u0259si \u00fc\u00e7\u00fcn n\u0259 vaxt veril\u0259c\u0259yi h\u0259l\u0259lik m\u0259lum deyil.<\/p>\n<p>&nbsp;<\/p>\n<p>&#8220;25-30 ya\u015flar\u0131nda g\u0259nc d\u0259niz\u0259 girib, sonra ba\u015fma\u011f\u0131n\u0131n ayaqdan \u00e7\u0131xd\u0131\u011f\u0131n\u0131 g\u00f6r\u00fcb&#8221; ifad\u0259sinin m\u0259nas\u0131 anla\u015f\u0131lmir.<\/p>\n<p>&nbsp;<\/p>\n<p>&#8230;<\/p>\n<p>&nbsp;<\/p>\n<p>Bayram M\u0259mm\u0259dovun \u0130stanbulda meyiti &#8211; tap\u0131ld\u0131<\/p>\n<p>&nbsp;<\/p>\n<p>Heyd\u0259r \u018fliyevin Bak\u0131dak\u0131 heyk\u0259linin \u00fcz\u0259rin\u0259 yaz\u0131 yazmas\u0131na g\u00f6r\u0259 h\u0259bs edil\u0259n, siyasi f\u0259al Bayram M\u0259mm\u0259dovun Turkiy\u0259d\u0259 v\u0259fat etm\u0259si bar\u0259d\u0259 bu g\u00fcn s\u0259h\u0259r x\u0259b\u0259rl\u0259r yay\u0131l\u0131b.<\/p>\n<p>&nbsp;<\/p>\n<p>Yay\u0131lan x\u0259b\u0259rl\u0259ri Az\u0259rbaycan\u0131n r\u0259smi qurumlar\u0131 h\u0259l\u0259 t\u0259sdiq etm\u0259yib.<\/p>\n<p>&nbsp;<\/p>\n<p>Haz\u0131rda T\u00fcrkiy\u0259d\u0259 Bayram M\u0259mm\u0259dovun \u00f6l\u00fcm\u00fc il\u0259 ba\u011fl\u0131 polisl\u0259 \u0259laq\u0259 saxlayan Elgiz Q\u0259hr\u0259man Turan agentliyin\u0259 polisin ara\u015fd\u0131rma apard\u0131\u011f\u0131n\u0131 bildirib.<\/p>\n<p>&nbsp;<\/p>\n<p>\u201cBayramla ba\u011fl\u0131 iki g\u00fcn idi x\u0259b\u0259r ala bilmirdik. D\u00fcn\u0259n, may\u0131n 4-d\u0259 polis m\u0259n\u0259 bildirdi ki, iki g\u00fcn \u0259vv\u0259l onun d\u0259nizd\u0259n c\u0259s\u0259di \u00e7\u0131xar\u0131l\u0131b. Polisd\u0259 \u00f6l\u00fcm\u00fcn s\u0259b\u0259bl\u0259ri il\u0259 ba\u011fl\u0131 h\u0259l\u0259 d\u0259qiq m\u0259lumat yoxdur. Haz\u0131rda polis \u00f6l\u00fcm\u00fcn intihar, q\u0259za v\u0259 q\u0259sd oldu\u011fu il\u0259 ba\u011fl\u0131 ara\u015fd\u0131ma apar\u0131r. M\u0259n\u0259 c\u0259s\u0259din fotosunu g\u00f6st\u0259rdil\u0259r, onunla kimliyini m\u00fc\u0259yy\u0259n etdik. Bu g\u00fcn morqa gedib, baxacam, sonra daha d\u0259qiq bil\u0259c\u0259m. Amma, fotoda h\u0259r \u015fey ayd\u0131nd\u0131r. O Bayramd\u0131r, bu bar\u0259d\u0259 \u015f\u00fcbh\u0259m yoxdur,\u201d Bayram M\u0259mm\u0259dovun T\u00fcrkiy\u0259d\u0259 ya\u015fayan dostu Elgiz Q\u0259hr\u0259man Turana bildirib.<\/p>\n<p>&nbsp;<\/p>\n<p><img loading=\"lazy\" decoding=\"async\" class=\"alignnone size-medium wp-image-7446\" src=\"https:\/\/basta2.com\/wp-content\/uploads\/2021\/05\/050500032344-300x215.jpg\" alt=\"\" width=\"300\" height=\"215\" srcset=\"https:\/\/basta2.com\/wp-content\/uploads\/2021\/05\/050500032344-300x215.jpg 300w, https:\/\/basta2.com\/wp-content\/uploads\/2021\/05\/050500032344-768x549.jpg 768w, https:\/\/basta2.com\/wp-content\/uploads\/2021\/05\/050500032344.jpg 800w\" sizes=\"auto, (max-width: 300px) 100vw, 300px\" \/><\/p>\n<p>&nbsp;<\/p>\n<p>***<\/p>\n<p>&nbsp;<\/p>\n<p>&nbsp;<\/p>\n<p>Sosial \u015f\u0259b\u0259k\u0259d\u0259 m\u0259rhumun dostlar\u0131n\u0131n yayd\u0131\u011f\u0131 m\u0259lumata g\u00f6r\u0259, B.M\u0259mm\u0259dovdan iki g\u00fcnd\u00fcr x\u0259b\u0259r olmay\u0131b. May\u0131n 4-d\u0259 axtar\u0131\u015fa verilib. Polis is\u0259 d\u0259nizd\u0259n onun cans\u0131z b\u0259d\u0259ninin tap\u0131ld\u0131\u011f\u0131n\u0131 bildirib.<\/p>\n<p>&nbsp;<\/p>\n<p>Bayram M\u0259mm\u0259dovun intihar etdiyi iddia olunur. Lakin bir \u00e7oxlar\u0131 buna \u015f\u00fcbh\u0259 il\u0259 yana\u015f\u0131r. H\u0259r halda h\u0259l\u0259lik intihara dair he\u00e7 bir d\u0259lil-s\u00fcbut, yaxud m\u0259nb\u0259 g\u00f6st\u0259rilm\u0259diyi halda, bu versiyan\u0131n qabard\u0131lmas\u0131 etirazla qar\u015f\u0131lan\u0131b.<\/p>\n<p>&nbsp;<\/p>\n<p>M\u00fcsavat ba\u015fqan\u0131 Arif Hac\u0131l\u0131 Bayram M\u0259mm\u0259dovun m\u00fc\u0259mmal\u0131 \u00f6l\u00fcm x\u0259b\u0259rind\u0259n sars\u0131ld\u0131\u011f\u0131n\u0131 bildirib: &#8221; \u00dc\u00e7 g\u00fcn \u0259vv\u0259l, onunla \u0259laq\u0259nin oldu\u011fu sonuncu g\u00fcn, ail\u0259sin\u0259 ev\u0259 d\u00f6n\u0259c\u0259yini bildir\u0259n, \u0259n a\u011f\u0131r g\u00fcnl\u0259rind\u0259 d\u0259 \u00fcz\u00fcnd\u0259n g\u00fcl\u00fc\u015f \u0259skik olmayan bu g\u0259nc dostumuzun intihar etm\u0259si he\u00e7 inand\u0131r\u0131c\u0131 g\u00f6r\u00fcnm\u00fcr&#8221;.<\/p>\n<p>&nbsp;<\/p>\n<p>&#8220;H. \u018fliyevin heyk\u0259li \u00fcz\u0259rin\u0259 yazd\u0131\u011f\u0131 bir tarixi c\u00fcml\u0259 il\u0259 tarix\u0259 d\u00fc\u015f\u0259n, h\u0259min c\u00fcml\u0259y\u0259 g\u00f6r\u0259 d\u0259 ba\u015f\u0131 d\u0259h\u015f\u0259tli b\u0259lalar \u00e7\u0259k\u0259n Bayram\u0131n el\u0259 h\u0259min hadis\u0259nin ild\u00f6n\u00fcm\u00fc \u0259r\u0259f\u0259sind\u0259 h\u0259lak olmas\u0131 da bir ba\u015fqa m\u00fc\u0259mmad\u0131r&#8221;- dey\u0259, Arif Hac\u0131l\u0131 \u00f6z\u00fcn\u00fcn feysbuk hesab\u0131nda yaz\u0131b.<\/p>\n<p>&nbsp;<\/p>\n<p>M\u00fcsavat ba\u015fqan\u0131 \u00fcmid edir ki, T\u00fcrkiy\u0259 \u018fdal\u0259t M\u00fchakim\u0259si \u0130stanbulda ba\u015f ver\u0259n bu d\u0259h\u015f\u0259tli hadis\u0259nin m\u00fc\u0259mmalar\u0131n\u0131 a\u015fkara \u00e7\u0131xar\u0131b b\u00fct\u00fcn suallara ayd\u0131nl\u0131q g\u0259tirm\u0259y\u0259 nail olacaq: &#8220;Bayram M\u0259mm\u0259dovun itkisi yaln\u0131z ail\u0259si, yax\u0131nlar\u0131, dostlar\u0131 \u00fc\u00e7\u00fcn deyil, onu tan\u0131yan, onun m\u00fcbariz\u0259sin\u0259 d\u0259y\u0259r ver\u0259n h\u0259r k\u0259s \u00fc\u00e7\u00fcn a\u011f\u0131r itkidir&#8221;.<\/p>\n<p>&nbsp;<\/p>\n<p>Jurnalist \u018ffqan Muxtarl\u0131 yaz\u0131b ki, hadis\u0259nin ba\u015f verdiyi sahild\u0259 ad\u0259t\u0259n \u00e7ox sayda polis olur. Lakin Buna Bayram M\u0259mm\u0259dovun intihar etm\u0259sinin he\u00e7 bir \u015fahidi yoxdur.<\/p>\n<p>&nbsp;<\/p>\n<p>&#8220;\u0130stanbulda olark\u0259n Bayram\u0131n bir gec\u0259 qona\u011f\u0131 olmu\u015fdum. Xeyli s\u00f6hb\u0259t etdik. Avropada master t\u0259hsili \u00fczr\u0259 proqram qazanm\u0131\u015fd\u0131. \u0130stanbulda olma\u011f\u0131n\u0131n s\u0259b\u0259bi d\u0259 haz\u0131rla\u015fmaq idi.Haz\u0131rl\u0131q s\u0259b\u0259bind\u0259n sosial \u015f\u0259b\u0259k\u0259l\u0259rd\u0259 hesablar\u0131n\u0131 ba\u011flad\u0131\u011f\u0131n\u0131 s\u00f6yl\u0259di. \u00d6lk\u0259 \u00fc\u00e7\u00fcn b\u00f6y\u00fck arzular\u0131 vard\u0131. M\u00fck\u0259mm\u0259l t\u0259hsil al\u0131b Az\u0259rbaycana d\u00f6n\u0259c\u0259yini s\u00f6yl\u0259di. Hadis\u0259nin detallar\u0131 tam m\u0259lum olmasada h\u00f6k\u00fcm\u0259ty\u00f6nl\u00fc saytlar art\u0131q Bayram\u0131n intihar etdiyini yaz\u0131r. N\u0259s\u0259 intihar g\u00f6r\u00fcnt\u00fcs\u00fc yarad\u0131rlar. Amma h\u0259l\u0259 istintaq ba\u015flamay\u0131b. \u00c7\u00f6l\u0259 \u00e7\u0131xma qada\u011fas\u0131 oldu\u011fu vaxt Bayram\u0131n d\u0259niz k\u0259nar\u0131na nec\u0259 gedib \u00e7atd\u0131\u011f\u0131 m\u0259lum deyil. Hadis\u0259 ba\u015f ver\u0259n sahild\u0259 az\u0131 100 polis olur. Nec\u0259 oldu bir polis qada\u011fa vaxt\u0131 k\u00fc\u00e7\u0259y\u0259 \u00e7\u0131xd\u0131\u011f\u0131 \u00fc\u00e7\u00fcn saxlamad\u0131 Bayram\u0131? Hadis\u0259nin 1 \u015fahidi bel\u0259 yoxdu h\u0259l\u0259lik. N\u0259di intihar m\u0259s\u0259l\u0259sini tirajlamaqda m\u0259qs\u0259d? Dostlarla dan\u0131\u015fd\u0131m y\u0259qin sabah detall\u0131 m\u0259lumat olacaq&#8221; &#8211; dey\u0259, \u018ffqan Muxtarl\u0131 \u00f6z\u00fcn\u00fcn feysbuk hesab\u0131nda yaz\u0131b.<\/p>\n<p>&nbsp;<\/p>\n<p>Allah r\u0259hm\u0259t el\u0259sin.<\/p>\n<p>&nbsp;<\/p>\n","protected":false},"excerpt":{"rendered":"<p>Ke\u00e7mi\u015f vicdan m\u0259hbusu, Heyd\u0259r \u018fliyevin abid\u0259sin\u0259 sistem \u0259leyhin\u0259 \u015f\u00fcar yazanlardan biri Bayram M\u0259mm\u0259dovun \u0130stanbulda meyiti tap\u0131l\u0131b.\u00a0\u00a0 &nbsp; \u0130stanbulun Kad\u0131k\u00f6y rayon<\/p>\n","protected":false},"author":1,"featured_media":7438,"comment_status":"closed","ping_status":"closed","sticky":false,"template":"","format":"standard","meta":{"_jetpack_memberships_contains_paid_content":false,"footnotes":""},"categories":[30,29],"tags":[],"class_list":["post-7437","post","type-post","status-publish","format-standard","has-post-thumbnail","hentry","category-gundm","category-manset"],"aioseo_notices":[],"jetpack_featured_media_url":"https:\/\/basta2.com\/wp-content\/uploads\/2021\/05\/FB_IMG_1620184264062.jpg","jetpack_sharing_enabled":true,"_links":{"self":[{"href":"https:\/\/basta2.com\/index.php?rest_route=\/wp\/v2\/posts\/7437","targetHints":{"allow":["GET"]}}],"collection":[{"href":"https:\/\/basta2.com\/index.php?rest_route=\/wp\/v2\/posts"}],"about":[{"href":"https:\/\/basta2.com\/index.php?rest_route=\/wp\/v2\/types\/post"}],"author":[{"embeddable":true,"href":"https:\/\/basta2.com\/index.php?rest_route=\/wp\/v2\/users\/1"}],"replies":[{"embeddable":true,"href":"https:\/\/basta2.com\/index.php?rest_route=%2Fwp%2Fv2%2Fcomments&post=7437"}],"version-history":[{"count":9,"href":"https:\/\/basta2.com\/index.php?rest_route=\/wp\/v2\/posts\/7437\/revisions"}],"predecessor-version":[{"id":7458,"href":"https:\/\/basta2.com\/index.php?rest_route=\/wp\/v2\/posts\/7437\/revisions\/7458"}],"wp:featuredmedia":[{"embeddable":true,"href":"https:\/\/basta2.com\/index.php?rest_route=\/wp\/v2\/media\/7438"}],"wp:attachment":[{"href":"https:\/\/basta2.com\/index.php?rest_route=%2Fwp%2Fv2%2Fmedia&parent=7437"}],"wp:term":[{"taxonomy":"category","embeddable":true,"href":"https:\/\/basta2.com\/index.php?rest_route=%2Fwp%2Fv2%2Fcategories&post=7437"},{"taxonomy":"post_tag","embeddable":true,"href":"https:\/\/basta2.com\/index.php?rest_route=%2Fwp%2Fv2%2Ftags&post=7437"}],"curies":[{"name":"wp","href":"https:\/\/api.w.org\/{rel}","templated":true}]}}