{"id":7461,"date":"2021-05-05T19:57:10","date_gmt":"2021-05-05T16:57:10","guid":{"rendered":"http:\/\/basta2.com\/?p=7461"},"modified":"2021-05-05T20:38:38","modified_gmt":"2021-05-05T17:38:38","slug":"muhacirl%c9%99r-hollandiyada-rusiyaya-qarsi-aksiya-kecirdil%c9%99r-foto-video","status":"publish","type":"post","link":"https:\/\/basta2.com\/?p=7461","title":{"rendered":"M\u00fchacirl\u0259r Hollandiyada Rusiyaya qar\u015f\u0131 aksiya ke\u00e7irdil\u0259r &#8211; Foto\/Video"},"content":{"rendered":"<div dir=\"auto\">\n<p>Bu g\u00fcn bir qrup az\u0259rbaycanl\u0131 siyasi m\u00fchacir Rusiyan\u0131n Hollandiyadak\u0131 s\u0259firliyi qar\u015f\u0131s\u0131nda aksiya ke\u00e7iribl\u0259r. Aksiyada Rusiyan\u0131n Qaraba\u011fda, Kr\u0131mda, Osetiya v\u0259 Abxaziyada v\u0259 dig\u0259r \u0259razil\u0259rd\u0259 seprat\u00e7\u0131 rejiml\u0259ri d\u0259st\u0259kl\u0259m\u0259si v\u0259 qon\u015fu d\u00f6vl\u0259tl\u0259r\u0259 qar\u015f\u0131 i\u015f\u011fal\u00e7\u0131 siyas\u0259tin\u0259 etiraz edilib.<\/p>\n<p>&nbsp;<\/p>\n<p>Aksiyaya ukraynal\u0131 m\u00fchacirl\u0259r d\u0259 qat\u0131l\u0131b. T\u0259dbird\u0259 Az\u0259rbaycan\u0131n v\u0259 Ukrayna bayraqlar\u0131 qald\u0131r\u0131l\u0131b.<\/p>\n<p>&nbsp;<\/p>\n<p>Milli h\u00f6kum\u0259t d\u00f6vr\u00fcnd\u0259 Q\u0259b\u0259l\u0259 rayonunun icra ba\u015f\u00e7\u0131s\u0131 olmu\u015f m\u00fcsavat\u00e7\u0131 Eld\u0259niz Yusubovun apar\u0131c\u0131 oldu\u011fu aksiyada 80-ci ill\u0259rd\u0259 \u00c7exoslovakiyada qald\u0131r\u0131lm\u0131\u015f\u00a0 &#8220;\u0130van idi domoy&#8221; \u015f\u00fcar\u0131 s\u0259sl\u0259ndirlib.<\/p>\n<p>&nbsp;<\/p>\n<p>&#8220;Ruslara Avropan\u0131 dar etm\u0259yin zaman\u0131 \u00e7oxdan \u00e7at\u0131b&#8230;\u00a0V\u0259t\u0259nimizd\u0259 n\u0259 rus qo\u015funu, n\u0259 s\u00fclhm\u0259raml\u0131s\u0131n\u0131n olmas\u0131 il\u0259 bar\u0131\u015fmayacaq, h\u0259r m\u00fcst\u0259vid\u0259 \u00f6lk\u0259mizin suverenliyi namin\u0259 m\u00fcbariz\u0259 aparacay\u0131q&#8221; &#8211; dey\u0259, m\u00fcsavat\u00e7\u0131 m\u00fchacir Elman Hac\u0131lo\u011flu aksiya bar\u0259d\u0259 payla\u015f\u0131m\u0131nda bildirib.<\/p>\n<p>&nbsp;<\/p>\n<\/div>\n<p>Aksiya m\u00fchacir Sabir Budaqovun feysbuk hesab\u0131ndan canl\u0131 olaraq yay\u0131mlan\u0131b.<\/p>\n<p>&nbsp;<\/p>\n<div dir=\"auto\"><\/div>\n<div dir=\"auto\"><iframe loading=\"lazy\" style=\"border: none; overflow: hidden;\" src=\"https:\/\/www.facebook.com\/plugins\/video.php?height=476&amp;href=https%3A%2F%2Fwww.facebook.com%2Fsabir.budaqov%2Fvideos%2F4181817665190124%2F&amp;show_text=false&amp;width=267\" width=\"267\" height=\"476\" frameborder=\"0\" scrolling=\"no\" allowfullscreen=\"allowfullscreen\"><\/iframe><\/div>\n<div dir=\"auto\"><\/div>\n<div dir=\"auto\"><span style=\"color: #ffffff;\">.<\/span><\/div>\n<div dir=\"auto\">\n<p>Niderland Krall\u0131g\u0131ndak\u0131 Rusiya s\u0259firliyinin qar\u015f\u0131s\u0131nda ke\u00e7iril\u0259n etiraz aksiyas\u0131n\u0131n<\/p>\n<p>&nbsp;<\/p>\n<p>Q\u018fTNAM\u018fSI<\/p>\n<p>&nbsp;<\/p>\n<p>44 g\u00fcnl\u00fck m\u00fcharib\u0259nin n\u0259tic\u0259si olaraq 10 noyabr 2020 ci il b\u0259yanat\u0131na uygun olaraq Az\u0259rbaycan Respublikas\u0131n\u0131n Dagl\u0131q Qarabag \u0259razisin\u0259 at\u0259\u015fk\u0259s\u0259 riay\u0259t edilmesi \u00fc\u00e7\u00fcn Rusiya s\u00fclhm\u0259raml\u0131lar\u0131ndan ibar\u0259t h\u0259rbi q\u00fcvv\u0259l\u0259r yerl\u0259\u015fdirilmishdir. T\u0259ssufler olsun ki, ilk g\u00fcnl\u0259rd\u0259n etibar\u0259n Rusiya s\u00fclhm\u0259raml\u0131lar\u0131 Yuxar\u0131 Qaraba\u011f \u0259razisind\u0259 beyn\u0259lxalq h\u00fcquqa v\u0259 m\u00f6vcud raz\u0131la\u015fmaya zidd olaraq fealiyy\u0259t\u0259 ba\u015flayaraq erm\u0259ni silahl\u0131 q\u00fcvv\u0259l\u0259rinin Qaraba\u011f \u0259razisind\u0259 qalmas\u0131n\u0131a g\u00f6z yummasi, bu qeyri &#8211; qanuni terror\u00e7u h\u0259rbi q\u00fcvv\u0259l\u0259r t\u0259r\u0259find\u0259n Qaraba\u011fda h\u0259rbi t\u0259cav\u00fcz xarakterli haz\u0131rl\u0131qlara imkan verilm\u0259si, qeyri qanuni olaraq v\u0259 birt\u0259r\u0259fli qaydada Az\u0259rbaycan \u0259razisinin Rusiya s\u00fclhm\u0259raml\u0131lar\u0131n\u0131n \u201cm\u0259suliyy\u0259t zonas\u0131\u201d elan edilm\u0259si, Azerbaycan Respublikas\u0131n\u0131n suveren h\u00fcquqlar\u0131na m\u0259h\u0259l qoymayaraq 9 mayda Xank\u0259ndind\u0259 t\u0259hrik\u00e7i parad haz\u0131rl\u0131qlar\u0131, Kremlin t\u0259cav\u00fczkar, imperialist niyy\u0259tl\u0259rinin t\u0259zah\u00fcr\u00fc v\u0259 Az\u0259rbaycana qar\u015f\u0131 t\u0259zyiq kimi qiym\u0259tl\u0259ndiririk v\u0259 bunu q\u0259tiyy\u0259tl\u0259 r\u0259dd edirik ve bunun yolverilm\u0259z oldugunu b\u0259yan edirik.<br \/>\nBiz aksiya i\u015ftirak\u00e7\u0131lar\u0131 olaraq t\u0259l\u0259b edirik.<\/p>\n<p>&nbsp;<\/p>\n<p>1.Qarabag \u0259razisind\u0259 f\u0259aliyy\u0259t g\u00f6st\u0259r\u0259n Rusiya s\u00fclhm\u0259raml\u0131lar\u0131 mandat\u0131na v\u0259 beyn\u0259lxalq h\u00fcquqa, m\u00f6vcud raz\u0131la\u015fmaya \u015f\u0259rtsiz riay\u0259t etm\u0259li, \u0259ks t\u0259qdird\u0259 Az\u0259rbaycan \u0259razisini t\u0259rk etm\u0259li;<\/p>\n<p>&nbsp;<\/p>\n<p>2.Rusiya h\u0259rb\u00e7il\u0259rinin may\u0131n 9-na planla\u015fd\u0131rd\u0131qlar\u0131 h\u0259rbi ke\u00e7id t\u0259dbirini v\u0259 onun h\u0259rbi \u015f\u0259h\u0259rcikd\u0259n k\u0259nar, m\u0259hz Xank\u0259ndind\u0259 ke\u00e7irm\u0259si Az\u0259rbaycan\u0131n suverenliyin\u0259 q\u0259sddir ve bu t\u0259dbirin Xank\u0259ndind\u0259 ke\u00e7irilm\u0259si l\u0259gv edilmeli.<\/p>\n<p>&nbsp;<\/p>\n<p>3.Rusiya r\u0259smil\u0259rinind\u0259n 1987-ci ild\u0259 AB\u015e il\u0259 SSR\u0130 aras\u0131nda imzalanan \u201cYax\u0131n v\u0259 orta m\u0259nzilli raketl\u0259rin m\u0259hv edilm\u0259si\u201dn\u0259 dair m\u00fcqavil\u0259nin t\u0259l\u0259bl\u0259rin\u0259 tamamil\u0259 zidd olaraq \u015eu\u015faya \u201c\u0130sg\u0259nd\u0259r M\u201d raketl\u0259rinin at\u0131lmas\u0131na ayd\u0131nl\u0131q g\u0259tirm\u0259sini v\u0259 bu m\u0259s\u0259l\u0259d\u0259 i\u015ftirak\u0131 olanlar\u0131n c\u0259zaland\u0131r\u0131mas\u0131n\u0131 t\u0259l\u0259b edirik.<\/p>\n<p>&nbsp;<\/p>\n<p>4.Biz Az\u0259rbaycan d\u00f6vl\u0259tinin \u0259razi b\u00fctovl\u00fcy\u00fcn\u00fcn, b\u00f6lg\u0259d\u0259,reqionda s\u00fclh\u00fcn v\u0259 bar\u0131\u015f\u0131n t\u0259r\u0259fdarlar\u0131 oldugumuzu b\u0259yan etm\u0259kl\u0259 yana\u015f\u0131 bu m\u0259sl\u0259ni daima diqq\u0259td\u0259 saxlayacag\u0131m\u0131z\u0131 b\u0259yan edirik.<\/p>\n<p>&nbsp;<\/p>\n<p>05-05-2021, Den Haaq<\/p>\n<\/div>\n<div dir=\"auto\"><span style=\"color: #ffffff;\">.<\/span><\/div>\n<div dir=\"auto\"><\/div>\n<div dir=\"auto\"><img decoding=\"async\" src=\"https:\/\/scontent.fgyd12-1.fna.fbcdn.net\/v\/t1.6435-9\/182244140_10226068363719717_1423633302381417622_n.jpg?_nc_cat=104&amp;ccb=1-3&amp;_nc_sid=730e14&amp;_nc_ohc=-6HUIGP--gEAX90SqKr&amp;_nc_ht=scontent.fgyd12-1.fna&amp;oh=910f7b9d4ab1882b1d81c06a5f04e3ef&amp;oe=60B90FD3\" alt=\"\u0412\u043e\u0437\u043c\u043e\u0436\u043d\u043e, \u044d\u0442\u043e \u0438\u0437\u043e\u0431\u0440\u0430\u0436\u0435\u043d\u0438\u0435 (Eldaniz Yusibov, \u0441\u0442\u043e\u0438\u0442 \u0438 \u043d\u0430 \u043e\u0442\u043a\u0440\u044b\u0442\u043e\u043c \u0432\u043e\u0437\u0434\u0443\u0445\u0435)\" \/><\/div>\n<div dir=\"auto\"><\/div>\n<div dir=\"auto\"><span style=\"color: #ffffff;\">.<\/span><\/div>\n<div dir=\"auto\"><\/div>\n<div dir=\"auto\"><img decoding=\"async\" src=\"https:\/\/scontent.fgyd12-1.fna.fbcdn.net\/v\/t1.6435-9\/182285985_10226068361759668_4659137031165354744_n.jpg?_nc_cat=103&amp;ccb=1-3&amp;_nc_sid=730e14&amp;_nc_ohc=tibhUgWz5usAX9jDKyg&amp;_nc_ht=scontent.fgyd12-1.fna&amp;oh=1c90f92c0857935fdfff93473d31d420&amp;oe=60B9034A\" alt=\"\u0412\u043e\u0437\u043c\u043e\u0436\u043d\u043e, \u044d\u0442\u043e \u0438\u0437\u043e\u0431\u0440\u0430\u0436\u0435\u043d\u0438\u0435 (3 \u0447\u0435\u043b\u043e\u0432\u0435\u043a\u0430, \u0432 \u0442\u043e\u043c \u0447\u0438\u0441\u043b\u0435 Rashad Sadigov, \u043b\u044e\u0434\u0438 \u0441\u0442\u043e\u044f\u0442 \u0438 \u043d\u0430 \u043e\u0442\u043a\u0440\u044b\u0442\u043e\u043c \u0432\u043e\u0437\u0434\u0443\u0445\u0435)\" \/><\/div>\n<div dir=\"auto\"><span style=\"color: #ffffff;\">.<\/span><\/div>\n<div dir=\"auto\"><\/div>\n<div dir=\"auto\"><img decoding=\"async\" src=\"https:\/\/scontent.fgyd12-1.fna.fbcdn.net\/v\/t1.6435-9\/182794293_2940536086226933_9201152369323091328_n.jpg?_nc_cat=102&amp;ccb=1-3&amp;_nc_sid=8bfeb9&amp;_nc_ohc=GIX5kdZVfqQAX_YjVj1&amp;_nc_ht=scontent.fgyd12-1.fna&amp;oh=24ffdbb53ebbcec51351a6cfcb954a23&amp;oe=60B74610\" alt=\"\u0412\u043e\u0437\u043c\u043e\u0436\u043d\u043e, \u044d\u0442\u043e \u0438\u0437\u043e\u0431\u0440\u0430\u0436\u0435\u043d\u0438\u0435 (\u043e\u0434\u0438\u043d \u0438\u043b\u0438 \u043d\u0435\u0441\u043a\u043e\u043b\u044c\u043a\u043e \u0447\u0435\u043b\u043e\u0432\u0435\u043a, \u043b\u044e\u0434\u0438 \u0441\u0442\u043e\u044f\u0442, \u043d\u0430 \u043e\u0442\u043a\u0440\u044b\u0442\u043e\u043c \u0432\u043e\u0437\u0434\u0443\u0445\u0435 \u0438 \u0434\u0435\u0440\u0435\u0432\u043e)\" \/><\/div>\n<div dir=\"auto\"><span style=\"color: #ffffff;\">.<\/span><\/div>\n<div dir=\"auto\"><\/div>\n<div dir=\"auto\"><img decoding=\"async\" src=\"https:\/\/scontent.fgyd12-1.fna.fbcdn.net\/v\/t1.6435-9\/182115902_2940536192893589_24593575112507464_n.jpg?_nc_cat=102&amp;ccb=1-3&amp;_nc_sid=8bfeb9&amp;_nc_ohc=YfU7nmvP2zsAX_Sks_3&amp;_nc_ht=scontent.fgyd12-1.fna&amp;oh=9b91ee8cafa630d8ed82b2c077bc551e&amp;oe=60B830DE\" alt=\"\u0412\u043e\u0437\u043c\u043e\u0436\u043d\u043e, \u044d\u0442\u043e \u0438\u0437\u043e\u0431\u0440\u0430\u0436\u0435\u043d\u0438\u0435 (3 \u0447\u0435\u043b\u043e\u0432\u0435\u043a\u0430 \u0438 \u043b\u044e\u0434\u0438 \u0441\u0442\u043e\u044f\u0442)\" \/><\/div>\n<div dir=\"auto\"><\/div>\n<div dir=\"auto\"><span style=\"color: #ffffff;\">.<\/span><\/div>\n<div dir=\"auto\"><img decoding=\"async\" src=\"https:\/\/scontent.fgyd12-1.fna.fbcdn.net\/v\/t1.6435-9\/182824027_2940536099560265_4611309418984323969_n.jpg?_nc_cat=102&amp;ccb=1-3&amp;_nc_sid=8bfeb9&amp;_nc_ohc=Ah9mHb9avCoAX__KnNB&amp;tn=KGHAr1-1T2JlKRv-&amp;_nc_ht=scontent.fgyd12-1.fna&amp;oh=e62a25cb8fccbe3691ee4c577ca76821&amp;oe=60B87EB2\" alt=\"\u0412\u043e\u0437\u043c\u043e\u0436\u043d\u043e, \u044d\u0442\u043e \u0438\u0437\u043e\u0431\u0440\u0430\u0436\u0435\u043d\u0438\u0435 (2 \u0447\u0435\u043b\u043e\u0432\u0435\u043a\u0430, \u043b\u044e\u0434\u0438 \u0441\u0442\u043e\u044f\u0442 \u0438 \u043d\u0430 \u043e\u0442\u043a\u0440\u044b\u0442\u043e\u043c \u0432\u043e\u0437\u0434\u0443\u0445\u0435)\" \/><\/div>\n<div dir=\"auto\"><\/div>\n<div dir=\"auto\"><\/div>\n<div dir=\"auto\"><span style=\"color: #ffffff;\">.<\/span><\/div>\n<div dir=\"auto\">Basta<\/div>\n<div dir=\"auto\"><\/div>\n","protected":false},"excerpt":{"rendered":"<p>Bu g\u00fcn bir qrup az\u0259rbaycanl\u0131 siyasi m\u00fchacir Rusiyan\u0131n Hollandiyadak\u0131 s\u0259firliyi qar\u015f\u0131s\u0131nda aksiya ke\u00e7iribl\u0259r. Aksiyada Rusiyan\u0131n Qaraba\u011fda, Kr\u0131mda, Osetiya v\u0259 Abxaziyada<\/p>\n","protected":false},"author":1,"featured_media":7462,"comment_status":"closed","ping_status":"closed","sticky":false,"template":"","format":"standard","meta":{"_jetpack_memberships_contains_paid_content":false,"footnotes":""},"categories":[29,36],"tags":[],"class_list":["post-7461","post","type-post","status-publish","format-standard","has-post-thumbnail","hentry","category-manset","category-siyast"],"aioseo_notices":[],"jetpack_featured_media_url":"https:\/\/basta2.com\/wp-content\/uploads\/2021\/05\/aksiya-holland.png","jetpack_sharing_enabled":true,"_links":{"self":[{"href":"https:\/\/basta2.com\/index.php?rest_route=\/wp\/v2\/posts\/7461","targetHints":{"allow":["GET"]}}],"collection":[{"href":"https:\/\/basta2.com\/index.php?rest_route=\/wp\/v2\/posts"}],"about":[{"href":"https:\/\/basta2.com\/index.php?rest_route=\/wp\/v2\/types\/post"}],"author":[{"embeddable":true,"href":"https:\/\/basta2.com\/index.php?rest_route=\/wp\/v2\/users\/1"}],"replies":[{"embeddable":true,"href":"https:\/\/basta2.com\/index.php?rest_route=%2Fwp%2Fv2%2Fcomments&post=7461"}],"version-history":[{"count":12,"href":"https:\/\/basta2.com\/index.php?rest_route=\/wp\/v2\/posts\/7461\/revisions"}],"predecessor-version":[{"id":7477,"href":"https:\/\/basta2.com\/index.php?rest_route=\/wp\/v2\/posts\/7461\/revisions\/7477"}],"wp:featuredmedia":[{"embeddable":true,"href":"https:\/\/basta2.com\/index.php?rest_route=\/wp\/v2\/media\/7462"}],"wp:attachment":[{"href":"https:\/\/basta2.com\/index.php?rest_route=%2Fwp%2Fv2%2Fmedia&parent=7461"}],"wp:term":[{"taxonomy":"category","embeddable":true,"href":"https:\/\/basta2.com\/index.php?rest_route=%2Fwp%2Fv2%2Fcategories&post=7461"},{"taxonomy":"post_tag","embeddable":true,"href":"https:\/\/basta2.com\/index.php?rest_route=%2Fwp%2Fv2%2Ftags&post=7461"}],"curies":[{"name":"wp","href":"https:\/\/api.w.org\/{rel}","templated":true}]}}