{"id":7666,"date":"2021-05-15T17:30:53","date_gmt":"2021-05-15T14:30:53","guid":{"rendered":"http:\/\/basta2.com\/?p=7666"},"modified":"2021-05-15T17:30:53","modified_gmt":"2021-05-15T14:30:53","slug":"avropa-ittifaqi-az%c9%99rbaycanla-erm%c9%99nistan-arasinda-texniki-%c9%99laq%c9%99l%c9%99ri-alqislayir","status":"publish","type":"post","link":"https:\/\/basta2.com\/?p=7666","title":{"rendered":"Avropa \u0130ttifaq\u0131 Az\u0259rbaycanla Erm\u0259nistan aras\u0131nda &#8220;texniki \u0259laq\u0259l\u0259ri&#8221; alq\u0131\u015flay\u0131r"},"content":{"rendered":"<p>Avropa \u0130ttifaq\u0131 Erm\u0259nistan-Az\u0259rbaycan s\u0259rh\u0259ddind\u0259 ba\u015f ver\u0259n narahatedici hadis\u0259l\u0259ri diqq\u0259tl\u0259 izl\u0259yir.Bunu \u00f6t\u0259n g\u00fcn Avropa \u0130ttifaq\u0131 diplomatiyas\u0131n\u0131n r\u0259hb\u0259ri Jozep Borrel bildirib.<\/p>\n<p>&nbsp;<\/p>\n<p>&#8220;Avropa xarici siyas\u0259t xidm\u0259tinin ba\u015f katibi Stefano Sannino C\u00fcm\u0259 ax\u015fam\u0131 m\u0259nim ad\u0131mdan Erm\u0259nistan v\u0259 Az\u0259rbaycan xarici i\u015fl\u0259r nazirl\u0259ri il\u0259 s\u00f6hb\u0259t edib, h\u0259r iki t\u0259r\u0259fi maksimum t\u0259mkinlilik g\u00f6st\u0259rm\u0259y\u0259 v\u0259 eskalasiyan\u0131 azaltma\u011fa \u00e7a\u011f\u0131r\u0131b&#8221;, &#8211; Borrelin b\u0259yanat\u0131nda deyilir.<\/p>\n<p>&nbsp;<\/p>\n<p>\u201cS\u0259rh\u0259dl\u0259rin delimitasiyas\u0131 v\u0259 demarkasiyas\u0131 yerli \u0259halinin t\u0259hl\u00fck\u0259sizliyi namin\u0259 dan\u0131\u015f\u0131qlar yolu il\u0259 h\u0259ll olunmal\u0131d\u0131r. Biz iki t\u0259r\u0259f aras\u0131nda texniki s\u0259viyy\u0259d\u0259 davam ed\u0259n \u0259laq\u0259l\u0259ri alq\u0131\u015flay\u0131r\u0131q&#8221;, &#8211;\u00a0 Borrel qeyd edib.<\/p>\n<p>&nbsp;<\/p>\n<p>Basta<\/p>\n","protected":false},"excerpt":{"rendered":"<p>Avropa \u0130ttifaq\u0131 Erm\u0259nistan-Az\u0259rbaycan s\u0259rh\u0259ddind\u0259 ba\u015f ver\u0259n narahatedici hadis\u0259l\u0259ri diqq\u0259tl\u0259 izl\u0259yir.Bunu \u00f6t\u0259n g\u00fcn Avropa \u0130ttifaq\u0131 diplomatiyas\u0131n\u0131n r\u0259hb\u0259ri Jozep Borrel bildirib. &nbsp;<\/p>\n","protected":false},"author":1,"featured_media":7667,"comment_status":"closed","ping_status":"closed","sticky":false,"template":"","format":"standard","meta":{"_jetpack_memberships_contains_paid_content":false,"footnotes":""},"categories":[29,36],"tags":[],"class_list":["post-7666","post","type-post","status-publish","format-standard","has-post-thumbnail","hentry","category-manset","category-siyast"],"aioseo_notices":[],"jetpack_featured_media_url":"https:\/\/basta2.com\/wp-content\/uploads\/2021\/05\/borrel.jpg","jetpack_sharing_enabled":true,"_links":{"self":[{"href":"https:\/\/basta2.com\/index.php?rest_route=\/wp\/v2\/posts\/7666","targetHints":{"allow":["GET"]}}],"collection":[{"href":"https:\/\/basta2.com\/index.php?rest_route=\/wp\/v2\/posts"}],"about":[{"href":"https:\/\/basta2.com\/index.php?rest_route=\/wp\/v2\/types\/post"}],"author":[{"embeddable":true,"href":"https:\/\/basta2.com\/index.php?rest_route=\/wp\/v2\/users\/1"}],"replies":[{"embeddable":true,"href":"https:\/\/basta2.com\/index.php?rest_route=%2Fwp%2Fv2%2Fcomments&post=7666"}],"version-history":[{"count":1,"href":"https:\/\/basta2.com\/index.php?rest_route=\/wp\/v2\/posts\/7666\/revisions"}],"predecessor-version":[{"id":7668,"href":"https:\/\/basta2.com\/index.php?rest_route=\/wp\/v2\/posts\/7666\/revisions\/7668"}],"wp:featuredmedia":[{"embeddable":true,"href":"https:\/\/basta2.com\/index.php?rest_route=\/wp\/v2\/media\/7667"}],"wp:attachment":[{"href":"https:\/\/basta2.com\/index.php?rest_route=%2Fwp%2Fv2%2Fmedia&parent=7666"}],"wp:term":[{"taxonomy":"category","embeddable":true,"href":"https:\/\/basta2.com\/index.php?rest_route=%2Fwp%2Fv2%2Fcategories&post=7666"},{"taxonomy":"post_tag","embeddable":true,"href":"https:\/\/basta2.com\/index.php?rest_route=%2Fwp%2Fv2%2Ftags&post=7666"}],"curies":[{"name":"wp","href":"https:\/\/api.w.org\/{rel}","templated":true}]}}