{"id":7769,"date":"2021-05-20T10:10:52","date_gmt":"2021-05-20T07:10:52","guid":{"rendered":"http:\/\/basta2.com\/?p=7769"},"modified":"2021-05-20T10:10:52","modified_gmt":"2021-05-20T07:10:52","slug":"netanyahu-baydenin-q%c9%99zzada-h%c9%99rbi-%c9%99m%c9%99liyyalatlari-azaltmaq-cagirisini-r%c9%99dd-edib","status":"publish","type":"post","link":"https:\/\/basta2.com\/?p=7769","title":{"rendered":"Netanyahu Baydenin Q\u0259zzada h\u0259rbi \u0259m\u0259liyyalatlar\u0131 azaltmaq \u00e7a\u011f\u0131r\u0131\u015f\u0131n\u0131 r\u0259dd edib"},"content":{"rendered":"<p>\u0130srailin Ba\u015f naziri Benyamin Netanyahu AB\u015e prezidenti Co Baydenin \u0130srailin Q\u0259zza zola\u011f\u0131ndak\u0131 H\u0259mas yaraql\u0131lar\u0131n\u0131 bombardman etm\u0259sini &#8220;\u0259h\u0259miyy\u0259tli d\u0259r\u0259c\u0259d\u0259 azaltmaq&#8221; \u00e7a\u011f\u0131r\u0131\u015f\u0131n\u0131 r\u0259dd edib.<\/p>\n<p>&nbsp;<\/p>\n<p>Bu,10 g\u00fcnl\u00fck h\u0259rbi \u0259m\u0259liyyatlarda at\u0259\u015fk\u0259s\u0259 s\u0259b\u0259b ola bil\u0259rdi. Bunun \u0259v\u0259zin\u0259 Ba\u015f nazir Netanyahu verdiyi a\u00e7\u0131qlamada \u201cbu \u0259m\u0259liyyat\u0131 m\u0259qs\u0259din\u0259 \u00e7atana q\u0259d\u0259r davam etdirm\u0259y\u0259 q\u0259rarl\u0131 oldu\u011funu\u201d deyib.<\/p>\n<p>&nbsp;<\/p>\n<p>Q\u0259zzan\u0131n S\u0259hiyy\u0259 Nazirliyinin verdiyi m\u0259lumata g\u00f6r\u0259, d\u00f6y\u00fc\u015fl\u0259rin ba\u015flad\u0131\u011f\u0131 may\u0131n b\u0259ri \u0130srail z\u0259rb\u0259l\u0259ri \u0259n az\u0131 63 u\u015faq daxil olmaqla, 217 F\u0259l\u0259stinlini \u00f6ld\u00fcr\u00fcl\u00fcb. Raket h\u00fccumlar\u0131nda 6 ya\u015f\u0131ndak\u0131 bir u\u015faq da daxil olmaqla, az\u0131 12 \u0130srail \u00f6l\u00fcb.<\/p>\n<p>&nbsp;<\/p>\n<p>Netanyahu \u201cAmerika prezidentinin d\u0259st\u0259yini \u00e7ox t\u0259qdir etdiyini\u201d, lakin \u0130srailin \u201csakitlik v\u0259 t\u0259hl\u00fck\u0259sizliyi \u0130srail v\u0259t\u0259nda\u015flar\u0131na qaytarmaq \u00fc\u00e7\u00fcn\u201d ir\u0259lil\u0259y\u0259c\u0259yini bildirib.<\/p>\n<p>&nbsp;<\/p>\n<p>BMT zorak\u0131l\u0131qlara son qoyulmas\u0131 \u00fc\u00e7\u00fcn vasit\u0259\u00e7ilik s\u0259yl\u0259rind\u0259 \u201caktiv i\u015ftirak etdiyini\u201d bildirib. BMT el\u0259c\u0259 d\u0259 yanacaqla dolu onlarla ma\u015f\u0131n\u0131 b\u00f6lg\u0259y\u0259 g\u00f6nd\u0259rdiyini v\u0259 yard\u0131m agentliyinin Q\u0259zzaya bundan ba\u015fqa he\u00e7 bir yard\u0131m etm\u0259diyini bildirib.<\/p>\n<p>&nbsp;<\/p>\n<p>Beyn\u0259lxalq t\u0259\u015fkilat \u0130srailin hava h\u00fccumlar\u0131n\u0131n Q\u0259zzadak\u0131 m\u00fclki infrastruktura, el\u0259c\u0259 d\u0259 COVID-19 test laboratoriyas\u0131 v\u0259 dig\u0259r sa\u011flaml\u0131q m\u00fc\u0259ssis\u0259l\u0259rin\u0259 vurdu\u011fu z\u0259r\u0259rl\u0259rl\u0259 \u0259laq\u0259dar narahatl\u0131\u011f\u0131n\u0131 ifad\u0259 edib.<\/p>\n<p>&nbsp;<\/p>\n<p>Amerikan\u0131n s\u0259si<\/p>\n","protected":false},"excerpt":{"rendered":"<p>\u0130srailin Ba\u015f naziri Benyamin Netanyahu AB\u015e prezidenti Co Baydenin \u0130srailin Q\u0259zza zola\u011f\u0131ndak\u0131 H\u0259mas yaraql\u0131lar\u0131n\u0131 bombardman etm\u0259sini &#8220;\u0259h\u0259miyy\u0259tli d\u0259r\u0259c\u0259d\u0259 azaltmaq&#8221; \u00e7a\u011f\u0131r\u0131\u015f\u0131n\u0131<\/p>\n","protected":false},"author":1,"featured_media":7770,"comment_status":"closed","ping_status":"closed","sticky":false,"template":"","format":"standard","meta":{"_jetpack_memberships_contains_paid_content":false,"footnotes":""},"categories":[32],"tags":[],"class_list":["post-7769","post","type-post","status-publish","format-standard","has-post-thumbnail","hentry","category-dunya"],"aioseo_notices":[],"jetpack_featured_media_url":"https:\/\/basta2.com\/wp-content\/uploads\/2021\/05\/netanuahu-bayden.jpg","jetpack_sharing_enabled":true,"_links":{"self":[{"href":"https:\/\/basta2.com\/index.php?rest_route=\/wp\/v2\/posts\/7769","targetHints":{"allow":["GET"]}}],"collection":[{"href":"https:\/\/basta2.com\/index.php?rest_route=\/wp\/v2\/posts"}],"about":[{"href":"https:\/\/basta2.com\/index.php?rest_route=\/wp\/v2\/types\/post"}],"author":[{"embeddable":true,"href":"https:\/\/basta2.com\/index.php?rest_route=\/wp\/v2\/users\/1"}],"replies":[{"embeddable":true,"href":"https:\/\/basta2.com\/index.php?rest_route=%2Fwp%2Fv2%2Fcomments&post=7769"}],"version-history":[{"count":1,"href":"https:\/\/basta2.com\/index.php?rest_route=\/wp\/v2\/posts\/7769\/revisions"}],"predecessor-version":[{"id":7771,"href":"https:\/\/basta2.com\/index.php?rest_route=\/wp\/v2\/posts\/7769\/revisions\/7771"}],"wp:featuredmedia":[{"embeddable":true,"href":"https:\/\/basta2.com\/index.php?rest_route=\/wp\/v2\/media\/7770"}],"wp:attachment":[{"href":"https:\/\/basta2.com\/index.php?rest_route=%2Fwp%2Fv2%2Fmedia&parent=7769"}],"wp:term":[{"taxonomy":"category","embeddable":true,"href":"https:\/\/basta2.com\/index.php?rest_route=%2Fwp%2Fv2%2Fcategories&post=7769"},{"taxonomy":"post_tag","embeddable":true,"href":"https:\/\/basta2.com\/index.php?rest_route=%2Fwp%2Fv2%2Ftags&post=7769"}],"curies":[{"name":"wp","href":"https:\/\/api.w.org\/{rel}","templated":true}]}}