{"id":8396,"date":"2021-06-25T05:28:18","date_gmt":"2021-06-25T02:28:18","guid":{"rendered":"http:\/\/basta2.com\/?p=8396"},"modified":"2021-06-25T05:28:18","modified_gmt":"2021-06-25T02:28:18","slug":"belarusa-qarsi-agir-sanksiyalar","status":"publish","type":"post","link":"https:\/\/basta2.com\/?p=8396","title":{"rendered":"Belarusa qar\u015f\u0131 a\u011f\u0131r sanksiyalar"},"content":{"rendered":"<p>Avropa Birliyi c\u00fcm\u0259 ax\u015fam\u0131 g\u00fcn\u00fc Belarusa qar\u015f\u0131 yeni iqtisadi sanksiyalar elan edib.<\/p>\n<p>&nbsp;<\/p>\n<p>\u201cBelarusda artan ciddi insan haqlar\u0131 pozuntular\u0131na, v\u0259t\u0259nda\u015f c\u0259miyy\u0259tin\u0259, demokratik m\u00fcxalif\u0259t\u0259 v\u0259 jurnalistl\u0259r\u0259 qar\u015f\u0131 amans\u0131z repressiyalara, Ryanair t\u0259yyar\u0259sinin 23 may 2021-ci ild\u0259 Minsk\u0259 m\u0259cburi endirilm\u0259si v\u0259 jurnalist Roman Protasevi\u00e7in tutulmas\u0131na cavab olaraq, Belarus rejimin\u0259 qar\u015f\u0131 yeni m\u0259hdudla\u015fd\u0131r\u0131c\u0131 t\u0259dbirl\u0259r t\u0259tbiq edilib&#8221; &#8211; dey\u0259, Avropa Birliyinin\u00a0 r\u0259smi a\u00e7\u0131qlamas\u0131nda bildirilir.<\/p>\n<p>&nbsp;<\/p>\n<p>AB Belarusdan kalium g\u00fcbr\u0259l\u0259rinin, neft m\u0259hsullar\u0131n\u0131n v\u0259 \u201ct\u00fct\u00fcn m\u0259hsullar\u0131n\u0131n istehsal\u0131nda istifad\u0259 olunan mallar\u0131n\u201d al\u0131nmas\u0131na embarqo qoyub.<\/p>\n<p>&nbsp;<\/p>\n<p>Bu sanksiyalar\u0131n t\u0259tbiqi bar\u0259d\u0259 AB xarici i\u015fl\u0259r nazirl\u0259rinin \u00f6t\u0259n h\u0259ft\u0259 ke\u00e7iril\u0259n toplant\u0131s\u0131nda raz\u0131l\u0131\u011fa g\u0259linmi\u015fdi. Belarusun Xarici \u0130\u015fl\u0259r Nazirliyi bu q\u0259rar\u0131 \u00f6lk\u0259y\u0259 qar\u015f\u0131 iqtisadi m\u00fcharib\u0259 kimi qiym\u0259tl\u0259ndirib.<\/p>\n<p>&nbsp;<\/p>\n<p>Basta<\/p>\n<p>&nbsp;<\/p>\n","protected":false},"excerpt":{"rendered":"<p>Avropa Birliyi c\u00fcm\u0259 ax\u015fam\u0131 g\u00fcn\u00fc Belarusa qar\u015f\u0131 yeni iqtisadi sanksiyalar elan edib. &nbsp; \u201cBelarusda artan ciddi insan haqlar\u0131 pozuntular\u0131na, v\u0259t\u0259nda\u015f<\/p>\n","protected":false},"author":1,"featured_media":1693,"comment_status":"closed","ping_status":"closed","sticky":false,"template":"","format":"standard","meta":{"_jetpack_memberships_contains_paid_content":false,"footnotes":""},"categories":[32,29],"tags":[],"class_list":["post-8396","post","type-post","status-publish","format-standard","has-post-thumbnail","hentry","category-dunya","category-manset"],"aioseo_notices":[],"jetpack_featured_media_url":"https:\/\/basta2.com\/wp-content\/uploads\/2020\/08\/luka-2.jpg","jetpack_sharing_enabled":true,"_links":{"self":[{"href":"https:\/\/basta2.com\/index.php?rest_route=\/wp\/v2\/posts\/8396","targetHints":{"allow":["GET"]}}],"collection":[{"href":"https:\/\/basta2.com\/index.php?rest_route=\/wp\/v2\/posts"}],"about":[{"href":"https:\/\/basta2.com\/index.php?rest_route=\/wp\/v2\/types\/post"}],"author":[{"embeddable":true,"href":"https:\/\/basta2.com\/index.php?rest_route=\/wp\/v2\/users\/1"}],"replies":[{"embeddable":true,"href":"https:\/\/basta2.com\/index.php?rest_route=%2Fwp%2Fv2%2Fcomments&post=8396"}],"version-history":[{"count":1,"href":"https:\/\/basta2.com\/index.php?rest_route=\/wp\/v2\/posts\/8396\/revisions"}],"predecessor-version":[{"id":8397,"href":"https:\/\/basta2.com\/index.php?rest_route=\/wp\/v2\/posts\/8396\/revisions\/8397"}],"wp:featuredmedia":[{"embeddable":true,"href":"https:\/\/basta2.com\/index.php?rest_route=\/wp\/v2\/media\/1693"}],"wp:attachment":[{"href":"https:\/\/basta2.com\/index.php?rest_route=%2Fwp%2Fv2%2Fmedia&parent=8396"}],"wp:term":[{"taxonomy":"category","embeddable":true,"href":"https:\/\/basta2.com\/index.php?rest_route=%2Fwp%2Fv2%2Fcategories&post=8396"},{"taxonomy":"post_tag","embeddable":true,"href":"https:\/\/basta2.com\/index.php?rest_route=%2Fwp%2Fv2%2Ftags&post=8396"}],"curies":[{"name":"wp","href":"https:\/\/api.w.org\/{rel}","templated":true}]}}