{"id":8479,"date":"2021-07-01T19:38:47","date_gmt":"2021-07-01T16:38:47","guid":{"rendered":"http:\/\/basta2.com\/?p=8479"},"modified":"2021-07-01T19:38:47","modified_gmt":"2021-07-01T16:38:47","slug":"t%c9%99brizd%c9%99-etiraz-aksiyalari-kecirilib-video","status":"publish","type":"post","link":"https:\/\/basta2.com\/?p=8479","title":{"rendered":"T\u0259brizd\u0259 etiraz aksiyalar\u0131 ke\u00e7irilib-V\u0130DEO"},"content":{"rendered":"<div class=\"content_text_quote\">\n<p class=\"text_m\">Son iki g\u00fcnd\u0259 T\u0259brizin bir ne\u00e7\u0259 b\u00f6lg\u0259sind\u0259 m\u00fcxt\u0259lif probleml\u0259rl\u0259 ba\u011fl\u0131 \u00fc\u00e7 etiraz aksiyas\u0131 ke\u00e7irilib.<\/p>\n<p>&nbsp;<\/p>\n<\/div>\n<article class=\"post_page_descr\">Veril\u0259n m\u0259lumatlara g\u00f6r\u0259, iyunun 29-da bir qrup h\u0259kim v\u0259 \u0259cza\u00e7\u0131 T\u0259briz Tibb Elml\u0259ri Universitetinin binas\u0131 qar\u015f\u0131s\u0131nda topla\u015f\u0131b.<\/p>\n<p>&nbsp;<\/p>\n<p>Onlar\u00a0\u0259m\u0259k haqlar\u0131n\u0131n azl\u0131\u011f\u0131na, qanunla n\u0259z\u0259rd\u0259 tutulmu\u015f h\u00fcquqlar\u0131n\u0131n pozulmas\u0131na v\u0259 H\u0259kiml\u0259r Birliyinin ir\u0259li s\u00fcrd\u00fcy\u00fc t\u0259l\u0259bl\u0259rin\u00a0\u0259laq\u0259dar d\u00f6vl\u0259t qurumlar\u0131 t\u0259r\u0259find\u0259n cavabs\u0131z qalmas\u0131na etiraz edibl\u0259r.<\/p>\n<p>&nbsp;<\/p>\n<p>S\u0259hiyy\u0259 i\u015f\u00e7il\u0259ri d\u00f6vl\u0259tin n\u0259zar\u0259tind\u0259 olan m\u0259tbuat\u0131n q\u0259r\u0259zli m\u00f6vqeyini q\u0131nay\u0131b, \u00fcz\u0259rind\u0259 \u201cH\u0259kiml\u0259r Birliyi yalq\u0131zd\u0131r, m\u0259tbuat\u0131n yayd\u0131\u011f\u0131 \u015fayi\u0259l\u0259r\u0259 inanmay\u0131n\u201d m\u0259zmunlu plakat qald\u0131r\u0131b,\u00a0\u00a0v\u0259r\u0259q\u0259l\u0259r yay\u0131blar.<\/p>\n<p>&nbsp;<\/p>\n<p>T\u0259brizin \u201cO\u011flu\u201d \u015f\u0259h\u0259rciyinin sakinl\u0259ri is\u0259 i\u00e7m\u0259li su problemin\u0259 etirz edib. Onlar\u00a0ara-s\u0131ra veril\u0259n suyun istifad\u0259y\u0259 yarars\u0131z oldu\u011funu bildiribl\u0259r.<\/p>\n<p>&nbsp;<\/p>\n<p>Su \u0130dar\u0259sinin qar\u015f\u0131s\u0131nda v\u0259 \u015f\u0259h\u0259rin m\u00fcxt\u0259lif yerl\u0259rind\u0259 topla\u015faraq naraz\u0131lar \u0259laq\u0259dar t\u0259\u015fkilatlar\u0131n v\u0259 m\u0259sullar\u0131n onlar\u0131n probleml\u0259rin\u0259 laqeyd yana\u015fd\u0131qlar\u0131n\u0131\u00a0bildiribl\u0259r.<\/p>\n<p>&nbsp;<\/p>\n<p>Eyni halda bu g\u00fcn s\u0259h\u0259r saatlar\u0131nda T\u0259brizin \u201cVadi R\u0259hm\u0259t\u201d q\u0259bristanl\u0131\u011f\u0131nda m\u00fcqavil\u0259 v\u0259 kiray\u0259 qar\u015f\u0131l\u0131\u011f\u0131nda \u00e7al\u0131\u015fan c\u0259naz\u0259 ma\u015f\u0131nlar\u0131n\u0131n s\u00fcr\u00fcc\u00fcl\u0259ri, c\u0259naz\u0259 ma\u015f\u0131nlar\u0131n\u0131 \u015f\u0259h\u0259r k\u00fc\u00e7\u0259l\u0259rind\u0259 s\u00fcr\u0259r\u0259k \u0259m\u0259k v\u0259 kiray\u0259 haqlar\u0131n\u0131n \u00f6d\u0259nilm\u0259m\u0259sin\u0259 etiraz edibl\u0259r.<\/p>\n<p>&nbsp;<\/p>\n<p>Bu g\u00fcn g\u00fcnorta saatlar\u0131nda is\u0259 \u015e\u0259rqi Az\u0259rbaycan \u0259yal\u0259tinin Telekommunikasiya \u015eirk\u0259tinin i\u015f\u00e7il\u0259ri qurumun r\u0259hb\u0259rinin ofisi qar\u015f\u0131s\u0131nda \u0259m\u0259k haqlar\u0131n\u0131n \u00a0gecikdirildiyin\u0259 etiraz edibl\u0259r.<\/p>\n<p>&nbsp;<\/p>\n<p>&nbsp;<\/p>\n<div class=\"embeddedContent oembed-provider- oembed-provider-youtube\" data-align=\"none\" data-oembed=\"https:\/\/www.youtube.com\/watch?v=NcVBv5Bijn8\" data-oembed_provider=\"youtube\" data-resizetype=\"noresize\" data-title=\"T\"><iframe loading=\"lazy\" title=\"T\" src=\"https:\/\/www.youtube.com\/embed\/NcVBv5Bijn8?wmode=transparent&amp;jqoemcache=X71ED\" width=\"425\" height=\"349\" frameborder=\"0\" scrolling=\"no\" allowfullscreen=\"allowfullscreen\" data-mce-fragment=\"1\"><\/iframe><\/div>\n<div class=\"embeddedContent oembed-provider- oembed-provider-youtube\" data-align=\"none\" data-oembed=\"https:\/\/www.youtube.com\/watch?v=Xt-wS30NnNY\" data-oembed_provider=\"youtube\" data-resizetype=\"noresize\" data-title=\"V\"><iframe loading=\"lazy\" title=\"V\" src=\"https:\/\/www.youtube.com\/embed\/Xt-wS30NnNY?wmode=transparent&amp;jqoemcache=Lmlga\" width=\"425\" height=\"349\" frameborder=\"0\" scrolling=\"no\" allowfullscreen=\"allowfullscreen\" data-mce-fragment=\"1\"><\/iframe><\/div>\n<p>&nbsp;<\/p>\n<p>G\u00fcnaz. TV<\/p>\n<\/article>\n","protected":false},"excerpt":{"rendered":"<p>Son iki g\u00fcnd\u0259 T\u0259brizin bir ne\u00e7\u0259 b\u00f6lg\u0259sind\u0259 m\u00fcxt\u0259lif probleml\u0259rl\u0259 ba\u011fl\u0131 \u00fc\u00e7 etiraz aksiyas\u0131 ke\u00e7irilib. &nbsp; Veril\u0259n m\u0259lumatlara g\u00f6r\u0259, iyunun 29-da<\/p>\n","protected":false},"author":1,"featured_media":8480,"comment_status":"closed","ping_status":"closed","sticky":false,"template":"","format":"standard","meta":{"_jetpack_memberships_contains_paid_content":false,"footnotes":""},"categories":[30,29],"tags":[],"class_list":["post-8479","post","type-post","status-publish","format-standard","has-post-thumbnail","hentry","category-gundm","category-manset"],"aioseo_notices":[],"jetpack_featured_media_url":"https:\/\/basta2.com\/wp-content\/uploads\/2021\/07\/tebrizde-bir-nece-etiraz-aksiyasi-kecirilib-video-0-1625136670.jpg","jetpack_sharing_enabled":true,"_links":{"self":[{"href":"https:\/\/basta2.com\/index.php?rest_route=\/wp\/v2\/posts\/8479","targetHints":{"allow":["GET"]}}],"collection":[{"href":"https:\/\/basta2.com\/index.php?rest_route=\/wp\/v2\/posts"}],"about":[{"href":"https:\/\/basta2.com\/index.php?rest_route=\/wp\/v2\/types\/post"}],"author":[{"embeddable":true,"href":"https:\/\/basta2.com\/index.php?rest_route=\/wp\/v2\/users\/1"}],"replies":[{"embeddable":true,"href":"https:\/\/basta2.com\/index.php?rest_route=%2Fwp%2Fv2%2Fcomments&post=8479"}],"version-history":[{"count":1,"href":"https:\/\/basta2.com\/index.php?rest_route=\/wp\/v2\/posts\/8479\/revisions"}],"predecessor-version":[{"id":8481,"href":"https:\/\/basta2.com\/index.php?rest_route=\/wp\/v2\/posts\/8479\/revisions\/8481"}],"wp:featuredmedia":[{"embeddable":true,"href":"https:\/\/basta2.com\/index.php?rest_route=\/wp\/v2\/media\/8480"}],"wp:attachment":[{"href":"https:\/\/basta2.com\/index.php?rest_route=%2Fwp%2Fv2%2Fmedia&parent=8479"}],"wp:term":[{"taxonomy":"category","embeddable":true,"href":"https:\/\/basta2.com\/index.php?rest_route=%2Fwp%2Fv2%2Fcategories&post=8479"},{"taxonomy":"post_tag","embeddable":true,"href":"https:\/\/basta2.com\/index.php?rest_route=%2Fwp%2Fv2%2Ftags&post=8479"}],"curies":[{"name":"wp","href":"https:\/\/api.w.org\/{rel}","templated":true}]}}