{"id":8574,"date":"2021-07-09T08:39:45","date_gmt":"2021-07-09T05:39:45","guid":{"rendered":"http:\/\/basta2.com\/?p=8574"},"modified":"2021-07-09T08:39:45","modified_gmt":"2021-07-09T05:39:45","slug":"az%c9%99rbaycan-turkiy%c9%99-v%c9%99-gurcustan-birg%c9%99-t%c9%99lim-kecir%c9%99c%c9%99k","status":"publish","type":"post","link":"https:\/\/basta2.com\/?p=8574","title":{"rendered":"Az\u0259rbaycan, T\u00fcrkiy\u0259 v\u0259 G\u00fcrc\u00fcstan birg\u0259 t\u0259lim ke\u00e7ir\u0259c\u0259k"},"content":{"rendered":"<p>T\u00fcrkiy\u0259, Az\u0259rbaycan v\u0259 G\u00fcrc\u00fcstan\u0131n i\u015ftirak\u0131 il\u0259 4-8 oktyabr 2021 tarixl\u0259ri aras\u0131nda ke\u00e7iril\u0259c\u0259k \u201cEternity-2021 t\u0259limi&#8221;nin ilk planla\u015fd\u0131rma iclas\u0131 ke\u00e7irilib.<\/p>\n<p>Bu bar\u0259d\u0259 T\u00fcrkiy\u0259 Milli M\u00fcdafi\u0259 Nazirliyi m\u0259lumat yay\u0131b.<\/p>\n<p>&nbsp;<\/p>\n<p>Qeyd olunub ki, iclas Quru Q\u00fcvv\u0259l\u0259ri T\u0259lim \u0130dar\u0259etm\u0259 M\u0259rk\u0259zi Komandanl\u0131\u011f\u0131nda videokonfrans \u015f\u0259klind\u0259 ke\u00e7irilib.<\/p>\n<p>&nbsp;<\/p>\n<p>APA<\/p>\n","protected":false},"excerpt":{"rendered":"<p>T\u00fcrkiy\u0259, Az\u0259rbaycan v\u0259 G\u00fcrc\u00fcstan\u0131n i\u015ftirak\u0131 il\u0259 4-8 oktyabr 2021 tarixl\u0259ri aras\u0131nda ke\u00e7iril\u0259c\u0259k \u201cEternity-2021 t\u0259limi&#8221;nin ilk planla\u015fd\u0131rma iclas\u0131 ke\u00e7irilib. Bu bar\u0259d\u0259<\/p>\n","protected":false},"author":1,"featured_media":6453,"comment_status":"closed","ping_status":"closed","sticky":false,"template":"","format":"standard","meta":{"_jetpack_memberships_contains_paid_content":false,"footnotes":""},"categories":[29],"tags":[],"class_list":["post-8574","post","type-post","status-publish","format-standard","has-post-thumbnail","hentry","category-manset"],"aioseo_notices":[],"jetpack_featured_media_url":"https:\/\/basta2.com\/wp-content\/uploads\/2021\/03\/telim3.jpg","jetpack_sharing_enabled":true,"_links":{"self":[{"href":"https:\/\/basta2.com\/index.php?rest_route=\/wp\/v2\/posts\/8574","targetHints":{"allow":["GET"]}}],"collection":[{"href":"https:\/\/basta2.com\/index.php?rest_route=\/wp\/v2\/posts"}],"about":[{"href":"https:\/\/basta2.com\/index.php?rest_route=\/wp\/v2\/types\/post"}],"author":[{"embeddable":true,"href":"https:\/\/basta2.com\/index.php?rest_route=\/wp\/v2\/users\/1"}],"replies":[{"embeddable":true,"href":"https:\/\/basta2.com\/index.php?rest_route=%2Fwp%2Fv2%2Fcomments&post=8574"}],"version-history":[{"count":1,"href":"https:\/\/basta2.com\/index.php?rest_route=\/wp\/v2\/posts\/8574\/revisions"}],"predecessor-version":[{"id":8575,"href":"https:\/\/basta2.com\/index.php?rest_route=\/wp\/v2\/posts\/8574\/revisions\/8575"}],"wp:featuredmedia":[{"embeddable":true,"href":"https:\/\/basta2.com\/index.php?rest_route=\/wp\/v2\/media\/6453"}],"wp:attachment":[{"href":"https:\/\/basta2.com\/index.php?rest_route=%2Fwp%2Fv2%2Fmedia&parent=8574"}],"wp:term":[{"taxonomy":"category","embeddable":true,"href":"https:\/\/basta2.com\/index.php?rest_route=%2Fwp%2Fv2%2Fcategories&post=8574"},{"taxonomy":"post_tag","embeddable":true,"href":"https:\/\/basta2.com\/index.php?rest_route=%2Fwp%2Fv2%2Ftags&post=8574"}],"curies":[{"name":"wp","href":"https:\/\/api.w.org\/{rel}","templated":true}]}}