{"id":8833,"date":"2021-07-28T09:06:19","date_gmt":"2021-07-28T06:06:19","guid":{"rendered":"http:\/\/basta2.com\/?p=8833"},"modified":"2021-07-28T09:37:27","modified_gmt":"2021-07-28T06:37:27","slug":"bu-gun-moskvada-az%c9%99rbaycan-v%c9%99-erm%c9%99nistan-mudafi%c9%99-nazirl%c9%99rinin-gorusu-planlasdirilir","status":"publish","type":"post","link":"https:\/\/basta2.com\/?p=8833","title":{"rendered":"Bu g\u00fcn Moskvada Az\u0259rbaycan, Erm\u0259nistan v\u0259 Rusiya m\u00fcdafi\u0259 nazirl\u0259rinin g\u00f6r\u00fc\u015f\u00fc planla\u015fd\u0131r\u0131l\u0131r"},"content":{"rendered":"<p>Bu g\u00fcn Moskvada Az\u0259rbaycan, Erm\u0259nistan v\u0259 Rusiya m\u00fcdafi\u0259 nazirl\u0259rinin i\u015ftirak\u0131 il\u0259 \u00fc\u00e7t\u0259r\u0259fli g\u00f6r\u00fc\u015f planla\u015fd\u0131r\u0131l\u0131r.\u00a0 Bu haqda Erm\u0259nistan M\u00fcdafi\u0259 Nazirliyinin m\u0259tbuat xidm\u0259ti m\u0259lumat yay\u0131b.<\/p>\n<p>&nbsp;<\/p>\n<p>\u00d6t\u0259n gec\u0259 K\u0259lb\u0259c\u0259rd\u0259 ba\u015f ver\u0259n lokal d\u00f6y\u00fc\u015fl\u0259r bu dan\u0131\u015f\u0131qlarla \u0259laq\u0259l\u0259ndirilir. M\u0259lumatda deyilir ki, Az\u0259rbaycan t\u0259r\u0259fi g\u00f6r\u00fc\u015f \u0259r\u0259f\u0259sind\u0259 &#8220;ir\u0259lil\u0259m\u0259k \u00fc\u00e7\u00fcn \u0259lveri\u015fli \u015f\u0259rait yaradaraq m\u00f6vqel\u0259rini yax\u015f\u0131la\u015fd\u0131rma\u011fa \u00e7al\u0131\u015f\u0131r&#8221;.<\/p>\n<p>&nbsp;<\/p>\n<p>Qeyd ed\u0259k ki, \u00f6t\u0259n gec\u0259 ba\u015f ver\u0259n lokal d\u00f6y\u00fc\u015fl\u0259r n\u0259tic\u0259sind\u0259 Az\u0259rbaycan ordusunun iki h\u0259rb\u00e7isi yaralan\u0131b. Erm\u0259nistan t\u0259r\u0259fi is\u0259 \u00fc\u00e7 h\u0259rb\u00e7isinin h\u0259lak oldu\u011fu, ikisinin yaraland\u0131\u011f\u0131 bar\u0259d\u0259 m\u0259lumat yay\u0131b.<\/p>\n<p>&nbsp;<\/p>\n<p>Basta<\/p>\n","protected":false},"excerpt":{"rendered":"<p>Bu g\u00fcn Moskvada Az\u0259rbaycan, Erm\u0259nistan v\u0259 Rusiya m\u00fcdafi\u0259 nazirl\u0259rinin i\u015ftirak\u0131 il\u0259 \u00fc\u00e7t\u0259r\u0259fli g\u00f6r\u00fc\u015f planla\u015fd\u0131r\u0131l\u0131r.\u00a0 Bu haqda Erm\u0259nistan M\u00fcdafi\u0259 Nazirliyinin m\u0259tbuat<\/p>\n","protected":false},"author":1,"featured_media":8834,"comment_status":"closed","ping_status":"closed","sticky":false,"template":"","format":"standard","meta":{"_jetpack_memberships_contains_paid_content":false,"footnotes":""},"categories":[29,36],"tags":[],"class_list":["post-8833","post","type-post","status-publish","format-standard","has-post-thumbnail","hentry","category-manset","category-siyast"],"aioseo_notices":[],"jetpack_featured_media_url":"https:\/\/basta2.com\/wp-content\/uploads\/2021\/07\/424468652.jpg","jetpack_sharing_enabled":true,"_links":{"self":[{"href":"https:\/\/basta2.com\/index.php?rest_route=\/wp\/v2\/posts\/8833","targetHints":{"allow":["GET"]}}],"collection":[{"href":"https:\/\/basta2.com\/index.php?rest_route=\/wp\/v2\/posts"}],"about":[{"href":"https:\/\/basta2.com\/index.php?rest_route=\/wp\/v2\/types\/post"}],"author":[{"embeddable":true,"href":"https:\/\/basta2.com\/index.php?rest_route=\/wp\/v2\/users\/1"}],"replies":[{"embeddable":true,"href":"https:\/\/basta2.com\/index.php?rest_route=%2Fwp%2Fv2%2Fcomments&post=8833"}],"version-history":[{"count":2,"href":"https:\/\/basta2.com\/index.php?rest_route=\/wp\/v2\/posts\/8833\/revisions"}],"predecessor-version":[{"id":8836,"href":"https:\/\/basta2.com\/index.php?rest_route=\/wp\/v2\/posts\/8833\/revisions\/8836"}],"wp:featuredmedia":[{"embeddable":true,"href":"https:\/\/basta2.com\/index.php?rest_route=\/wp\/v2\/media\/8834"}],"wp:attachment":[{"href":"https:\/\/basta2.com\/index.php?rest_route=%2Fwp%2Fv2%2Fmedia&parent=8833"}],"wp:term":[{"taxonomy":"category","embeddable":true,"href":"https:\/\/basta2.com\/index.php?rest_route=%2Fwp%2Fv2%2Fcategories&post=8833"},{"taxonomy":"post_tag","embeddable":true,"href":"https:\/\/basta2.com\/index.php?rest_route=%2Fwp%2Fv2%2Ftags&post=8833"}],"curies":[{"name":"wp","href":"https:\/\/api.w.org\/{rel}","templated":true}]}}