{"id":8837,"date":"2021-07-28T09:33:22","date_gmt":"2021-07-28T06:33:22","guid":{"rendered":"http:\/\/basta2.com\/?p=8837"},"modified":"2021-07-28T09:52:20","modified_gmt":"2021-07-28T06:52:20","slug":"k%c9%99lb%c9%99c%c9%99rd%c9%99n-son-x%c9%99b%c9%99r","status":"publish","type":"post","link":"https:\/\/basta2.com\/?p=8837","title":{"rendered":"K\u0259lb\u0259c\u0259rd\u0259n son x\u0259b\u0259r"},"content":{"rendered":"<div class=\"n_top clear\">\n<div class=\"n_title\">\n<p>Erm\u0259nistan-Az\u0259rbaycan d\u00f6vl\u0259t s\u0259rh\u0259dind\u0259 Bak\u0131 vaxt\u0131 il\u0259 saat 10:00-dan etibar\u0259n at\u0259\u015fk\u0259sin elan olunmas\u0131 il\u0259 ba\u011fl\u0131 Rusiya t\u0259r\u0259finin t\u0259\u015f\u0259bb\u00fcs\u00fc t\u0259r\u0259fimizd\u0259n q\u0259bul edilib.<\/p>\n<p>&nbsp;<\/p>\n<p>Bu bar\u0259d\u0259 Az\u0259rbaycan M\u00fcdafi\u0259 Nazirliyind\u0259n m\u0259lumat verilib.<\/p>\n<p>&nbsp;<\/p>\n<p>Buna baxmayaraq Erm\u0259nistan t\u0259r\u0259fi \u0259lav\u0259 olaraq tank v\u0259 120 millimetrlik minaatanlardan istifad\u0259 etm\u0259kl\u0259 v\u0259ziyy\u0259ti g\u0259rginl\u0259\u015fdirm\u0259kd\u0259 v\u0259 m\u00f6vqel\u0259rimizi at\u0259\u015f\u0259 tutmaqda davam edir.<\/p>\n<p>&nbsp;<\/p>\n<\/div>\n<p>***<\/p>\n<p>&nbsp;<\/p>\n<p><span style=\"font-size: 18pt;\">K\u0259lb\u0259c\u0259r istiqam\u0259tind\u0259 g\u0259rginlik davam edir<\/span><\/p>\n<\/div>\n<div class=\"n_tp\"><\/div>\n<div class=\"vi_in_desc\">\n<div class=\"vi_text\">\n<p>\u0130yulun 28-i gec\u0259 saatlar\u0131nda Erm\u0259nistan silahl\u0131 q\u00fcvv\u0259l\u0259rinin K\u0259lb\u0259c\u0259r rayonu istiqam\u0259tind\u0259 ba\u015flad\u0131\u011f\u0131 t\u0259xribat\u0131n qar\u015f\u0131s\u0131n\u0131n al\u0131nmas\u0131 m\u0259qs\u0259dil\u0259 Az\u0259rbaycan Ordusunun h\u0259yata ke\u00e7irdiyi cavab t\u0259dbirl\u0259ri davam edir.<\/p>\n<\/div>\n<p>&nbsp;<\/p>\n<p>Bu haqda M\u00fcdafi\u0259 Nazirliyi m\u0259lumat yay\u0131b.<\/p>\n<p>&nbsp;<\/p>\n<div class=\"vi_text\">\n<p>M\u0259lumatda bildirilir ki, b\u00f6lm\u0259l\u0259rimiz t\u0259r\u0259find\u0259n qar\u015f\u0131 t\u0259r\u0259fin at\u0259\u015f n\u00f6qt\u0259l\u0259rinin neytralla\u015fd\u0131r\u0131lmas\u0131 istiqam\u0259tind\u0259 z\u0259ruri add\u0131mlar at\u0131lm\u0131\u015fd\u0131r.<\/p>\n<p>&nbsp;<\/p>\n<p>Erm\u0259nistan \u0259razisind\u0259 guya m\u00fclki obyektl\u0259r\u0259 z\u0259r\u0259rin yetirilm\u0259si bar\u0259d\u0259 x\u0259b\u0259rl\u0259r yaland\u0131r v\u0259 s\u0131rf dezinformasiya m\u0259qs\u0259di da\u015f\u0131y\u0131r. Erm\u0259nistan h\u0259rbi-siyasi r\u0259hb\u0259rliyi \u0259n\u0259n\u0259l\u0259rin\u0259 sadiq olaraq Erm\u0259nistan ictimaiyy\u0259tini v\u0259 beyn\u0259lxalq al\u0259mi \u00e7a\u015fd\u0131rmaq \u00fc\u00e7\u00fcn yalan m\u0259lumatlar yaymaqda davam edir.<br \/>\nErm\u0259nistan\u0131n h\u0259rbi-siyasi r\u0259hb\u0259rliyini iki \u00f6lk\u0259nin d\u00f6vl\u0259t s\u0259rh\u0259dind\u0259 h\u0259rbi avant\u00fcra m\u0259qs\u0259di da\u015f\u0131yan t\u0259xribatlar v\u0259 v\u0259ziyy\u0259ti q\u0259sd\u0259n g\u0259rginl\u0259\u015fdirm\u0259k\u00a0 \u0259m\u0259ll\u0259rind\u0259n \u00e7\u0259kinm\u0259y\u0259 v\u0259 sivil qaydada d\u00f6vl\u0259t s\u0259rh\u0259dinin delimitasiyas\u0131 \u00fczr\u0259 dan\u0131\u015f\u0131qlara ba\u015flama\u011fa \u00e7a\u011f\u0131r\u0131r\u0131q.<\/p>\n<p>&nbsp;<\/p>\n<p>Bir daha bildiririk ki, Erm\u0259nistan-Az\u0259rbaycan d\u00f6vl\u0259t s\u0259rh\u0259dind\u0259 v\u0259ziyy\u0259tin g\u0259rginl\u0259\u015fdirilm\u0259sin\u0259 g\u00f6r\u0259 m\u0259suliyy\u0259t tam olaraq Erm\u0259nistan\u0131n h\u0259rbi-siyasi r\u0259hb\u0259rliyinin \u00fcz\u0259rin\u0259 d\u00fc\u015f\u00fcr.<\/p>\n<p>&nbsp;<\/p>\n<p>Haz\u0131rda bu istiqam\u0259td\u0259 \u0259m\u0259liyyat \u015f\u0259raiti b\u00f6lm\u0259l\u0259rimizin n\u0259zar\u0259ti alt\u0131ndad\u0131r.<br \/>\nAz\u0259rbaycan Respublikas\u0131n\u0131n s\u0259rh\u0259dl\u0259rinin toxunulmazl\u0131\u011f\u0131n\u0131 t\u0259min etm\u0259k \u00fc\u00e7\u00fcn Erm\u0259nistan\u0131n b\u00fct\u00fcn t\u0259xribatlar\u0131n\u0131n qar\u015f\u0131s\u0131 bundan sonra da q\u0259tiyy\u0259tl\u0259 al\u0131nacaqd\u0131r.<\/p>\n<\/div>\n<\/div>\n<p>&nbsp;<\/p>\n<p>Qeyd ed\u0259k ki, \u00f6t\u0259n gec\u0259 ba\u015f ver\u0259n lokal d\u00f6y\u00fc\u015fl\u0259r n\u0259tic\u0259sind\u0259 Az\u0259rbaycan ordusunun iki h\u0259rb\u00e7isi yaralan\u0131b. Erm\u0259nistan t\u0259r\u0259fi is\u0259 \u00fc\u00e7 h\u0259rb\u00e7isinin h\u0259lak oldu\u011fu, ikisinin yaraland\u0131\u011f\u0131 bar\u0259d\u0259 m\u0259lumat yay\u0131b.<\/p>\n","protected":false},"excerpt":{"rendered":"<p>Erm\u0259nistan-Az\u0259rbaycan d\u00f6vl\u0259t s\u0259rh\u0259dind\u0259 Bak\u0131 vaxt\u0131 il\u0259 saat 10:00-dan etibar\u0259n at\u0259\u015fk\u0259sin elan olunmas\u0131 il\u0259 ba\u011fl\u0131 Rusiya t\u0259r\u0259finin t\u0259\u015f\u0259bb\u00fcs\u00fc t\u0259r\u0259fimizd\u0259n q\u0259bul edilib.<\/p>\n","protected":false},"author":1,"featured_media":8838,"comment_status":"closed","ping_status":"closed","sticky":false,"template":"","format":"standard","meta":{"_jetpack_memberships_contains_paid_content":false,"footnotes":""},"categories":[30,29],"tags":[],"class_list":["post-8837","post","type-post","status-publish","format-standard","has-post-thumbnail","hentry","category-gundm","category-manset"],"aioseo_notices":[],"jetpack_featured_media_url":"https:\/\/basta2.com\/wp-content\/uploads\/2021\/07\/27905732.jpg","jetpack_sharing_enabled":true,"_links":{"self":[{"href":"https:\/\/basta2.com\/index.php?rest_route=\/wp\/v2\/posts\/8837","targetHints":{"allow":["GET"]}}],"collection":[{"href":"https:\/\/basta2.com\/index.php?rest_route=\/wp\/v2\/posts"}],"about":[{"href":"https:\/\/basta2.com\/index.php?rest_route=\/wp\/v2\/types\/post"}],"author":[{"embeddable":true,"href":"https:\/\/basta2.com\/index.php?rest_route=\/wp\/v2\/users\/1"}],"replies":[{"embeddable":true,"href":"https:\/\/basta2.com\/index.php?rest_route=%2Fwp%2Fv2%2Fcomments&post=8837"}],"version-history":[{"count":4,"href":"https:\/\/basta2.com\/index.php?rest_route=\/wp\/v2\/posts\/8837\/revisions"}],"predecessor-version":[{"id":8842,"href":"https:\/\/basta2.com\/index.php?rest_route=\/wp\/v2\/posts\/8837\/revisions\/8842"}],"wp:featuredmedia":[{"embeddable":true,"href":"https:\/\/basta2.com\/index.php?rest_route=\/wp\/v2\/media\/8838"}],"wp:attachment":[{"href":"https:\/\/basta2.com\/index.php?rest_route=%2Fwp%2Fv2%2Fmedia&parent=8837"}],"wp:term":[{"taxonomy":"category","embeddable":true,"href":"https:\/\/basta2.com\/index.php?rest_route=%2Fwp%2Fv2%2Fcategories&post=8837"},{"taxonomy":"post_tag","embeddable":true,"href":"https:\/\/basta2.com\/index.php?rest_route=%2Fwp%2Fv2%2Ftags&post=8837"}],"curies":[{"name":"wp","href":"https:\/\/api.w.org\/{rel}","templated":true}]}}