{"id":8999,"date":"2021-08-10T09:26:04","date_gmt":"2021-08-10T06:26:04","guid":{"rendered":"http:\/\/basta2.com\/?p=8999"},"modified":"2021-08-10T09:26:46","modified_gmt":"2021-08-10T06:26:46","slug":"guneyli-yazici-%c9%99kb%c9%99r-azad-h%c9%99bs-olunub","status":"publish","type":"post","link":"https:\/\/basta2.com\/?p=8999","title":{"rendered":"G\u00fcneyli yaz\u0131\u00e7\u0131 \u018fkb\u0259r Azad h\u0259bs olunub"},"content":{"rendered":"<p>Tehranda ya\u015fayan tan\u0131nm\u0131\u015f yaz\u0131\u00e7\u0131 v\u0259 ziyal\u0131 \u018fkb\u0259r Azad avqustun 9-da Baharistan\u0131n D\u00f6vl\u0259t v\u0259 \u0130nqilab M\u0259hk\u0259m\u0259sin\u0259 getdikd\u0259n sonra m\u0259hk\u0259m\u0259 m\u0259murlar\u0131 t\u0259r\u0259find\u0259n saxlan\u0131l\u0131b v\u0259 nam\u0259lum yer\u0259 apar\u0131l\u0131b.<\/p>\n<p>&nbsp;<\/p>\n<p>Yax\u0131nlar\u0131n\u0131n bildirdiyin\u0259 g\u00f6r\u0259, o, z\u0259man\u0259t v\u0259siq\u0259sini d\u0259yi\u015fdirm\u0259k \u00fc\u00e7\u00fcn D\u00f6vl\u0259t v\u0259 \u0130nqilab M\u0259hk\u0259m\u0259sinin Q\u0259rarlar\u0131n \u0130cras\u0131 \u0130dar\u0259sinin 2-ci b\u00f6lm\u0259sin\u0259 gedib. M\u0259hk\u0259m\u0259 onun z\u0259man\u0259t v\u0259siq\u0259sinin d\u0259yi\u015fdirilm\u0259si il\u0259 raz\u0131la\u015fmay\u0131b v\u0259 yaz\u0131\u00e7\u0131 h\u0259bs olunub.<\/p>\n<p>&nbsp;<\/p>\n<p>Onun harada saxlan\u0131lmas\u0131 il\u0259 ba\u011fl\u0131 m\u0259lumat yoxdur. Yax\u0131nlar\u0131 \u018fkb\u0259r Azad\u0131n bundan \u00f6nc\u0259 ittiham olundu\u011fu 2 il h\u0259bs v\u0259 2 il s\u00fcrg\u00fcn c\u0259zas\u0131n\u0131n t\u0259tbiqi il\u0259 ba\u011fl\u0131 saxlan\u0131ld\u0131\u011f\u0131n\u0131 ehtimal edirl\u0259r.<\/p>\n<p>&nbsp;<\/p>\n<p>Azad m\u00fcxt\u0259lif x\u0259st\u0259likl\u0259rd\u0259n, o c\u00fcml\u0259d\u0259n d\u0259ri x\u0259r\u00e7\u0259ngind\u0259n \u0259ziyy\u0259t \u00e7\u0259kir v\u0259 davaml\u0131 m\u00fcalic\u0259y\u0259 ehtiyac\u0131 var. Onun yax\u0131nlar\u0131 h\u0259bsxana \u015f\u0259rayitind\u0259 onun sa\u011flaml\u0131 durumunun pisl\u0259\u015f\u0259c\u0259yind\u0259n narahat olduqlar\u0131n\u0131 deyirl\u0259r.<\/p>\n<p>&nbsp;<\/p>\n<p>Qeyd ed\u0259k ki, \u018fkb\u0259r Azad, Behnam \u015eeyxi v\u0259 H\u0259mid M\u0259nafi v\u0259 \u018flirza F\u0259r\u015fi il\u0259 birlikd\u0259 2014-c\u00fc ild\u0259 Beyn\u0259lxalq Ana Dili G\u00fcn\u00fc m\u0259rasimind\u0259 i\u015ftirak etdikl\u0259ri \u00fc\u00e7\u00fcn h\u0259bs olunmu\u015fdular.<\/p>\n<p>&nbsp;<\/p>\n<p>Onlar\u0131n h\u0259r biri &#8220;Milli t\u0259hl\u00fck\u0259sizliy\u0259 qar\u015f\u0131 qrup v\u0259 fraksiyalara \u00fczv olmaq&#8221;da ittiham olunaraq Tehran m\u0259hk\u0259m\u0259sinin q\u0259rar\u0131 il\u0259 2 il h\u0259bs c\u0259zas\u0131na m\u0259hkum edilm\u0131\u015fdi.<\/p>\n<p>&nbsp;<\/p>\n<p>G\u00fcnaz TV<\/p>\n","protected":false},"excerpt":{"rendered":"<p>Tehranda ya\u015fayan tan\u0131nm\u0131\u015f yaz\u0131\u00e7\u0131 v\u0259 ziyal\u0131 \u018fkb\u0259r Azad avqustun 9-da Baharistan\u0131n D\u00f6vl\u0259t v\u0259 \u0130nqilab M\u0259hk\u0259m\u0259sin\u0259 getdikd\u0259n sonra m\u0259hk\u0259m\u0259 m\u0259murlar\u0131 t\u0259r\u0259find\u0259n<\/p>\n","protected":false},"author":1,"featured_media":9000,"comment_status":"closed","ping_status":"closed","sticky":false,"template":"","format":"standard","meta":{"_jetpack_memberships_contains_paid_content":false,"footnotes":""},"categories":[29],"tags":[],"class_list":["post-8999","post","type-post","status-publish","format-standard","has-post-thumbnail","hentry","category-manset"],"aioseo_notices":[],"jetpack_featured_media_url":"https:\/\/basta2.com\/wp-content\/uploads\/2021\/08\/ekber-azad.jpg","jetpack_sharing_enabled":true,"_links":{"self":[{"href":"https:\/\/basta2.com\/index.php?rest_route=\/wp\/v2\/posts\/8999","targetHints":{"allow":["GET"]}}],"collection":[{"href":"https:\/\/basta2.com\/index.php?rest_route=\/wp\/v2\/posts"}],"about":[{"href":"https:\/\/basta2.com\/index.php?rest_route=\/wp\/v2\/types\/post"}],"author":[{"embeddable":true,"href":"https:\/\/basta2.com\/index.php?rest_route=\/wp\/v2\/users\/1"}],"replies":[{"embeddable":true,"href":"https:\/\/basta2.com\/index.php?rest_route=%2Fwp%2Fv2%2Fcomments&post=8999"}],"version-history":[{"count":2,"href":"https:\/\/basta2.com\/index.php?rest_route=\/wp\/v2\/posts\/8999\/revisions"}],"predecessor-version":[{"id":9002,"href":"https:\/\/basta2.com\/index.php?rest_route=\/wp\/v2\/posts\/8999\/revisions\/9002"}],"wp:featuredmedia":[{"embeddable":true,"href":"https:\/\/basta2.com\/index.php?rest_route=\/wp\/v2\/media\/9000"}],"wp:attachment":[{"href":"https:\/\/basta2.com\/index.php?rest_route=%2Fwp%2Fv2%2Fmedia&parent=8999"}],"wp:term":[{"taxonomy":"category","embeddable":true,"href":"https:\/\/basta2.com\/index.php?rest_route=%2Fwp%2Fv2%2Fcategories&post=8999"},{"taxonomy":"post_tag","embeddable":true,"href":"https:\/\/basta2.com\/index.php?rest_route=%2Fwp%2Fv2%2Ftags&post=8999"}],"curies":[{"name":"wp","href":"https:\/\/api.w.org\/{rel}","templated":true}]}}