{"id":9093,"date":"2021-08-16T15:15:23","date_gmt":"2021-08-16T12:15:23","guid":{"rendered":"http:\/\/basta2.com\/?p=9093"},"modified":"2021-08-16T17:20:35","modified_gmt":"2021-08-16T14:20:35","slug":"tofiq-zulfuqarov-az%c9%99rbaycan-lacini-n%c9%99zar%c9%99t%c9%99-goturm%c9%99kd%c9%99-haqlidir","status":"publish","type":"post","link":"https:\/\/basta2.com\/?p=9093","title":{"rendered":"Tofiq Z\u00fclf\u00fcqarov: \u201cAz\u0259rbaycan La\u00e7\u0131n\u0131 n\u0259zar\u0259t\u0259 g\u00f6t\u00fcrm\u0259kd\u0259 haql\u0131d\u0131r\u201d"},"content":{"rendered":"<p>\u0130lham \u018fliyevin\u00a0 CNN Turk-\u0259 m\u00fcsahib\u0259sind\u0259 Rusiya s\u00fclhm\u0259raml\u0131lar\u0131n\u0131n \u00fcnvan\u0131na s\u0259sl\u0259ndirdiyi t\u0259nqid \u0259sasl\u0131d\u0131r. Bu fikri Turan agentliyin\u0259 \u00f6lk\u0259nin ke\u00e7mi\u015f xarici i\u015fl\u0259r naziri Tofiq Z\u00fclf\u00fcqarov bildirib.<\/p>\n<p>&nbsp;<\/p>\n<p>&nbsp;<\/p>\n<p>\u018fliyev Rusiya s\u00fclhm\u0259raml\u0131alr\u0131n\u0131n \u00fcnvan\u0131na \u0259vv\u0259ll\u0259r d\u0259 t\u0259nqid s\u0259sl\u0259ndirib, ancaq bu d\u0259f\u0259 daha s\u0259rt olub, Z\u00fclf\u00fcqarov bel\u0259 hesab edir.<\/p>\n<p>&nbsp;<\/p>\n<p>&nbsp;<\/p>\n<p>O xat\u0131rlad\u0131b ki, \u0259n\u0259n\u0259vi beyn\u0259lxalq \u0259m\u0259liyyatlardan f\u0259rqli olaraq, Qaraba\u011fda s\u00fclhm\u0259raml\u0131lar\u0131n onlar\u0131n f\u0259aliyy\u0259tini t\u0259nziml\u0259y\u0259n mandat\u0131 yoxdur. Bu, m\u00fcharib\u0259nin ba\u015fa \u00e7atmas\u0131 \u00fc\u00e7\u00fcn t\u0259cili q\u0259rarlar\u0131n z\u0259ruriliyil\u0259 ba\u011fl\u0131 idi.<\/p>\n<p>&nbsp;<\/p>\n<p>&nbsp;<\/p>\n<p>S\u00fclh\u00fcn qorunmas\u0131 \u00fczr\u0259 \u0259m\u0259liyyatlar iki n\u00f6v olur: t\u0259hl\u00fck\u0259sizlik t\u0259dbirl\u0259rinin t\u0259min edilm\u0259si \u00fczr\u0259 v\u0259 onlar q\u0259bul ed\u0259n t\u0259r\u0259fin suverenliyin\u0259 tam h\u00f6rm\u0259tl\u0259 h\u0259yata ke\u00e7irilir v\u0259 Birl\u0259\u015fmi\u015f Mill\u0259tl\u0259r T\u0259\u015fkilat\u0131n\u0131n q\u0259rar\u0131 il\u0259 h\u0259yata ke\u00e7iril\u0259n v\u0259 suverenliyin m\u0259hdudla\u015fd\u0131r\u0131lmas\u0131na imkan ver\u0259n &#8220;s\u00fclh\u0259 m\u0259cburetm\u0259&#8221; \u0259m\u0259liyyatlar\u0131 da var.<\/p>\n<p>&nbsp;<\/p>\n<p>&nbsp;<\/p>\n<p>Rusiya s\u00fclhm\u0259raml\u0131lar\u0131n\u0131n missiyas\u0131 birinci n\u00f6v\u0259 aiddir v\u0259 bu missiya Az\u0259rbaycan \u0259razisind\u0259 ke\u00e7irilir v\u0259 bu, Rusiya da daxil olmaqla he\u00e7 kim t\u0259r\u0259find\u0259n \u015f\u00fcbh\u0259 alt\u0131na al\u0131nm\u0131r. Bununla da Bak\u0131 beyn\u0259lxalq h\u00fcquqa uy\u011fun olaraq \u00f6z \u0259razisin\u0259 La\u00e7\u0131n vasit\u0259sil\u0259 giri\u015f-\u00e7\u0131x\u0131\u015fa n\u0259zar\u0259t t\u0259l\u0259b edir.<\/p>\n<p>&nbsp;<\/p>\n<p>&nbsp;<\/p>\n<p>&#8220;La\u00e7\u0131n d\u0259hlizind\u0259 Az\u0259rbaycan v\u0259 Rusiya h\u0259rb\u00e7il\u0259rinin birg\u0259 n\u0259zar\u0259ti olmal\u0131d\u0131r. Rusiya s\u00fclhm\u0259raml\u0131lar\u0131 t\u0259hl\u00fck\u0259sizliyi t\u0259min etm\u0259lidirl\u0259r, Az\u0259rbaycan t\u0259r\u0259fi is\u0259 \u00f6lk\u0259y\u0259 g\u0259l\u0259n y\u00fckl\u0259r\u0259 d\u0259 n\u0259zar\u0259t etm\u0259lidir.<\/p>\n<p>&nbsp;<\/p>\n<p>&nbsp;<\/p>\n<p>D\u0259hliz humanitar oldu\u011fu \u00fc\u00e7\u00fcn h\u0259rbi t\u0259yinatl\u0131 y\u00fckl\u0259r, x\u00fcsus\u0259n d\u0259 h\u0259rbi qulluq\u00e7ular bu d\u0259hliz vasit\u0259sil\u0259 da\u015f\u0131na bilm\u0259z. \u018fcn\u0259bil\u0259rin giri\u015fi Az\u0259rbaycan\u0131n r\u0259smi s\u0259rh\u0259d prosedurlar\u0131na uy\u011fun olaraq h\u0259yata ke\u00e7irilm\u0259lidir.<\/p>\n<p>&nbsp;<\/p>\n<p>&nbsp;<\/p>\n<p>S\u0259rh\u0259ddi ke\u00e7m\u0259 il\u0259 ba\u011fl\u0131 x\u00fcsusi qayda Az\u0259rbaycan \u0259razisind\u0259 ya\u015fayan erm\u0259ni mill\u0259tind\u0259n olan \u015f\u0259xsl\u0259r \u00fc\u00e7\u00fcn m\u00fcv\u0259qq\u0259ti olaraq f\u0259aliyy\u0259t g\u00f6st\u0259r\u0259 bil\u0259r&#8221;, &#8211; Z\u00fclf\u00fcqarov qeyd edib.<\/p>\n<p>&nbsp;<\/p>\n<p>&nbsp;<\/p>\n<p>\u018fg\u0259r Bak\u0131n\u0131n t\u0259l\u0259bl\u0259ri n\u0259z\u0259r\u0259 al\u0131nmasa, Az\u0259rbaycan birg\u0259 b\u0259yanatdan \u00e7\u0131xa bil\u0259rmi?<\/p>\n<p>&nbsp;<\/p>\n<p>&nbsp;<\/p>\n<p>Z\u00fclf\u00fcqarov bu sual\u0131n cavab\u0131nda bildirib ki, \u0259g\u0259r Erm\u0259nistan b\u0259yanat\u0131n b\u0259ndl\u0259rin\u0259 \u0259m\u0259l etmirs\u0259, h\u0259rb\u00e7il\u0259rini Qaraba\u011fdan tam \u00e7\u0131xarmaqdan imtina edirs\u0259 v\u0259 Z\u0259ng\u0259zur d\u0259hlizinin a\u00e7\u0131lmas\u0131na raz\u0131l\u0131q vermirs\u0259, Az\u0259rbaycan da \u00f6z\u00fcn\u00fc \u00f6hd\u0259likl\u0259rd\u0259n azad hesab ed\u0259 bil\u0259r.<\/p>\n<p>&nbsp;<\/p>\n<p>&nbsp;<\/p>\n<p>Z\u00fclf\u00fcqarovun s\u00f6zl\u0259rin\u0259 g\u00f6r\u0259, Az\u0259rbaycan \u00f6hd\u0259likl\u0259ri pozmur v\u0259 Rusiya s\u00fclhm\u0259raml\u0131lar\u0131n\u0131n erm\u0259ni sakinl\u0259rin t\u0259hl\u00fck\u0259sizliyini t\u0259min etm\u0259si \u00fczr\u0259 f\u0259aliyy\u0259ti h\u0259yata ke\u00e7irm\u0259sin\u0259 mane olmur.<\/p>\n<p>&nbsp;<\/p>\n<p>&nbsp;<\/p>\n<p>Haz\u0131rda Qaraba\u011f\u0131n depopulyasiyas\u0131 ba\u015f verir v\u0259 son bir ay \u0259rzind\u0259 regionu be\u015f min n\u0259f\u0259rd\u0259n \u00e7ox adam t\u0259rk edib.<\/p>\n<p>&nbsp;<\/p>\n<p>&nbsp;<\/p>\n<p>Diplomat hesab edir ki, erm\u0259ni h\u0259rb\u00e7il\u0259rin Qaraba\u011fa k\u00f6\u00e7\u00fcr\u00fclm\u0259si m\u0259hz regionun depopulyasiyas\u0131 il\u0259 ba\u011fl\u0131d\u0131r.<\/p>\n<p>&nbsp;<\/p>\n<p>&nbsp;<\/p>\n<p>Son vaxtlar Erm\u0259nistan\u0131n m\u00f6vqeyinin s\u0259rtl\u0259\u015fm\u0259si v\u0259 Az\u0259rbaycan m\u00f6vqel\u0259rinin at\u0259\u015f\u0259 tutulmas\u0131 n\u0259 il\u0259 \u0259laq\u0259dard\u0131r?<\/p>\n<p>&nbsp;<\/p>\n<p>&nbsp;<\/p>\n<p>Z\u00fclf\u00fcqarov bu sual\u0131n cavab\u0131nda deyib ki, s\u00fclh m\u00fcqavil\u0259si m\u00fctl\u0259q t\u0259r\u0259fl\u0259rin \u0259razi b\u00fct\u00f6vl\u00fcy\u00fcn\u00fcn qar\u015f\u0131l\u0131ql\u0131 tan\u0131nmas\u0131n\u0131 n\u0259z\u0259rd\u0259 tutur. Yerevan buna haz\u0131r deyil v\u0259 h\u0259r v\u0259chl\u0259 Qaraba\u011f\u0131n \u00f6z\u00fcn\u00fct\u0259yinetm\u0259 tezisini canland\u0131rma\u011fa \u00e7al\u0131\u015f\u0131r.<\/p>\n<p>&nbsp;<\/p>\n<p>&nbsp;<\/p>\n<p>\u0130ndiki v\u0259ziyy\u0259td\u0259 AT\u018fT-in Minsk Qrupu hans\u0131sa rol oynaya bil\u0259rmi?<\/p>\n<p>&nbsp;<\/p>\n<p>&nbsp;<\/p>\n<p>Z\u00fclf\u00fcqarovun fikrinc\u0259, Minsk Qrupunun g\u0259l\u0259c\u0259k taleyi Az\u0259rbaycandan as\u0131l\u0131d\u0131r. Vaxtil\u0259 Bak\u0131 m\u00fcnaqi\u015f\u0259nin h\u0259llind\u0259 vasit\u0259\u00e7ilik bar\u0259d\u0259 xahi\u015f etmi\u015fdi. Ancaq bu, n\u0259tic\u0259 verm\u0259di v\u0259 Az\u0259rbaycan \u00f6z\u00fc m\u00fcnaqi\u015f\u0259ni h\u0259ll etdi.<\/p>\n<p>&nbsp;<\/p>\n<p>&nbsp;<\/p>\n<p>Yeni m\u00fcharib\u0259 ehtimal\u0131 varm\u0131 sual\u0131na diplomat m\u00fcsb\u0259t cavab verib. \u018fg\u0259r Yerevan bundan sonra da s\u00fclh m\u00fcqavil\u0259sinin imzalanmas\u0131ndan, n\u0259qliyyat kommunikasiyalar\u0131n\u0131n b\u0259rpas\u0131ndan, Erm\u0259nistan v\u0259 Az\u0259rbaycan\u0131n \u0259razi b\u00fct\u00f6vl\u00fcy\u00fcn\u00fcn qar\u015f\u0131l\u0131ql\u0131 sur\u0259td\u0259 tan\u0131nmas\u0131ndan, s\u0259rh\u0259dl\u0259rin delimitasiyas\u0131 v\u0259 demarkasiyas\u0131 prosesind\u0259n boyun qa\u00e7\u0131rarsa v\u0259 t\u0259cav\u00fczkar h\u0259r\u0259k\u0259tl\u0259ri davam etdir\u0259rs\u0259, t\u0259hl\u00fck\u0259sizliy\u0259 t\u0259hdid yaradarsa, Bak\u0131 buna adekvat reaksiya verm\u0259kd\u0259 haql\u0131 olacaq.<\/p>\n<p>&nbsp;<\/p>\n<p>&nbsp;<\/p>\n<p>Turan<\/p>\n","protected":false},"excerpt":{"rendered":"<p>\u0130lham \u018fliyevin\u00a0 CNN Turk-\u0259 m\u00fcsahib\u0259sind\u0259 Rusiya s\u00fclhm\u0259raml\u0131lar\u0131n\u0131n \u00fcnvan\u0131na s\u0259sl\u0259ndirdiyi t\u0259nqid \u0259sasl\u0131d\u0131r. Bu fikri Turan agentliyin\u0259 \u00f6lk\u0259nin ke\u00e7mi\u015f xarici i\u015fl\u0259r naziri<\/p>\n","protected":false},"author":1,"featured_media":9094,"comment_status":"closed","ping_status":"closed","sticky":false,"template":"","format":"standard","meta":{"_jetpack_memberships_contains_paid_content":false,"footnotes":""},"categories":[29,36],"tags":[],"class_list":["post-9093","post","type-post","status-publish","format-standard","has-post-thumbnail","hentry","category-manset","category-siyast"],"aioseo_notices":[],"jetpack_featured_media_url":"https:\/\/basta2.com\/wp-content\/uploads\/2021\/08\/081600036992.jpg","jetpack_sharing_enabled":true,"_links":{"self":[{"href":"https:\/\/basta2.com\/index.php?rest_route=\/wp\/v2\/posts\/9093","targetHints":{"allow":["GET"]}}],"collection":[{"href":"https:\/\/basta2.com\/index.php?rest_route=\/wp\/v2\/posts"}],"about":[{"href":"https:\/\/basta2.com\/index.php?rest_route=\/wp\/v2\/types\/post"}],"author":[{"embeddable":true,"href":"https:\/\/basta2.com\/index.php?rest_route=\/wp\/v2\/users\/1"}],"replies":[{"embeddable":true,"href":"https:\/\/basta2.com\/index.php?rest_route=%2Fwp%2Fv2%2Fcomments&post=9093"}],"version-history":[{"count":1,"href":"https:\/\/basta2.com\/index.php?rest_route=\/wp\/v2\/posts\/9093\/revisions"}],"predecessor-version":[{"id":9095,"href":"https:\/\/basta2.com\/index.php?rest_route=\/wp\/v2\/posts\/9093\/revisions\/9095"}],"wp:featuredmedia":[{"embeddable":true,"href":"https:\/\/basta2.com\/index.php?rest_route=\/wp\/v2\/media\/9094"}],"wp:attachment":[{"href":"https:\/\/basta2.com\/index.php?rest_route=%2Fwp%2Fv2%2Fmedia&parent=9093"}],"wp:term":[{"taxonomy":"category","embeddable":true,"href":"https:\/\/basta2.com\/index.php?rest_route=%2Fwp%2Fv2%2Fcategories&post=9093"},{"taxonomy":"post_tag","embeddable":true,"href":"https:\/\/basta2.com\/index.php?rest_route=%2Fwp%2Fv2%2Ftags&post=9093"}],"curies":[{"name":"wp","href":"https:\/\/api.w.org\/{rel}","templated":true}]}}